{"id":29109,"date":"2017-02-01T14:12:58","date_gmt":"2017-02-01T13:12:58","guid":{"rendered":"https:\/\/intelligent-friend-7861.standoutwp.com\/?p=29109"},"modified":"2017-02-01T17:49:31","modified_gmt":"2017-02-01T16:49:31","slug":"ryska-nationalbalettens-svanar-i-de-geer-recension","status":"publish","type":"post","link":"https:\/\/www.kultursidan.nu\/?p=29109","title":{"rendered":"Ryska Nationalbalettens svanar i De Geer (recension)"},"content":{"rendered":"<p><img loading=\"lazy\" decoding=\"async\" class=\"alignnone size-medium wp-image-29117\" src=\"https:\/\/www.kultursidan.nu\/wp-content\/uploads\/2017\/02\/DSC_7556-567x378.jpg\" alt=\"\" width=\"567\" height=\"378\" srcset=\"https:\/\/www.kultursidan.nu\/wp-content\/uploads\/2017\/02\/DSC_7556-567x378.jpg 567w, https:\/\/www.kultursidan.nu\/wp-content\/uploads\/2017\/02\/DSC_7556-768x512.jpg 768w, https:\/\/www.kultursidan.nu\/wp-content\/uploads\/2017\/02\/DSC_7556-1024x682.jpg 1024w, https:\/\/www.kultursidan.nu\/wp-content\/uploads\/2017\/02\/DSC_7556-500x333.jpg 500w, https:\/\/www.kultursidan.nu\/wp-content\/uploads\/2017\/02\/DSC_7556-150x100.jpg 150w, https:\/\/www.kultursidan.nu\/wp-content\/uploads\/2017\/02\/DSC_7556.jpg 1280w\" sizes=\"auto, (max-width: 567px) 100vw, 567px\" \/><br \/>\n<em> M\u00f6rkrets makter. Trollkarlen Rothbart jagar prinsessan Odette.<\/em><\/p>\n<p>&nbsp;<\/p>\n<h1><span style=\"color: #ff0000;\">D\u00e5 f\u00e5r dansen betydelse<\/span><\/h1>\n<p>&nbsp;<\/p>\n<p>RECENSION\/NORRK\u00d6PING <strong>Fj\u00e4derl\u00e4tt balettdans.<\/strong> Ryska Nationalbaletten dansade i kampen mellan det onda och k\u00e4rleken. N\u00e4r rid\u00e5n g\u00e5r upp i De Geerhallen p\u00e5 s\u00f6ndagskv\u00e4llen verkar det lovande; det \u00e4r r\u00f6kigt, som dimma i en skog \u2013 och i m\u00f6rkret skymtar en vitkl\u00e4dd dans\u00f6s.<\/p>\n<p><strong>Jag har aldrig varit p\u00e5 balett f\u00f6rut och f\u00f6rest\u00e4ller mig<\/strong> <strong>att det ska vara lite som ordl\u00f6s teater, <\/strong>d\u00e4r dansstegen (och piruetterna!) blir en del av kroppsspr\u00e5ket. Jag f\u00f6rest\u00e4ller mig att en ber\u00e4ttelse ska ber\u00e4ttas \u2013 genom dansen. Och n\u00e4r rid\u00e5n g\u00e5r upp i De Geerhallen p\u00e5 s\u00f6ndagskv\u00e4llen verkar det lovande; det \u00e4r r\u00f6kigt, som dimma i en skog \u2013 och i m\u00f6rkret skymtar en vitkl\u00e4dd dans\u00f6s, som har en svart\/r\u00f6dkl\u00e4dd gestalt efter sig. Det m\u00e5ste ju vara trollkarlen Rothbart som jagar prinsessan Odette!<\/p>\n<p>B\u00e5de scenografin och den inspelade musiken av Tjajkovskij f\u00f6rst\u00e4rker k\u00e4nslan av att han \u00e4r farlig. Odette, vars kjol vippar som en prydande fj\u00e4derdr\u00e4kt, verkar redan h\u00e4r ha blivit f\u00f6rvandlad till en vit svan. Hennes uttryck pr\u00e4glas genom hela f\u00f6rest\u00e4llningen av finst\u00e4md f\u00f6rtvivlan och oskuldsfull f\u00f6rsiktighet. Den inledande sp\u00e4nnande scenen \u00e4r dock snabbt slut och utbytt till n\u00e5gon slags slottscen, kanske bal.<\/p>\n<p>&nbsp;<\/p>\n<p><a title=\"Svansj\u00f6n\" href=\"https:\/\/www.flickr.com\/photos\/kultursidan\/31834123853\/in\/album-72157676250241443\/\"><img loading=\"lazy\" decoding=\"async\" src=\"https:\/\/c1.staticflickr.com\/1\/427\/31834123853_5e9e4c5c0e.jpg\" alt=\"Svansj\u00f6n\" width=\"333\" height=\"500\" \/><\/a><br \/>\n<em> F\u00e5ngad i \u00f6gonblicket. Svansj\u00f6n rymmer mycket vacker dans.<\/em><\/p>\n<p>&nbsp;<\/p>\n<p><strong>Till min besvikelse \u00e4r det ocks\u00e5 h\u00e4r \u2013 p\u00e5 slottet \u2013<\/strong> som en stor del av f\u00f6rest\u00e4llningen utspelar sig. Visst \u00e4r prins Siegfried snygg med sina v\u00e4lsvarvade muskler som skymtar genom byxtyget, och \u00e4nd\u00e5 hoppar han s\u00e5 fj\u00e4derl\u00e4tt i dansen. M\u00e5nga eleganta damer har han ocks\u00e5 omkring sig, med ena kl\u00e4nningen tjusigare \u00e4n den andra.<\/p>\n<p>Jag upplever det dock sv\u00e5rt att h\u00e4nga med i n\u00e5gon handling h\u00e4r, det \u00e4r mest en massa vacker dans. Tv\u00e5 kvinnor har rosa kjolar och sticker ut p\u00e5 det s\u00e4ttet, men vilka \u00e4r de? En narr piggar upp det sl\u00e4tstrukna, men vad \u00e4r det egentligen fr\u00e5ga om?<\/p>\n<p><strong>N\u00e4r jag var liten s\u00e5g jag <em>Svanprinsessan<\/em> (1994) som film<\/strong>, regisserad av Richard Rich som tidigare arbetat p\u00e5 Disney. Baletten hade dock urpremi\u00e4r redan 1877 p\u00e5 Bolsjojteatern i Moskva och blev popul\u00e4r 1895 p\u00e5 Mariinskijteatern i\u00a0<a href=\"https:\/\/sv.wikipedia.org\/wiki\/Sankt_Petersburg\">Sankt Petersburg<\/a>. D\u00e5 hade Julius Reisingers koreografi f\u00f6rnyats av Marius Petipa och Lev Ivanon. Den italienska ballerinan Pierina Legnani \u2013 som anses vara en av de skickligaste genom tiderna \u2013 hade dubbel huvudroll.<\/p>\n<p>Svansj\u00f6n bygger p\u00e5 ett libretto av Vladimir Begitjev och Vasilij Geltser, som inspirerats av en gammal legend, antingen germansk eller slavisk. Handlingen g\u00e5r ut p\u00e5 att prins Siegfried f\u00f6r\u00e4lskar sig i den vackra, vita svanen som egentligen \u00e4r prinsessas Odette. \u00c4kta k\u00e4rlek kan r\u00e4dda Odette \u2013 men den onde trollkarlen Rothbarts m\u00f6rka dotter Odile \u00e4r ett hinder. Prinsen kan n\u00e4mligen f\u00e5 f\u00f6r sig att <em>hon<\/em> \u00e4r Odette!<\/p>\n<p>&nbsp;<\/p>\n<p><a title=\"Svansj\u00f6n\" href=\"https:\/\/www.flickr.com\/photos\/kultursidan\/32523835801\/in\/album-72157676250241443\/\"><img loading=\"lazy\" decoding=\"async\" src=\"https:\/\/c1.staticflickr.com\/1\/765\/32523835801_ac0a507215.jpg\" alt=\"Svansj\u00f6n\" width=\"500\" height=\"333\" \/><\/a><br \/>\n<em>Partaj. Dansarna \u00e4r mer \u00e4n vita svanar, de gestaltar \u00e4ven hovet i slottet.<\/em><\/p>\n<p>&nbsp;<\/p>\n<p><strong>N\u00e4r Ryska Nationalbaletten, som enligt marknadsf\u00f6ringen s\u00e4gs vara ett av v\u00e4rldens fr\u00e4msta balettkompanier,<\/strong> dansar p\u00e5 Louis De Geer tycker jag ocks\u00e5 att beh\u00e5llningen ligger i de scener som tar fasta p\u00e5 sp\u00e4nningen i ber\u00e4ttelsen.<\/p>\n<p>Den svarta svanen stormar in med imponerande intensitet och blir en h\u00e4ftig kontrast till br\u00e4ckliga Odette. Rollerna dansas av tv\u00e5 olika ballerinor, b\u00e5da skickliga och med k\u00e4nsla f\u00f6r respektive karakt\u00e4r.<\/p>\n<p>Trots att jag egentligen inte \u00e4r s\u00e5 f\u00f6rtjust i ondska uppskattar jag ocks\u00e5 n\u00e4r Rothbart dyker upp, f\u00f6r d\u00e5 f\u00e5r dansen betydelse och blir inte bara intets\u00e4gande t\u00e5trippande i takt. Vackrast \u2013 med betydelse \u2013 \u00e4r dock de m\u00f6rka scenerna som lyses upp av m\u00e5nga vita svanar som r\u00f6r sig synkroniserat eller tillsammans skapar formationer i scenbilden. Wow!<\/p>\n<p>\u00a9 <em>Text: Melinda Reyes Hiltunen<\/em><br \/>\n\u00a9 <em>Foto: Human Golmohammadi<\/em><\/p>\n<p>BILDSPEL (FLASH) \u2013 KLICKA P\u00c5 BILDEN <em><br \/>\nALT\/MOBIL: SE BILDSPELET <a title=\"Bildspel\" href=\"https:\/\/www.flickr.com\/photos\/kultursidan\/sets\/72157676250241443\/show\/\" target=\"_blank\">H\u00c4R<\/a><\/em><br \/>\n<object width=\"400\" height=\"300\"><param name=\"flashvars\" value=\"offsite=true&amp;lang=en-us&amp;page_show_url=%2Fphotos%2Fkultursidan%2Fsets%2F72157676250241443%2Fshow%2F&amp;page_show_back_url=%2Fphotos%2Fkultursidan%2Fsets%2F72157676250241443%2F&amp;set_id=72157676250241443&amp;jump_to=\" \/><param name=\"movie\" value=\"https:\/\/www.flickr.com\/apps\/slideshow\/show.swf?v=1811922554\" \/><param name=\"allowFullScreen\" value=\"true\" \/><\/object><\/p>\n<blockquote><p>&nbsp;<\/p>\n<h3><em>DE GEERHALLEN Norrk\u00f6ping<\/em><\/h3>\n<p>29 januari 2017 kl 18<em><br \/>\n<strong>Svansj\u00f6n<\/strong><\/em><br \/>\n<em>Musik av Tjajkovskij<\/em><br \/>\n<em>Koreografi: Lev Ivanov och Marius Petipa<\/em><\/p>\n<p style=\"padding-left: 60px;\"><em>MEDVERKANDE<\/em><br \/>\n<em>Ryska Nationalbaletten i Moskva<\/em><br \/>\n<em>Solodansare: Liudmila Titova, Olga Pavlova, Sergei Skvortsov, Aleexey Konkin, Sergei Fedorkov<\/em><\/p>\n<p><em>\u00c4ven i Konsert &amp; Kongress i Link\u00f6ping 30\/1 kl 19.30<\/em><\/p>\n<p><em>En inspelad Svansj\u00f6n fr\u00e5n Bolsjojteatern visas p\u00e5 Cnema s\u00f6ndag 5\/2<\/em><\/p><\/blockquote>\n<p>L\u00c4NKAR<br \/>\nSvansj\u00f6n kommer till De Geerhallen <a href=\"https:\/\/www.kultursidan.nu\/?p=28931\" target=\"_blank\">KortKort<\/a> Kultursidan.nu 23\/1 2017<br \/>\nStark Svansj\u00f6n fr\u00e5n Moskva p\u00e5 Cnema <a href=\"https:\/\/www.kultursidan.nu\/?p=18655\" target=\"_blank\">recension<\/a> Kultursidan.nu 27\/1 2015<\/p>\n","protected":false},"excerpt":{"rendered":"<p>NORRK\u00d6PING Fj\u00e4derl\u00e4tt balettdans. Ryska Nationalbaletten dansade i kampen mellan det onda och k\u00e4rleken. N\u00e4r rid\u00e5n g\u00e5r upp i De Geerhallen p\u00e5 s\u00f6ndagskv\u00e4llen verkar det lovande; det \u00e4r r\u00f6kigt, som dimma i en skog \u2013 och i m\u00f6rkret skymtar en vitkl\u00e4dd dans\u00f6s. <a class=\"continue-reading-link\" href=\"https:\/\/www.kultursidan.nu\/?p=29109\">L\u00e4s mer <span class=\"meta-nav\">&rarr; <\/span><\/a><\/p>\n","protected":false},"author":1001006,"featured_media":0,"comment_status":"closed","ping_status":"open","sticky":false,"template":"","format":"standard","meta":{"_jetpack_memberships_contains_paid_content":false,"footnotes":""},"categories":[55,7],"tags":[41,12],"class_list":["post-29109","post","type-post","status-publish","format-standard","hentry","category-linkoping","category-norrkoping","tag-dans","tag-teater"],"jetpack_featured_media_url":"","jetpack_sharing_enabled":true,"_links":{"self":[{"href":"https:\/\/www.kultursidan.nu\/index.php?rest_route=\/wp\/v2\/posts\/29109","targetHints":{"allow":["GET"]}}],"collection":[{"href":"https:\/\/www.kultursidan.nu\/index.php?rest_route=\/wp\/v2\/posts"}],"about":[{"href":"https:\/\/www.kultursidan.nu\/index.php?rest_route=\/wp\/v2\/types\/post"}],"author":[{"embeddable":true,"href":"https:\/\/www.kultursidan.nu\/index.php?rest_route=\/wp\/v2\/users\/1001006"}],"replies":[{"embeddable":true,"href":"https:\/\/www.kultursidan.nu\/index.php?rest_route=%2Fwp%2Fv2%2Fcomments&post=29109"}],"version-history":[{"count":0,"href":"https:\/\/www.kultursidan.nu\/index.php?rest_route=\/wp\/v2\/posts\/29109\/revisions"}],"wp:attachment":[{"href":"https:\/\/www.kultursidan.nu\/index.php?rest_route=%2Fwp%2Fv2%2Fmedia&parent=29109"}],"wp:term":[{"taxonomy":"category","embeddable":true,"href":"https:\/\/www.kultursidan.nu\/index.php?rest_route=%2Fwp%2Fv2%2Fcategories&post=29109"},{"taxonomy":"post_tag","embeddable":true,"href":"https:\/\/www.kultursidan.nu\/index.php?rest_route=%2Fwp%2Fv2%2Ftags&post=29109"}],"curies":[{"name":"wp","href":"https:\/\/api.w.org\/{rel}","templated":true}]}}