{"id":29200,"date":"2017-02-05T17:49:05","date_gmt":"2017-02-05T16:49:05","guid":{"rendered":"https:\/\/intelligent-friend-7861.standoutwp.com\/?p=29200"},"modified":"2017-02-05T20:44:02","modified_gmt":"2017-02-05T19:44:02","slug":"wtm-nyslappt-soul-med-magnus-carlson-recension","status":"publish","type":"post","link":"https:\/\/www.kultursidan.nu\/?p=29200","title":{"rendered":"WTM: Nysl\u00e4ppt soul med Magnus Carlson (recension)"},"content":{"rendered":"<p><img loading=\"lazy\" decoding=\"async\" class=\"alignnone size-medium wp-image-29201\" src=\"https:\/\/www.kultursidan.nu\/wp-content\/uploads\/2017\/02\/DSC_8588-567x378.jpg\" alt=\"\" width=\"567\" height=\"378\" srcset=\"https:\/\/www.kultursidan.nu\/wp-content\/uploads\/2017\/02\/DSC_8588-567x378.jpg 567w, https:\/\/www.kultursidan.nu\/wp-content\/uploads\/2017\/02\/DSC_8588-768x512.jpg 768w, https:\/\/www.kultursidan.nu\/wp-content\/uploads\/2017\/02\/DSC_8588-1024x682.jpg 1024w, https:\/\/www.kultursidan.nu\/wp-content\/uploads\/2017\/02\/DSC_8588-500x333.jpg 500w, https:\/\/www.kultursidan.nu\/wp-content\/uploads\/2017\/02\/DSC_8588-150x100.jpg 150w, https:\/\/www.kultursidan.nu\/wp-content\/uploads\/2017\/02\/DSC_8588.jpg 1280w\" sizes=\"auto, (max-width: 567px) 100vw, 567px\" \/><br \/>\n<em>Str\u00e5lande Magnus Carlson. Och bandet, vilket band! H\u00e4r finns till och med bl\u00e5sinstrument. S\u00e5ngaren lockade den stora publiken till V\u00e4rmekyrkan under showcasefestivalen Where&#8217;s The Music?<\/em><\/p>\n<p>&nbsp;<\/p>\n<h1><span style=\"color: #ff0000;\">De politiska undertonerna \u00e4r ganska tydliga<\/span><\/h1>\n<p><strong>\u00a0<\/strong><\/p>\n<p>RECENSION\/NORRK\u00d6PING<strong> En k\u00e4rleksfull timme. <\/strong>Magnus Carlson firade albumsl\u00e4ppet av <em>Den l\u00e5nga v\u00e4gen hem<\/em> (2017) med en spelning i V\u00e4rmekyrkan. Bandet med bl\u00e5s var med, s\u00e5 \u00e4ven S\u00e5 mycket b\u00e4ttre-tolkningarna. Men inte alla.<\/p>\n<p><strong>Magnus Carlson g\u00f6r en storslagen entr\u00e9 i V\u00e4rmekyrkan med l\u00e5ten <em>Mitt hj\u00e4rta<\/em>. <\/strong>\u201dJag geer mitt hj\u00e4rtaa till deej\u201d sjunger han repetitivt, och skapar p\u00e5 s\u00e5 vis en omedelbar kontakt med publiken. Det \u00e4r glatt och energifyllt; som en fusion av modern pop och h\u00f6gkvalitativ 1960-talssoul.<\/p>\n<p>Sedan stiger temperaturen om m\u00f6jligt \u00e4nnu n\u00e5gra grader med den popul\u00e4ra Danny Saucedo-covern <em>Brinner i br\u00f6stet.<\/em> Det hj\u00e4rtliga temat best\u00e5r och \u00f6verg\u00e5ngen fr\u00e5n n\u00e5got nytt och fr\u00e4scht i upptempo till n\u00e5got aningens l\u00e5ngsammare men v\u00e4lk\u00e4nt \u00e4r smidig.<\/p>\n<p>&nbsp;<\/p>\n<p><a title=\"Magnus Carlson\" href=\"https:\/\/www.flickr.com\/photos\/kultursidan\/32685988306\/in\/album-72157679890966706\/\"><img loading=\"lazy\" decoding=\"async\" src=\"https:\/\/c1.staticflickr.com\/1\/620\/32685988306_acefedb1b7.jpg\" alt=\"Magnus Carlson\" width=\"333\" height=\"500\" \/><\/a><br \/>\n<em>T\u00e4nk om! Magnus Carlson vill p\u00e5verka med sin musik.<\/em><\/p>\n<p>&nbsp;<\/p>\n<p><strong>Just denna dag har \u2013 passande nog \u2013 Magnus Carlsons senaste album sl\u00e4ppts, <em>Den l\u00e5nga v\u00e4gen hem<\/em> (2017).<\/strong> Han beskriver musiken som \u201dsoul p\u00e5 svenska\u201d, och de flesta l\u00e5tarna som spelas under kv\u00e4llen kommer ocks\u00e5 fr\u00e5n detta album. Flera har redan h\u00f6rts i senaste s\u00e4songen av TV4-programmet <em>S\u00e5 mycket b\u00e4ttre<\/em>, och kanske \u00e4r det ocks\u00e5 dessa l\u00e5tar som v\u00e4cker st\u00f6rst jubel.<\/p>\n<p>V\u00e4rmekyrkan blir helt full av folk i olika \u00e5ldrar, och tolkningen av Jill Johnssons <em>K\u00e4rleken \u00e4r<\/em> \u2013 <em>Eternal Love<\/em> \u2013 skapar nog inte rysningar i bara min kropp. \u00c4ven Lisa Ekdahls <em>Dom band som binder mig<\/em> verkar popul\u00e4r. Sj\u00e4lv saknar jag <em>Keep on Dreaming<\/em>, som ursprungligen gjorts av Little Jinder. N\u00e5gon annan ropar efter <em>Det v\u00e4rsta av allt<\/em>, som getts nytt liv efter Lisa Ekdahls tolkning \u2013 men den \u00f6nskan uppfylls inte heller.<\/p>\n<p><strong>Parallellt med det traditionella k\u00e4rlekstemat \u2013 <em>Tack vare dig<\/em>, <em>Vill du verkligen vara ensam?<\/em><\/strong>, <em>L\u00e5nga skuggor <\/em>och en engelsk version av Oskar Linnros <em>Fr\u00e5n och med du<\/em>, <em>From Now On<\/em> \u2013 finns en mer allm\u00e4n v\u00e4djan om medm\u00e4nsklighet.<\/p>\n<p>I <em>T\u00e4nk om<\/em>! sjunger Magnus till exempel: \u201dVar inte r\u00e4dd att visa \u00f6dmjukhet\/S\u00e5 vem \u00e4r jag som tjatar p\u00e5\/Och vem \u00e4r du som v\u00e4nder ryggen \u00e5t? T\u00e4nk om!\u201d.<\/p>\n<p>N\u00e4r han kommer till orden \u201dT\u00e4nk om!\u201d tar han alltid i lite extra, som f\u00f6r att f\u00f6rst\u00e4rka uppmaningen. Annars \u00e4r hans r\u00f6st v\u00e4ldigt vacker och silkeslen, men med den d\u00e4r styrkan kvar som g\u00f6r att den kan ses som ett lika sj\u00e4lvklart instrument som resten av bandet.<\/p>\n<p><strong>Och bandet, vilket band!<\/strong> H\u00e4r finns till och med bl\u00e5sinstrument. Magnus hyllar \u00e5terkommande alla instrumentalister, som trots att det \u00e4r f\u00f6rsta g\u00e5ngen de spelar vissa l\u00e5tar s\u00e4tter dem perfekt. De \u00e4r b\u00e4st, s\u00e4ger Magnus. Jag \u00e4r beredd att h\u00e5lla med.<\/p>\n<p><em>T\u00e4nk om!<\/em> f\u00e5r ett fint avslut med orden: \u201dVi \u00e4r grenar p\u00e5 samma tr\u00e4d\/Vi v\u00e4xer upp i samma v\u00e4rld\/Vi m\u00e5ste s\u00e4tta en helt ny norm\/D\u00e4r det inte finns ett vi eller dom\/T\u00e4nk om!\u201d. De politiska undertonerna \u00e4r ganska tydliga, men l\u00e4mnar \u00e4nd\u00e5 inte k\u00e4rlekstemat eller blir f\u00f6r tunga. Musiken l\u00e5ter glad och l\u00e4ttsam, hur allvarliga textraderna \u00e4n blir. Det h\u00e4r \u00e4r typisk musik att lyfta hum\u00f6ret med, gr\u00e5dassiga eller m\u00f6rka dagar.<\/p>\n<p>&nbsp;<\/p>\n<p><a title=\"Magnus Carlson\" href=\"https:\/\/www.flickr.com\/photos\/kultursidan\/32685987806\/in\/album-72157679890966706\/\"><img loading=\"lazy\" decoding=\"async\" src=\"https:\/\/c1.staticflickr.com\/1\/577\/32685987806_b81199bdce.jpg\" alt=\"Magnus Carlson\" width=\"500\" height=\"333\" \/><\/a><br \/>\n<em>Magnus Carlson sjunger. Precis som i Lukas Moodyssons dikt.<\/em><\/p>\n<p>&nbsp;<\/p>\n<p><strong>Jag t\u00e4nker att uppl\u00e4gget \u00e4r top notch, p\u00e5 s\u00e5 vis att det b\u00e5de \u00e4r sammanh\u00e4ngande och varierat.<\/strong> Men n\u00e4rmare slutet tappar faktiskt spelningen lite publikengagemang, troligen f\u00f6r att det blir lite f\u00f6r m\u00e5nga nya l\u00e5tar efter varandra. Observera att det \u00e4nd\u00e5 \u00e4r fullt med folk \u2013 det b\u00f6rjar dock g\u00e5 att r\u00f6ra sig lite mer, n\u00e5gra f\u00f6rsvinner och skapar luftutrymmen h\u00e4r och d\u00e4r.<\/p>\n<p>Unik f\u00f6r kv\u00e4llen \u00e4r en l\u00e5t som Magnus aldrig sjungit live f\u00f6rut. Den \u00e4r baserad p\u00e5 en dikt av Lukas Moodysson, d\u00e4r han skrivit en rad om att \u201dMagnus Carlson sjunger\u2026\u201d. Nu \u00e4r det verklighet.<\/p>\n<p><strong>Extranumret blir en svensk version av l\u00e5ten \u201dBeggin\u2019\u201d<\/strong> som gjordes popul\u00e4r av Frankie Vallie och The Four Seasons 1967. \u201dJag ber dej, ber dej nu, str\u00e4ck ut din k\u00e4rleksfulla hand\u201d sjunger Magnus och sluter cirkeln som han startade spelningen med, genom att ge sitt hj\u00e4rta till publiken. En riktigt bra timme, kanske den b\u00e4sta av WTM:s i \u00e5r.<\/p>\n<p><strong> \u201dPuss! Var r\u00e4dda om er i den kalla verkligheten nu\u201d,<\/strong> avslutar Magnus Carlson innan scenen sl\u00e4cks. Och den bistra verkligheten g\u00f6r sig genast p\u00e5mind genom en massa h\u00e4nsynsl\u00f6st kastade flaskor p\u00e5 V\u00e4rmekyrkans golv. Tur att den varma k\u00e4nslan fr\u00e5n musiken \u00e4nnu inte har l\u00e4mnat kroppen.<\/p>\n<p>\u00a9 <em>Text: Melinda Reyes Hiltunen<\/em><br \/>\n\u00a9 <em>Foto: Human Golmohammadi<\/em><\/p>\n<p>BILDSPEL (FLASH) \u2013 KLICKA P\u00c5 BILDEN <em><br \/>\nALT\/MOBIL: SE BILDSPELET <a title=\"Bildspel\" href=\"https:\/\/www.flickr.com\/photos\/kultursidan\/sets\/72157679890966706\/show\/\" target=\"_blank\">H\u00c4R<\/a><\/em><br \/>\n<object width=\"400\" height=\"300\"><param name=\"flashvars\" value=\"offsite=true&amp;lang=en-us&amp;page_show_url=%2Fphotos%2Fkultursidan%2Fsets%2F72157679890966706%2Fshow%2F&amp;page_show_back_url=%2Fphotos%2Fkultursidan%2Fsets%2F72157679890966706%2F&amp;set_id=72157679890966706&amp;jump_to=\" \/><param name=\"movie\" value=\"https:\/\/www.flickr.com\/apps\/slideshow\/show.swf?v=1811922554\" \/><param name=\"allowFullScreen\" value=\"true\" \/><\/object><\/p>\n<blockquote>\n<h3><em>V\u00c4RMEKYRKAN Norrk\u00f6ping<\/em><\/h3>\n<p>3 februari 2017 kl. 23.00\u201300.00<br \/>\n<strong><em>Magnus Carlson<br \/>\n<\/em><\/strong><em>Publik: fullt i olika \u00e5ldrar<\/em><\/p>\n<p style=\"padding-left: 30px;\"><em>S\u00e5ng: Magnus Carlson<br \/>\nTrummor: Lars Skoglund<br \/>\nBas: Anders Kappelin<br \/>\nGitarr: Anders Lewen<br \/>\nOrgel: Patrik Kolar<br \/>\nTrumpet: Goran Kafjes<br \/>\nSaxofon: Per Rusktr\u00e4sk Johansson<br \/>\nCongas: Christer Bj\u00f6rklund <\/em><\/p>\n<p><em><strong>Where\u2019s the Music?<\/strong> \u2013 Arr: FKP Scorpio<\/em><\/p><\/blockquote>\n<p>L\u00c4NKAR<br \/>\nMagnus Carlson <a href=\"https:\/\/sv.wikipedia.org\/wiki\/Magnus_Carlson\" target=\"_blank\">Wikipedia<\/a> <a href=\"https:\/\/www.facebook.com\/magnuscarlson\/\" target=\"_blank\">Facebook<\/a> <a href=\"https:\/\/www.youtube.com\/watch?v=7FHau2Y-BYI\" target=\"_blank\">YouTube<\/a><br \/>\nWhere\u2019s The Music <a href=\"http:\/\/www.wheresthemusic.se\" target=\"_blank\">hemsida<\/a> <a href=\"https:\/\/www.facebook.com\/wheresthemusic\/\" target=\"_blank\">Facebook<\/a> <a href=\"https:\/\/play.spotify.com\/user\/fkp.scorpio.sweden\/playlist\/6Mkmb9fZkMpaprmbsgJGeL?play=true&amp;utm_source=open.spotify.com&amp;utm_medium=open\" target=\"_blank\">Spotify<\/a> <a href=\"http:\/\/wheresthemusic.se\/artister\/program\/\" target=\"_blank\">SPELSCHEMA<\/a><\/p>\n<p>FREDAG 3 FEBRUARI<br \/>\nWTM: Smith &amp; Thell tog andra chansen <a href=\"https:\/\/www.kultursidan.nu\/?p=29194\" target=\"_blank\">recension<\/a> Kultursidan.nu 5\/2 2017<br \/>\nWTM: Dundrande Black Metal Raccoons <a href=\"https:\/\/www.kultursidan.nu\/?p=29189\" target=\"_blank\">recension<\/a> Kultursidan.nu 5\/2 2017<br \/>\nWTM: Rome is not a town skjuter h\u00e5rdare <a href=\"https:\/\/www.kultursidan.nu\/?p=29182\" target=\"_blank\">recension<\/a> Kultursidan.nu 4\/2 2017<br \/>\nWTM: Sev\u00e4rda Lewis Watson bortskymd <a href=\"https:\/\/www.kultursidan.nu\/?p=29174\" target=\"_blank\">recension<\/a> Kultursidan.nu 4\/2 2017<br \/>\nWTM: Hater sprider k\u00e4rlek p\u00e5 Arbis <a href=\"https:\/\/www.kultursidan.nu\/?p=29171\" target=\"_blank\">recension<\/a> Kultursidan. nu 4\/2 2017<br \/>\nWTM: Mouthes ord fl\u00f6g i takt med beaten <a href=\"https:\/\/www.kultursidan.nu\/?p=29167\" target=\"_blank\">recension<\/a> Kultursidan.nu 4\/2 2017<br \/>\nWTM: Elin Rigby f\u00f6rst ut p\u00e5 Crecendo <a href=\"https:\/\/www.kultursidan.nu\/?p=29162\" target=\"_blank\">recension<\/a> Kultursidan.nu 4\/2 2017<br \/>\nWTM: Post Pines fyllde Hedvigs kyrka <a href=\"https:\/\/www.kultursidan.nu\/?p=29149\" target=\"_blank\">recension<\/a> Kultursidan.nu 3\/2 2017<br \/>\nFika-musik mjukstartade WTM-konferens <a href=\"https:\/\/www.kultursidan.nu\/?p=29146\" target=\"_blank\">reportage<\/a> Kultursidan.nu 3\/2 2017<\/p>\n<p>TORSDAG 2 FEBRUARI<br \/>\nWTM invigdes med dans utan dans <a href=\"https:\/\/www.kultursidan.nu\/?p=29141\" target=\"_blank\">kr\u00f6nika<\/a> Kultursidan.nu 3\/2 2017<\/p>\n<p>F\u00d6RHANDSARTIKLAR<br \/>\nProgrammet dag f\u00f6r dag sl\u00e4ppt \u2013 WTM\u201917 <a href=\"https:\/\/www.kultursidan.nu\/?p=28946\" target=\"_blank\">KortNytt<\/a> Kultursidan.nu 24\/1 2017<br \/>\nNedr\u00e4kning \u2013 sista 21 akterna till WTM\u201917 <a href=\"https:\/\/www.kultursidan.nu\/?p=28850\" target=\"_blank\">KortNytt<\/a> Kultursidan.nu 19\/1 2017<br \/>\nStudief\u00f6rbundens Black Box p\u00e5 WTM\u201917 <a href=\"https:\/\/www.kultursidan.nu\/?p=28532\" target=\"_blank\">KortNytt<\/a> Kultursidan.nu 23\/12 2016<br \/>\nHurula och Skott lyfter WTM\u201917 <a href=\"https:\/\/www.kultursidan.nu\/?p=28519\" target=\"_blank\">KortNytt<\/a> Kultursidan.nu 22\/12 2016<br \/>\nErik Lundin och ytterligare 29 till WTM\u201917 <a href=\"https:\/\/www.kultursidan.nu\/?p=28150\" target=\"_blank\">KortNytt<\/a> Kultursidan.nu 1\/12 2016<br \/>\nBroder John och Flora Cash till WTM\u201917 <a href=\"https:\/\/www.kultursidan.nu\/?p=27830\" target=\"_blank\">KortNytt<\/a> Kultursidan.nu 9\/11 2016<br \/>\nMagnus Carlson dragpl\u00e5ster f\u00f6r WTM\u201917 <a href=\"https:\/\/www.kultursidan.nu\/?p=27557\" target=\"_blank\">KortNytt<\/a> Kultursidan.nu 25\/10 2016<\/p>\n","protected":false},"excerpt":{"rendered":"<p>NORRK\u00d6PING En k\u00e4rleksfull timme. Magnus Carlson firade albumsl\u00e4ppet av Den l\u00e5nga v\u00e4gen hem (2017) med en spelning i V\u00e4rmekyrkan. Bandet med bl\u00e5s var med, s\u00e5 \u00e4ven S\u00e5 mycket b\u00e4ttre-tolkningarna. Men inte alla. <a class=\"continue-reading-link\" href=\"https:\/\/www.kultursidan.nu\/?p=29200\">L\u00e4s mer <span class=\"meta-nav\">&rarr; <\/span><\/a><\/p>\n","protected":false},"author":1001006,"featured_media":0,"comment_status":"closed","ping_status":"open","sticky":false,"template":"","format":"standard","meta":{"_jetpack_memberships_contains_paid_content":false,"footnotes":""},"categories":[7],"tags":[29,13],"class_list":["post-29200","post","type-post","status-publish","format-standard","hentry","category-norrkoping","tag-festival","tag-musik"],"jetpack_featured_media_url":"","jetpack_sharing_enabled":true,"_links":{"self":[{"href":"https:\/\/www.kultursidan.nu\/index.php?rest_route=\/wp\/v2\/posts\/29200","targetHints":{"allow":["GET"]}}],"collection":[{"href":"https:\/\/www.kultursidan.nu\/index.php?rest_route=\/wp\/v2\/posts"}],"about":[{"href":"https:\/\/www.kultursidan.nu\/index.php?rest_route=\/wp\/v2\/types\/post"}],"author":[{"embeddable":true,"href":"https:\/\/www.kultursidan.nu\/index.php?rest_route=\/wp\/v2\/users\/1001006"}],"replies":[{"embeddable":true,"href":"https:\/\/www.kultursidan.nu\/index.php?rest_route=%2Fwp%2Fv2%2Fcomments&post=29200"}],"version-history":[{"count":0,"href":"https:\/\/www.kultursidan.nu\/index.php?rest_route=\/wp\/v2\/posts\/29200\/revisions"}],"wp:attachment":[{"href":"https:\/\/www.kultursidan.nu\/index.php?rest_route=%2Fwp%2Fv2%2Fmedia&parent=29200"}],"wp:term":[{"taxonomy":"category","embeddable":true,"href":"https:\/\/www.kultursidan.nu\/index.php?rest_route=%2Fwp%2Fv2%2Fcategories&post=29200"},{"taxonomy":"post_tag","embeddable":true,"href":"https:\/\/www.kultursidan.nu\/index.php?rest_route=%2Fwp%2Fv2%2Ftags&post=29200"}],"curies":[{"name":"wp","href":"https:\/\/api.w.org\/{rel}","templated":true}]}}