{"id":29274,"date":"2017-02-08T13:46:14","date_gmt":"2017-02-08T12:46:14","guid":{"rendered":"https:\/\/intelligent-friend-7861.standoutwp.com\/?p=29274"},"modified":"2017-02-08T13:55:29","modified_gmt":"2017-02-08T12:55:29","slug":"johan-perwe-besoker-nyfiken-pa","status":"publish","type":"post","link":"https:\/\/www.kultursidan.nu\/?p=29274","title":{"rendered":"Johan Perwe bes\u00f6ker Nyfiken p\u00e5\u2026"},"content":{"rendered":"<h2>F\u00f6rfattare, konstn\u00e4r, \u00f6-\u00e4lskare i v\u00e5r<\/h2>\n<p>KORTNYTT\/S\u00d6DERK\u00d6PING<br \/>\n<strong>Onda krafter och goda.<\/strong> F\u00f6rfattaren Johan Perwe talar om nazister, medl\u00f6pare och motst\u00e5ndare i Norrk\u00f6ping och \u00d6sterg\u00f6tland p\u00e5 Stinsen i S\u00f6derk\u00f6ping p\u00e5 torsdag kv\u00e4ll.<\/p>\n<p>D\u00e4rmed \u00e4r han s\u00e4songens andra f\u00f6rel\u00e4sare i serien Nyfiken p\u00e5\u2026 De som kommer i v\u00e5r \u00e4r ofta f\u00f6rfattare. En \u00e4r konstn\u00e4r. Och en \u00e4lskar \u00f6ar.<\/p>\n<p><strong>F\u00f6rfattaren Johan Perwe gav ut boken <em>M\u00f6rkl\u00e4ggning<\/em> i h\u00f6stas.<\/strong> Den handlar om nazisterna och deras motst\u00e5ndare p\u00e5 det lokala planet f\u00f6re och under andra v\u00e4rldskriget. Han visade ocks\u00e5 p\u00e5 hur allt sl\u00e4tades \u00f6ver efter\u00e5t och hur m\u00e5nga aktiva nazister aldrig gjorde avb\u00f6n. N\u00e5gra blev ledande personer efter kriget.<\/p>\n<p><strong>Johan Perwes bes\u00f6k p\u00e5 Stinsen ing\u00e5r i serien Nyfiken p\u00e5\u2026<\/strong> F\u00f6rsta g\u00e4sten var riksdagsledamoten Amneh Kakabaveh, V, tidigare kurdisk gerillakrigare i Iran, medgrundare och ordf\u00f6rande i f\u00f6reningen Varken kuvad eller hora.<\/p>\n<p>Senare i februari kommer journalisten och f\u00f6rfattaren Elisabeth \u00c5sbrink, vars senaste bok <em>1947<\/em> handlar om det \u00e5r d\u00e5 efterkrigstidens nya v\u00e4rld skapades. Boken nominerades till Augustpriset i fackboksklassen.<\/p>\n<p>I mars kommer \u00f6-\u00e4lskaren Anders K\u00e4llg\u00e5rd som ber\u00e4ttar om v\u00e4rldens minsta republik, s\u00f6derhavs\u00f6n Nauru. Ett par veckor senare kommer f\u00f6rfattaren och debatt\u00f6ren Nina Bj\u00f6rk, vars senaste bok<em> Dr\u00f6mmen om det r\u00f6da <\/em>handlar om Rosa Luxemburg.<\/p>\n<p><strong>I Valdemarsvik bor konstn\u00e4ren Karola Messner<\/strong> som gjorde om en stor naturtomt i Gryts sk\u00e4rg\u00e5rd till \u201dK\u00e4rlekens tr\u00e4dg\u00e5rd\u201d med rosor, rhododendron och skulpturer.<\/p>\n<p>Sist ut i Nyfiken p\u00e5&#8230; \u00e4r Ola Larsmo, aktuell med boken <em>Swede Hollow<\/em>, om svenska emigranter som hamnade p\u00e5 botten av det amerikanska samh\u00e4llet. De som missade hans f\u00f6rel\u00e4sning i samband med S:t Ragnhilds Gilles \u00e5rsm\u00f6te f\u00e5r allts\u00e5 en ny chans.<\/p>\n<blockquote>\n<h3><em>STINSEN S\u00f6derk\u00f6ping<\/em><\/h3>\n<p>Vinter och v\u00e5r 2017 kl 18.30<em><br \/>\n<strong>Nyfiken p\u00e5\u2026<\/strong><\/em><\/p>\n<p style=\"padding-left: 30px;\">25 januari<br \/>\n<strong><em>Amineh Kakabaveh<\/em><\/strong><\/p>\n<p style=\"padding-left: 30px;\">9 februari<br \/>\n<strong><em>Johan Perwe<\/em><\/strong><\/p>\n<p style=\"padding-left: 30px;\">22 februari<br \/>\n<strong><em>Elisabeth \u00c5sbrink<\/em><\/strong><\/p>\n<p style=\"padding-left: 30px;\">8 mars<br \/>\n<strong><em>Anders K\u00e4llg\u00e5rd<\/em><\/strong><\/p>\n<p style=\"padding-left: 30px;\">29 mars OBS! kl 18.0<br \/>\n<strong><em>Nina Bj\u00f6rk<\/em><\/strong><\/p>\n<p style=\"padding-left: 30px;\">19 april<br \/>\n<strong><em>Karola Messner<\/em><\/strong><\/p>\n<p style=\"padding-left: 30px;\">17 maj<br \/>\n<strong><em>Ola Larsmo<\/em><\/strong><\/p>\n<p><em>Arr<\/em><em>: <\/em><em>S\u00f6derk\u00f6pings f\u00f6rel\u00e4sningsf\u00f6rening i samarbete med Kulturkontoret, Folkuniversitetet och S\u00f6derk\u00f6pings Bokhandel.<\/em><\/p><\/blockquote>\n<p>L\u00c4NKAR<br \/>\nNyfiken p\u00e5 <a href=\"http:\/\/nyfikenpasoderkoping.se\" target=\"_blank\">hemsida<\/a> <a href=\"https:\/\/www.facebook.com\/nyfikenpa\/?fref=ts\" target=\"_blank\">Facebook<\/a><br \/>\nOla Larsmo om svenskars rykte i USA <a href=\"https:\/\/www.kultursidan.nu\/?p=29254\" target=\"_blank\">reportage<\/a> Kultursidan.nu 7\/2 2017<br \/>\nJohan Perwe s\u00e4tter ljus p\u00e5 M\u00f6rkl\u00e4ggning <a href=\"https:\/\/www.kultursidan.nu\/?p=27034\" target=\"_blank\">kr\u00f6nika<\/a> Kultursidan.nu 21\/9 2016<\/p>\n","protected":false},"excerpt":{"rendered":"<p>KORTNYTT\/S\u00d6DERK\u00d6PING Onda krafter och goda. F\u00f6rfattaren Johan Perwe talar om nazister, medl\u00f6pare och motst\u00e5ndare i Norrk\u00f6ping och \u00d6sterg\u00f6tland p\u00e5 Stinsen i S\u00f6derk\u00f6ping p\u00e5 torsdag kv\u00e4ll. D\u00e4rmed \u00e4r han s\u00e4songens andra f\u00f6rel\u00e4sare i serien Nyfiken p\u00e5\u2026 <a class=\"continue-reading-link\" href=\"https:\/\/www.kultursidan.nu\/?p=29274\">L\u00e4s mer <span class=\"meta-nav\">&rarr; <\/span><\/a><\/p>\n","protected":false},"author":1001006,"featured_media":0,"comment_status":"closed","ping_status":"open","sticky":false,"template":"","format":"standard","meta":{"_jetpack_memberships_contains_paid_content":false,"footnotes":""},"categories":[81,6],"tags":[],"class_list":["post-29274","post","type-post","status-publish","format-standard","hentry","category-snappat","category-soderkoping"],"jetpack_featured_media_url":"","jetpack_sharing_enabled":true,"_links":{"self":[{"href":"https:\/\/www.kultursidan.nu\/index.php?rest_route=\/wp\/v2\/posts\/29274","targetHints":{"allow":["GET"]}}],"collection":[{"href":"https:\/\/www.kultursidan.nu\/index.php?rest_route=\/wp\/v2\/posts"}],"about":[{"href":"https:\/\/www.kultursidan.nu\/index.php?rest_route=\/wp\/v2\/types\/post"}],"author":[{"embeddable":true,"href":"https:\/\/www.kultursidan.nu\/index.php?rest_route=\/wp\/v2\/users\/1001006"}],"replies":[{"embeddable":true,"href":"https:\/\/www.kultursidan.nu\/index.php?rest_route=%2Fwp%2Fv2%2Fcomments&post=29274"}],"version-history":[{"count":0,"href":"https:\/\/www.kultursidan.nu\/index.php?rest_route=\/wp\/v2\/posts\/29274\/revisions"}],"wp:attachment":[{"href":"https:\/\/www.kultursidan.nu\/index.php?rest_route=%2Fwp%2Fv2%2Fmedia&parent=29274"}],"wp:term":[{"taxonomy":"category","embeddable":true,"href":"https:\/\/www.kultursidan.nu\/index.php?rest_route=%2Fwp%2Fv2%2Fcategories&post=29274"},{"taxonomy":"post_tag","embeddable":true,"href":"https:\/\/www.kultursidan.nu\/index.php?rest_route=%2Fwp%2Fv2%2Ftags&post=29274"}],"curies":[{"name":"wp","href":"https:\/\/api.w.org\/{rel}","templated":true}]}}