{"id":29420,"date":"2017-02-15T13:39:58","date_gmt":"2017-02-15T12:39:58","guid":{"rendered":"https:\/\/intelligent-friend-7861.standoutwp.com\/?p=29420"},"modified":"2017-05-28T19:20:08","modified_gmt":"2017-05-28T18:20:08","slug":"superhelg-pa-ostra-lansdelens-musikscener","status":"publish","type":"post","link":"https:\/\/www.kultursidan.nu\/?p=29420","title":{"rendered":"Superhelg p\u00e5 \u00f6stra l\u00e4nsdelens musikscener"},"content":{"rendered":"<p><img loading=\"lazy\" decoding=\"async\" class=\"alignnone size-medium wp-image-29421\" src=\"https:\/\/www.kultursidan.nu\/wp-content\/uploads\/2017\/02\/Petter-567x378.jpg\" alt=\"\" width=\"567\" height=\"378\" srcset=\"https:\/\/www.kultursidan.nu\/wp-content\/uploads\/2017\/02\/Petter-567x378.jpg 567w, https:\/\/www.kultursidan.nu\/wp-content\/uploads\/2017\/02\/Petter-768x512.jpg 768w, https:\/\/www.kultursidan.nu\/wp-content\/uploads\/2017\/02\/Petter-1024x682.jpg 1024w, https:\/\/www.kultursidan.nu\/wp-content\/uploads\/2017\/02\/Petter-500x333.jpg 500w, https:\/\/www.kultursidan.nu\/wp-content\/uploads\/2017\/02\/Petter-150x100.jpg 150w, https:\/\/www.kultursidan.nu\/wp-content\/uploads\/2017\/02\/Petter.jpg 1280w\" sizes=\"auto, (max-width: 567px) 100vw, 567px\" \/><br \/>\n<em>Petter. Den popul\u00e4re rapartisten g\u00e4stade Norrk\u00f6ping h\u00f6sten 2015 d\u00e5 han spelade med Norrk\u00f6pings symfoniorkester. P\u00e5 fredag \u00e4r scenen n\u00e5got mindre, Kopparhammaren.<\/em><\/p>\n<p>&nbsp;<\/p>\n<h1><span style=\"color: #ff0000;\">N\u00e5got f\u00f6r alla smaker och generationer<\/span><\/h1>\n<p>&nbsp;<\/p>\n<p>NORRK\u00d6PING\/FINSP\u00c5NG\/VALDEMARSVIK<br \/>\n<strong>Det b\u00f6rjar bra med Petter, Lill-Babs, Siwan och Anders F.<\/strong> Sedan forts\u00e4tter det med Sylvester, Peter och Bruno. Med flera. Helgens n\u00f6jen \u00e4r n\u00e5got ut\u00f6ver det vanliga. Inte \u00e4r det l\u00f6nehelg heller.<\/p>\n<p>H\u00e5ll i er f\u00f6r nu k\u00f6r vi!<\/p>\n<p>&nbsp;<\/p>\n<h2>FREDAG<\/h2>\n<p>&nbsp;<\/p>\n<p><strong>Mycket nostalgi f\u00f6r pengarna n\u00e4r Lill-Babs, Siw Malmqvist och Anne-Louise Hansson <em>Tillsammans<\/em> intar Flygeln.<\/strong> Med band f\u00f6rst\u00e5s. Men med minnen, humor och gott hum\u00f6r. Den som saknas \u00e4r Anita Lindblom, hon den sp\u00e4nnande med den sensuella r\u00f6sten, som v\u00e4grar g\u00f6ra comeback. D\u00e5 hade det blivit stj\u00e4rnsm\u00e4llar ocks\u00e5.<\/p>\n<p><strong>Att tjejerna f\u00e5r n\u00f6ja sig med Flygeln \u00e4r Johan Glans fel.<\/strong> Han har lagt beslag p\u00e5 De Geerhallen fast han k\u00f6r standup. Borde publiken inte ocks\u00e5 st\u00e5 d\u00e5? <em>World Tour of the World<\/em>.<\/p>\n<p><strong>Petter kommer till Kopparhammaren.<\/strong> Petter gjorde en storslagen konsert tillsammans med Norrk\u00f6pings symfoniorkester h\u00f6sten 2015. Respekt! Riktigt s\u00e5 m\u00e5nga som fyllde De Geerhallen d\u00e5 ryms inte i krogen i Grytskvarteren men ni kan ju f\u00f6rs\u00f6ka.<\/p>\n<p><strong>En artist som aldrig l\u00e4mnat allfarv\u00e4garna \u00e4r Anders F R\u00f6nnblom som g\u00e4stade Hallarna i somras.<\/strong> Anders F \u00e4r en av dem som alltid funnits sedan 1970-talet, alltid personlig, aldrig fl\u00e5shurtig. S\u00e4llskapet sk\u00e4ms inte f\u00f6r sig heller, bandets medlemmar kommer fr\u00e5n Miklag\u00e5rd, Mobben och R\u00e5g i ryggen. Gammal proggare? D\u00e5 \u00e4r Kulturhuset i Finsp\u00e5ng r\u00e4tt plats f\u00f6r dig.<\/p>\n<p><strong>Om du nu inte s\u00f6ker dig s\u00f6derut till Tryserum i Valdemarsvik. <\/strong>Jag kan tipsa om sk\u00f6na Gruveb\u00e4cks kapell som ger f\u00f6rest\u00e4llningen <em>All you need is love<\/em>.<\/p>\n<p>&nbsp;<\/p>\n<h2>L\u00d6RDAG\/S\u00d6NDAG<\/h2>\n<p>&nbsp;<\/p>\n<p><strong>Vallf\u00e4rda till De Geerhallen.<\/strong> Fenomenet Peter Johansson g\u00f6r det igen. Fyller st\u00f6rsta konserthallen tre g\u00e5nger om. Tv\u00e5 konserter p\u00e5 l\u00f6rdag och en p\u00e5 s\u00f6ndag bevisar att med varm personlighet, goda v\u00e4nner och ett knippe rockl\u00e5tar kommer man l\u00e5ngt. Inte f\u00f6r att <strong>Peter &amp; Bruno<\/strong> (nej, inte b\u00e4sta kusinen Matilda den h\u00e4r g\u00e5ngen) har n\u00e5got kvar att bevisa.<\/p>\n<p><strong>M\u00e5nga tar solov\u00e4gen nuf\u00f6rtiden, Sylvester Schlegel, trummis i numera sjukna The Ark, sl\u00e4pper sitt andra album i april.<\/strong> <em>Det kommer g\u00e5, allting kommer bli bra<\/em> \u00e4r den f\u00f6rhoppningsfulla titeln. Antagligen kommer nya singeln <em>\u00c5terfall<\/em> fr\u00e5n det albumet. Kolla hur den funkar ihop med debutalbumet, hyllade <em>Led mig bort, Led mig hem<\/em>? Funkar de ihop d\u00e5? F\u00f6r den h\u00e4r g\u00e5ngen b\u00f6rjade han om fr\u00e5n scratch. \u201dJag ville kl\u00e4 l\u00e5tarna i nya, f\u00e4rgglada g\u00e4rna illasittande kostymer\u201d, skriver han i pressmeddelandet inf\u00f6r albumsl\u00e4pp och konserten p\u00e5 Arbis.<\/p>\n<p><strong>D\u00e4rut\u00f6ver allt annat som ocks\u00e5 h\u00e4nder i Norrk\u00f6ping.<\/strong> Sj\u00e4lv vill jag se nycirkusf\u00f6rest\u00e4llningen <em>Inte nudda golv<\/em> p\u00e5 Teater Br\u00e5ddgatan 34.<\/p>\n<p>\u00a9 <em>Text och foto: Ann-Charlotte Sandelin<br \/>\n<\/em><\/p>\n<blockquote>\n<h2><em>FREDAG<\/em><\/h2>\n<h3 style=\"padding-left: 30px;\"><em>EKBACKEN, TRYSERUM Valdemarvik<\/em><\/h3>\n<p style=\"padding-left: 30px;\">17 februari 2017 kl 19<em><br \/>\n<strong>All You Need Is Love<\/strong><strong><br \/>\n<\/strong>Gruveb\u00e4cks kapell<\/em><br \/>\n<em> Arr: Valdemarsviks Riksteaterf\u00f6rening<\/em><\/p>\n<h3 style=\"padding-left: 30px;\"><em>FLYGELN Norrk\u00f6ping<\/em><\/h3>\n<p style=\"padding-left: 30px;\">17 februari 2017 kl 19.30<em><br \/>\n<strong>Lill-Babs, Siw Malmqvist och Anne-Louise Hansson<\/strong><strong><br \/>\nTillsammans<br \/>\n<\/strong>Show<\/em><\/p>\n<h3 style=\"padding-left: 30px;\"><em>DE GEERHALLEN Norrk\u00f6ping<\/em><\/h3>\n<p style=\"padding-left: 30px;\">17 februari 2017 kl 19.30<em><br \/>\n<strong>Johan Glans<br \/>\nWorld Tour of the World<\/strong><\/em><br \/>\n<em> Standup<\/em><\/p>\n<h3 style=\"padding-left: 30px;\"><em>KULTURHUSET Finsp\u00e5ng<\/em><\/h3>\n<p style=\"padding-left: 30px;\">17 februari 2017 kl 20<em><br \/>\n<strong>Anders F R\u00f6nnblom<br \/>\n<\/strong>Band: Peter R Ericson, Bj\u00f6rn Rothstein, Bj\u00f6rn Aggemyr och Jenny Roos.<br \/>\nKonsert<\/em><\/p>\n<h3 style=\"padding-left: 30px;\"><em>KOPPARHAMMAREN Norrk\u00f6ping<\/em><\/h3>\n<p style=\"padding-left: 30px;\">17 februari 2017 kl 22<em><br \/>\n<strong>Petter<\/strong><strong><br \/>\n<\/strong>Rap<\/em><\/p>\n<h2><em>L\u00d6RDAG<\/em><\/h2>\n<h3 style=\"padding-left: 30px;\"><em>DE GEERHALLEN Norrk\u00f6ping<\/em><\/h3>\n<p style=\"padding-left: 30px;\">18 februari 2017 kl 15 &amp; kl 19.30<br \/>\n19 februari kl 16<em><br \/>\n<strong>Peter &amp; Bruno On Tour<\/strong><strong><br \/>\n<\/strong>Konsert<\/em><\/p>\n<h3 style=\"padding-left: 30px;\"><em>ARBIS Norrk\u00f6ping<\/em><\/h3>\n<p style=\"padding-left: 30px;\">18 februari 2017 kl 22<em><br \/>\n<strong>Sylvester Schlegel med Band<\/strong><strong><br \/>\n<\/strong>Konsert<\/em><\/p>\n<\/blockquote>\n<p>L\u00c4NKAR<br \/>\nHela helgens program <a href=\"https:\/\/www.kultursidan.nu\/?page_id=19377\" target=\"_blank\" rel=\"noopener noreferrer\">Fredag<\/a> <a href=\"https:\/\/www.kultursidan.nu\/?page_id=19383\" target=\"_blank\" rel=\"noopener noreferrer\">L\u00f6rdag<\/a> <a href=\"https:\/\/www.kultursidan.nu\/?page_id=19385\" target=\"_blank\" rel=\"noopener noreferrer\">S\u00f6ndag<\/a><\/p>\n","protected":false},"excerpt":{"rendered":"<p>NORRK\u00d6PING\/FINSP\u00c5NG\/VALDEMARSVIK Det b\u00f6rjar bra med Petter, Lill-Babs, Siwan och Anders F. Sedan forts\u00e4tter det med Sylvester, Peter och Bruno. Med flera. Helgens n\u00f6jen sammantaget \u00e4r ett erbjudande n\u00e5got ut\u00f6ver det vanliga. <a class=\"continue-reading-link\" href=\"https:\/\/www.kultursidan.nu\/?p=29420\">L\u00e4s mer <span class=\"meta-nav\">&rarr; <\/span><\/a><\/p>\n","protected":false},"author":1001006,"featured_media":0,"comment_status":"closed","ping_status":"open","sticky":false,"template":"","format":"standard","meta":{"_jetpack_memberships_contains_paid_content":false,"footnotes":""},"categories":[97,7],"tags":[13],"class_list":["post-29420","post","type-post","status-publish","format-standard","hentry","category-kortkort","category-norrkoping","tag-musik"],"jetpack_featured_media_url":"","jetpack_sharing_enabled":true,"_links":{"self":[{"href":"https:\/\/www.kultursidan.nu\/index.php?rest_route=\/wp\/v2\/posts\/29420","targetHints":{"allow":["GET"]}}],"collection":[{"href":"https:\/\/www.kultursidan.nu\/index.php?rest_route=\/wp\/v2\/posts"}],"about":[{"href":"https:\/\/www.kultursidan.nu\/index.php?rest_route=\/wp\/v2\/types\/post"}],"author":[{"embeddable":true,"href":"https:\/\/www.kultursidan.nu\/index.php?rest_route=\/wp\/v2\/users\/1001006"}],"replies":[{"embeddable":true,"href":"https:\/\/www.kultursidan.nu\/index.php?rest_route=%2Fwp%2Fv2%2Fcomments&post=29420"}],"version-history":[{"count":0,"href":"https:\/\/www.kultursidan.nu\/index.php?rest_route=\/wp\/v2\/posts\/29420\/revisions"}],"wp:attachment":[{"href":"https:\/\/www.kultursidan.nu\/index.php?rest_route=%2Fwp%2Fv2%2Fmedia&parent=29420"}],"wp:term":[{"taxonomy":"category","embeddable":true,"href":"https:\/\/www.kultursidan.nu\/index.php?rest_route=%2Fwp%2Fv2%2Fcategories&post=29420"},{"taxonomy":"post_tag","embeddable":true,"href":"https:\/\/www.kultursidan.nu\/index.php?rest_route=%2Fwp%2Fv2%2Ftags&post=29420"}],"curies":[{"name":"wp","href":"https:\/\/api.w.org\/{rel}","templated":true}]}}