{"id":29450,"date":"2017-02-16T13:33:53","date_gmt":"2017-02-16T12:33:53","guid":{"rendered":"https:\/\/intelligent-friend-7861.standoutwp.com\/?p=29450"},"modified":"2017-02-16T13:33:53","modified_gmt":"2017-02-16T12:33:53","slug":"tigern-ny-utmaning-for-john-hedman","status":"publish","type":"post","link":"https:\/\/www.kultursidan.nu\/?p=29450","title":{"rendered":"Tigern ny utmaning f\u00f6r John Hedman"},"content":{"rendered":"<p><img loading=\"lazy\" decoding=\"async\" class=\"alignnone size-medium wp-image-29452\" src=\"https:\/\/www.kultursidan.nu\/wp-content\/uploads\/2017\/02\/DSCF8130-567x418.jpg\" alt=\"\" width=\"567\" height=\"418\" srcset=\"https:\/\/www.kultursidan.nu\/wp-content\/uploads\/2017\/02\/DSCF8130-567x418.jpg 567w, https:\/\/www.kultursidan.nu\/wp-content\/uploads\/2017\/02\/DSCF8130-768x566.jpg 768w, https:\/\/www.kultursidan.nu\/wp-content\/uploads\/2017\/02\/DSCF8130-1024x755.jpg 1024w, https:\/\/www.kultursidan.nu\/wp-content\/uploads\/2017\/02\/DSCF8130-452x333.jpg 452w, https:\/\/www.kultursidan.nu\/wp-content\/uploads\/2017\/02\/DSCF8130-150x111.jpg 150w, https:\/\/www.kultursidan.nu\/wp-content\/uploads\/2017\/02\/DSCF8130.jpg 1280w\" sizes=\"auto, (max-width: 567px) 100vw, 567px\" \/><br \/>\n<em>Hotad. John Hedman som soldaten i Historien om tigern av Dario Fo, som s\u00e4tts upp av Kalbokultur. Premi\u00e4r p\u00e5 Teater Br\u00e5ddgatan p\u00e5 fredag.<br \/>\n<\/em><\/p>\n<p>&nbsp;<\/p>\n<h1><span style=\"color: #ff0000;\">Att l\u00e4ra sig att lita p\u00e5 sig sj\u00e4lv<\/span><\/h1>\n<p>&nbsp;<\/p>\n<p>NORRK\u00d6PING<br \/>\n<strong>Ett ungdomsminne och ett \u00e4ventyr.<\/strong> Kalbokulturs John Hedman mindes Bj\u00f6rn Granaths upps\u00e4ttning av Dario Fos monolog <em>Historien om tigern<\/em>. Nu g\u00f6r han den sj\u00e4lv, monologen om en man som blir utst\u00f6tt och m\u00e5ste l\u00e4ra sig att lita p\u00e5 sig sj\u00e4lv.<\/p>\n<p><strong>\u2013 Jag har aldrig gjort n\u00e5got som att st\u00e5 och prata i en timme.<\/strong> Kan jag h\u00e5lla ihop en s\u00e5dan f\u00f6rest\u00e4llning, undrade sk\u00e5despelaren John Hedman som k\u00e4nde att det var dags att ta sig an utmaningen.<\/p>\n<p>En monolog \u00e4r s\u00e5klart n\u00e5got helt annat \u00e4n de lustspel som Kalbokultur satt upp de senaste \u00e5ren. Lustfyllda projekt med m\u00e5nga sk\u00e5despelare inblandade.<\/p>\n<p>&nbsp;<\/p>\n<p><a title=\"Tigern, repetition\" href=\"https:\/\/www.flickr.com\/photos\/kultursidan\/32116498853\/in\/album-72157676889539423\/\"><img loading=\"lazy\" decoding=\"async\" src=\"https:\/\/c1.staticflickr.com\/3\/2432\/32116498853_907cd7d148.jpg\" alt=\"Tigern, repetition\" width=\"500\" height=\"333\" \/><\/a><br \/>\n<em>Yttre \u00f6gon. Viktor Hedman regisserar med Frippe Pettersson som sidekick och alltiallo.<\/em><\/p>\n<p>&nbsp;<\/p>\n<p><strong>Helt ensam \u00e4r han \u00e4nd\u00e5 inte, p\u00e5 scenen finns \u00e4ven musikern Christian Karnevald.<\/strong> I kulisserna finns \u00e4ven Frippe Pettersson som st\u00e5r f\u00f6r ljus och annan teknik.<\/p>\n<p>Och s\u00e5 finns f\u00f6rst\u00e5s regiss\u00f6ren Viktor Hedman. \u00c4ven om det \u00e4r \u00e4nnu ett i den l\u00e5nga raden av samarbeten mellan pappa John och sonen Viktor (d\u00e4r de v\u00e4xlat mellan regi och sk\u00e5despeleri) s\u00e5 \u00e4r det f\u00f6rsta g\u00e5ngen Viktor g\u00e5r in i en produktion med Kalbokultur, och f\u00f6rsta g\u00e5ngen han regisserar en monolog.<\/p>\n<p>\u2013 Han kan s\u00e4ga ifr\u00e5n om later jag inte visste att jag hade, s\u00e4ger John Hedman.<\/p>\n<p><strong>Vi tr\u00e4ffas i Fotograficas lokal i Str\u00f6mparken d\u00e4r repetitionerna har h\u00e5llits och dit John har g\u00e5tt f\u00f6r att tr\u00e4na p\u00e5 sina \u201dl\u00e4xor\u201d.<\/strong> M\u00f6tet med publiken ligger d\u00e5 \u00e4nnu ett gott stycke fram i tiden, \u00e4ven om premi\u00e4ren, nu n\u00e4r jag skriver, faller fram den fredag som heter imorgon.<\/p>\n<p>En timsl\u00e5ng monolog, 19 t\u00e4tskrivna sidor, de har tagit sig an den styckevis och helt. Valet handlar f\u00f6rst\u00e5s om helheten, ber\u00e4ttelsen och budskapet. Bearbetandet under repetitionsveckorna om stycken, att putsa, gestalta och lyfta. Nu \u00e4r den lilla gruppen framme vid att \u00e5ter s\u00e4tta ihop styckena till en ny helhet som b\u00e4r, glider och \u00f6verraskar, det som kallas genomdrag.<\/p>\n<p>Med p\u00e5 scenen \u00e4r ocks\u00e5 musikern och fotografen Christian Karnevald. Han har laddat upp med trumset, bas och andra instrument. Nej, spelar g\u00f6r han inte, hans uppgift \u00e4r den ordl\u00f6sa medspelarens.<\/p>\n<p>\u2013 John har \u00f6nskat ljud som han kan reagera p\u00e5, f\u00f6rklarar Viktor Hedman.<\/p>\n<p>&nbsp;<\/p>\n<p><a title=\"Tigern, repetition\" href=\"https:\/\/www.flickr.com\/photos\/kultursidan\/32116533933\/in\/album-72157676889539423\/\"><img loading=\"lazy\" decoding=\"async\" src=\"https:\/\/c1.staticflickr.com\/3\/2559\/32116533933_4dff50b26d.jpg\" alt=\"Tigern, repetition\" width=\"500\" height=\"333\" \/><\/a><br \/>\n<em> Olycksalig. John Hedmans soldat blir ett offer f\u00f6r olyckliga omst\u00e4ndigheter.<\/em><\/p>\n<p>&nbsp;<\/p>\n<p><strong>John Hedman backar tiden till ungdomens 1980-tal.<\/strong> Han s\u00f6kte och fick beredskapsjobb p\u00e5 fria teatern F\u00e5gel bl\u00e5 i Stockholm, som leddes av Bj\u00f6rn Granath. Teatern hade floppat med en tidigare f\u00f6rest\u00e4llning och Bj\u00f6rn Granath satsade p\u00e5 monologen <em>Historien om tigern<\/em>, som italienske dramatikern Dario Fo s\u00e4gs ha h\u00f6rt av en kinesisk sagober\u00e4ttare i Shanghai och skrev 1978. Ett konstn\u00e4rligt och ekonomiskt lyckokast.<\/p>\n<p>\u2013 D\u00e4r gjorde han den tillsammans med en musiker, en saxofonist, s\u00e4ger John som minns sin fascination och \u00e4nd\u00e5 inte har n\u00e5gra exakta minnen av f\u00f6rest\u00e4llningen.<br \/>\n\u2013 Jag har sett honom p\u00e5 YouTube och jag kommer ih\u00e5g vissa bilder som jag fick.<\/p>\n<p><strong>Ber\u00e4ttelsen handlar om en kinesisk soldat som blir skadad och l\u00e4mnad att d\u00f6 under Den l\u00e5nga marschen,<\/strong> en betydelsefull period mot slutet det l\u00e5nga inb\u00f6rdeskriget mellan kommunister och nationalisterna i Kina. Troligen \u00e4r historiens r\u00f6tter djupare \u00e4n s\u00e5 och g\u00e5r tillbaka till gammal kinesisk folktro. D\u00e4r st\u00e5r tigern f\u00f6r styrka och sj\u00e4lvst\u00e4ndighet men ocks\u00e5 f\u00f6r generositet.<\/p>\n<p>Dario Fo i sin tur ber\u00e4ttade <em>Historien om tigern<\/em> p\u00e5 sitt s\u00e4tt, den italienske gycklarens med ett rikt ordfl\u00f6de och fysiskt utspel.<\/p>\n<p>\u2013 Det \u00e4r mycket testiklar och s\u00e5nt, s\u00e4ger John som reflekterat \u00f6ver skillnaden mellan italienska och svenska spr\u00e5ket och kulturen.<\/p>\n<p>\u2013 Vi har tagit bort sexistiska och rasistiska grejer. Alla ska kunna k\u00e4nna sig delaktiga, understryker Viktor Hedman.<\/p>\n<p><strong>Vad \u00e4r det som \u00e4r viktigt med <em>Historien om tigern<\/em>?<\/strong><\/p>\n<p>\u2013 Att han s\u00f6ker efter att vara en del i ett sammanhang, svarar John Hedman.<br \/>\n\u2013 Det handlar om att l\u00e4ra sig att lita p\u00e5 sig sj\u00e4lv<\/p>\n<p>\u2013 Han m\u00f6ter samma problematik var han \u00e4n hamnar. Han \u00e4r utst\u00f6tt och misstrodd i b\u00f6rjan men hittar sitt sammanhang till slut, forts\u00e4tter Viktor Hedman och l\u00e4gger till:<br \/>\n\u2013 Det \u00e4r ett \u00e4ventyr ocks\u00e5.<\/p>\n<p>\u00a9 <em>Text och foto: Ann-Charlotte Sandelin<\/em><\/p>\n<p>BILDSPEL (FLASH) \u2013 KLICKA P\u00c5 BILDEN <em><br \/>\nALT\/MOBIL: SE BILDSPELET <a title=\"Bildspel\" href=\"https:\/\/www.flickr.com\/photos\/kultursidan\/sets\/72157676889539423\/show\/\" target=\"_blank\">H\u00c4R<\/a><\/em><br \/>\n<object width=\"400\" height=\"300\"><param name=\"flashvars\" value=\"offsite=true&amp;lang=en-us&amp;page_show_url=%2Fphotos%2Fkultursidan%2Fsets%2F72157676889539423%2Fshow%2F&amp;page_show_back_url=%2Fphotos%2Fkultursidan%2Fsets%2F72157676889539423%2F&amp;set_id=72157676889539423&amp;jump_to=\" \/><param name=\"movie\" value=\"https:\/\/www.flickr.com\/apps\/slideshow\/show.swf?v=1811922554\" \/><param name=\"allowFullScreen\" value=\"true\" \/><\/object><\/p>\n<blockquote>\n<h3><em>TEATER BR\u00c5DDGATAN 34 Norrk\u00f6ping<\/em><\/h3>\n<p>17, 18, 19 samt 24, 25 februari 2017<em><br \/>\n<strong>Historien om tigern<\/strong><\/em><br \/>\n<em> Dario Fo<\/em><br \/>\n<em> Regi: Viktor Hedman <\/em><br \/>\n<em> Kostym: Kerstin Hedman <\/em><br \/>\n<em> Teknik: Frippe Pettersson<\/em><br \/>\n<em> Medverkande: John Hedman, sk\u00e5despelare, &amp; Christian Karnevald, musik\/ljud<\/em><br \/>\n<em> Arr: Kalbokultur<\/em><\/p><\/blockquote>\n<p>L\u00c4NKAR<br \/>\nKalbokultur <a href=\"http:\/\/kalbokultur.se\" target=\"_blank\">hemsida<\/a> <a href=\"https:\/\/www.facebook.com\/kalbokultur\/\" target=\"_blank\">Facebook<\/a> <a href=\"https:\/\/www.facebook.com\/events\/1056000467837238\/\" target=\"_blank\">FB-evenemang<\/a><\/p>\n","protected":false},"excerpt":{"rendered":"<p>NORRK\u00d6PING Ett ungdomsminne och ett \u00e4ventyr. Kalbokulturs John Hedman mindes Bj\u00f6rn Granaths upps\u00e4ttning av Dario Fos monolog Historien om Tigern. Nu g\u00f6r han den sj\u00e4lv, monologen om en man som blir utst\u00f6tt och m\u00e5ste l\u00e4ra sig att lita p\u00e5 sig sj\u00e4lv. <a class=\"continue-reading-link\" href=\"https:\/\/www.kultursidan.nu\/?p=29450\">L\u00e4s mer <span class=\"meta-nav\">&rarr; <\/span><\/a><\/p>\n","protected":false},"author":1001006,"featured_media":0,"comment_status":"closed","ping_status":"open","sticky":false,"template":"","format":"standard","meta":{"_jetpack_memberships_contains_paid_content":false,"footnotes":""},"categories":[7],"tags":[12],"class_list":["post-29450","post","type-post","status-publish","format-standard","hentry","category-norrkoping","tag-teater"],"jetpack_featured_media_url":"","jetpack_sharing_enabled":true,"_links":{"self":[{"href":"https:\/\/www.kultursidan.nu\/index.php?rest_route=\/wp\/v2\/posts\/29450","targetHints":{"allow":["GET"]}}],"collection":[{"href":"https:\/\/www.kultursidan.nu\/index.php?rest_route=\/wp\/v2\/posts"}],"about":[{"href":"https:\/\/www.kultursidan.nu\/index.php?rest_route=\/wp\/v2\/types\/post"}],"author":[{"embeddable":true,"href":"https:\/\/www.kultursidan.nu\/index.php?rest_route=\/wp\/v2\/users\/1001006"}],"replies":[{"embeddable":true,"href":"https:\/\/www.kultursidan.nu\/index.php?rest_route=%2Fwp%2Fv2%2Fcomments&post=29450"}],"version-history":[{"count":0,"href":"https:\/\/www.kultursidan.nu\/index.php?rest_route=\/wp\/v2\/posts\/29450\/revisions"}],"wp:attachment":[{"href":"https:\/\/www.kultursidan.nu\/index.php?rest_route=%2Fwp%2Fv2%2Fmedia&parent=29450"}],"wp:term":[{"taxonomy":"category","embeddable":true,"href":"https:\/\/www.kultursidan.nu\/index.php?rest_route=%2Fwp%2Fv2%2Fcategories&post=29450"},{"taxonomy":"post_tag","embeddable":true,"href":"https:\/\/www.kultursidan.nu\/index.php?rest_route=%2Fwp%2Fv2%2Ftags&post=29450"}],"curies":[{"name":"wp","href":"https:\/\/api.w.org\/{rel}","templated":true}]}}