{"id":29578,"date":"2017-02-24T14:11:02","date_gmt":"2017-02-24T13:11:02","guid":{"rendered":"https:\/\/intelligent-friend-7861.standoutwp.com\/?p=29578"},"modified":"2017-02-24T14:11:02","modified_gmt":"2017-02-24T13:11:02","slug":"bamse-med-vanner-inleder-pa-bravalla","status":"publish","type":"post","link":"https:\/\/www.kultursidan.nu\/?p=29578","title":{"rendered":"Bamse med v\u00e4nner inleder p\u00e5 Br\u00e5valla"},"content":{"rendered":"<h1><span style=\"color: #ff0000;\">Hoffmaestro och Scooter till 2-scen-onsdag<\/span><\/h1>\n<p>NORRK\u00d6PING<br \/>\n<strong>Br\u00e5vallafestivalen inleder med styrka.<\/strong> V\u00e4rldens starkaste bj\u00f6rn, Bamse l\u00e4mnar Kolm\u00e5rdsskogarna och ger en s\u00e5ng- och dansf\u00f6rest\u00e4llning tillsammans med sina v\u00e4nner. Senare samma dag spelar den \u00e5ngande naturkraften Hoffmaestro och 25-\u00e5rsfirande eurodiscogruppen Scooter.<\/p>\n<p><strong>Tre festivaldagar har blivit fyra.<\/strong> F\u00f6rra \u00e5rets f\u00f6rfest som enbart var \u00f6ppen f\u00f6r camparna var lyckad. Nu blir onsdagen en inledande dag med tv\u00e5 scener, f\u00f6rst p\u00e5 torsdagen v\u00e4xer festivalen till fyllda scener.<\/p>\n<blockquote>\n<h3><em>BR\u00c5VALLA Norrk\u00f6ping<\/em><\/h3>\n<p>28 juni \u2013 1 juli 2017<br \/>\n<em> <strong>Musikfestival<\/strong><\/em><br \/>\n<em> Arr: FKP Scorpio<\/em><\/p>\n<h4 style=\"padding-left: 30px;\"><em>ONSDAG 28 JUNI<\/em><\/h4>\n<p style=\"padding-left: 30px;\"><em>Bamse och hans v\u00e4nner<\/em><br \/>\n<em> Hoffmaestro<\/em><br \/>\n<em> Scooter<\/em><br \/>\n<em> Skindred<\/em><br \/>\n<em> System of a Down<\/em><\/p>\n<h4 style=\"padding-left: 30px;\"><em>TORSDAG 29 JUNI<\/em><\/h4>\n<p style=\"padding-left: 30px;\"><em>Adept<\/em><br \/>\n<em> Bob Hund<\/em><br \/>\n<em> Gogol Bordello<\/em><br \/>\n<em> Laleh<\/em><br \/>\n<em> Linkin Park<\/em><br \/>\n<em> LP<\/em><br \/>\n<em> Mac Miller<\/em><br \/>\n<em> Of Mice &amp; Men<\/em><br \/>\n<em> Otto Knows<\/em><br \/>\n<em> Passenger<\/em><br \/>\n<em> Rae Sremmurd<\/em><\/p>\n<h4 style=\"padding-left: 30px;\"><em>FREDAG 30 JUNI<\/em><\/h4>\n<p style=\"padding-left: 30px;\"><em>Alesso<\/em><br \/>\n<em> Baroness<\/em><br \/>\n<em> Dada Life<\/em><br \/>\n<em> Die Antwoord<\/em><br \/>\n<em> The Chainsmokers <\/em><br \/>\n<em> Travis Scott<\/em><\/p>\n<h4 style=\"padding-left: 30px;\"><em>L\u00d6RDAG 1 JULI<\/em><\/h4>\n<p style=\"padding-left: 30px;\"><em>Ellie Goulding<\/em><br \/>\n<em> The Killers<\/em><br \/>\n<em> Martin Garrix<\/em><br \/>\n<em> Norlie &amp; KKV<\/em><br \/>\n<em> Prohets of Rage<\/em>\n<\/p>\n<\/blockquote>\n<p>L\u00c4NKAR<br \/>\nBr\u00e5valla Festival <a href=\"http:\/\/www.bravallafestival.se\" target=\"_blank\">hemsida<\/a> <a href=\"http:\/\/www.bravallafestival.se\/biljetter.html\" target=\"_blank\">biljetter<\/a>\u00a0 <a href=\"https:\/\/www.facebook.com\/bravallafestivalen\/?fref=ts\" target=\"_blank\">Facebook<\/a>\u00a0 <a href=\"https:\/\/www.facebook.com\/events\/1235720856494135\/\" target=\"_blank\">FB-evenemang<br \/>\n<\/a>Laleh tillbaka till Br\u00e5valla i sommar <a href=\"https:\/\/www.kultursidan.nu\/?p=28971\" target=\"_blank\">KortNytt<\/a> Kultursidan.nu 25\/1 2016<br \/>\nEllie Goulding till Br\u00e5valla festival <a href=\"https:\/\/www.kultursidan.nu\/?p=28459\" target=\"_blank\">KortNytt<\/a> Kultursidan.nu 19\/12 2016<br \/>\nBr\u00e5valla festival firar fem med fyra och sex <a href=\"https:\/\/www.kultursidan.nu\/?p=28231\" target=\"_blank\">artikel<\/a> Kultursidan.nu 5\/12 2016<\/p>\n","protected":false},"excerpt":{"rendered":"<p>NORRK\u00d6PING Br\u00e5vallafestivalen inleder med styrka. V\u00e4rldens starkaste bj\u00f6rn, Bamse l\u00e4mnar Kolm\u00e5rdsskogarna och ger en s\u00e5ng- och dansf\u00f6rest\u00e4llning tillsammans med sina v\u00e4nner. Senare samma dag spelar Hoffmaestro och Scooter. <a class=\"continue-reading-link\" href=\"https:\/\/www.kultursidan.nu\/?p=29578\">L\u00e4s mer <span class=\"meta-nav\">&rarr; <\/span><\/a><\/p>\n","protected":false},"author":1001006,"featured_media":0,"comment_status":"closed","ping_status":"open","sticky":false,"template":"","format":"standard","meta":{"_jetpack_memberships_contains_paid_content":false,"footnotes":""},"categories":[7],"tags":[29,13],"class_list":["post-29578","post","type-post","status-publish","format-standard","hentry","category-norrkoping","tag-festival","tag-musik"],"jetpack_featured_media_url":"","jetpack_sharing_enabled":true,"_links":{"self":[{"href":"https:\/\/www.kultursidan.nu\/index.php?rest_route=\/wp\/v2\/posts\/29578","targetHints":{"allow":["GET"]}}],"collection":[{"href":"https:\/\/www.kultursidan.nu\/index.php?rest_route=\/wp\/v2\/posts"}],"about":[{"href":"https:\/\/www.kultursidan.nu\/index.php?rest_route=\/wp\/v2\/types\/post"}],"author":[{"embeddable":true,"href":"https:\/\/www.kultursidan.nu\/index.php?rest_route=\/wp\/v2\/users\/1001006"}],"replies":[{"embeddable":true,"href":"https:\/\/www.kultursidan.nu\/index.php?rest_route=%2Fwp%2Fv2%2Fcomments&post=29578"}],"version-history":[{"count":0,"href":"https:\/\/www.kultursidan.nu\/index.php?rest_route=\/wp\/v2\/posts\/29578\/revisions"}],"wp:attachment":[{"href":"https:\/\/www.kultursidan.nu\/index.php?rest_route=%2Fwp%2Fv2%2Fmedia&parent=29578"}],"wp:term":[{"taxonomy":"category","embeddable":true,"href":"https:\/\/www.kultursidan.nu\/index.php?rest_route=%2Fwp%2Fv2%2Fcategories&post=29578"},{"taxonomy":"post_tag","embeddable":true,"href":"https:\/\/www.kultursidan.nu\/index.php?rest_route=%2Fwp%2Fv2%2Ftags&post=29578"}],"curies":[{"name":"wp","href":"https:\/\/api.w.org\/{rel}","templated":true}]}}