{"id":29678,"date":"2017-03-03T14:02:53","date_gmt":"2017-03-03T13:02:53","guid":{"rendered":"https:\/\/intelligent-friend-7861.standoutwp.com\/?p=29678"},"modified":"2017-03-03T14:02:53","modified_gmt":"2017-03-03T13:02:53","slug":"vid-floden-styx-vantar-vi-alla-pa-sista-resan-recension","status":"publish","type":"post","link":"https:\/\/www.kultursidan.nu\/?p=29678","title":{"rendered":"Vid floden Styx v\u00e4ntar vi alla p\u00e5 sista resan (recension)"},"content":{"rendered":"<p><em><img loading=\"lazy\" decoding=\"async\" class=\"alignnone size-medium wp-image-29685\" src=\"https:\/\/www.kultursidan.nu\/wp-content\/uploads\/2017\/03\/DSCF9260-567x378.jpg\" alt=\"\" width=\"567\" height=\"378\" srcset=\"https:\/\/www.kultursidan.nu\/wp-content\/uploads\/2017\/03\/DSCF9260-567x378.jpg 567w, https:\/\/www.kultursidan.nu\/wp-content\/uploads\/2017\/03\/DSCF9260-768x512.jpg 768w, https:\/\/www.kultursidan.nu\/wp-content\/uploads\/2017\/03\/DSCF9260-1024x682.jpg 1024w, https:\/\/www.kultursidan.nu\/wp-content\/uploads\/2017\/03\/DSCF9260-500x333.jpg 500w, https:\/\/www.kultursidan.nu\/wp-content\/uploads\/2017\/03\/DSCF9260-150x100.jpg 150w, https:\/\/www.kultursidan.nu\/wp-content\/uploads\/2017\/03\/DSCF9260.jpg 1280w\" sizes=\"auto, (max-width: 567px) 100vw, 567px\" \/><br \/>\nSkymningsland. Charon korsar ofta floden Styx. Ibland ensam, ibland med en f\u00f6ljeslagare, ibland med flera.\u00a0<\/em><\/p>\n<p>&nbsp;<\/p>\n<h1><span style=\"color: #ff0000;\">Charon har ofta \u00e4renden, h\u00e4mtar och f\u00f6r bort<\/span><\/h1>\n<p>&nbsp;<\/p>\n<p>RECENSION\/NORRK\u00d6PING<br \/>\n<strong>Livet och d\u00f6den. Vad var det som h\u00e4nde?<\/strong> TeaterNjutarna, en grupp inom Kvartersteatern, st\u00e4ller fr\u00e5gorna vi alla innerst inne b\u00e4r p\u00e5. <em>Vid floden Styx<\/em> \u00e4r en poetisk f\u00f6rest\u00e4llning som ges p\u00e5 Teater Br\u00e5ddgatan 34, i Tredje kammaren vars port mot gatan \u00e4r bel\u00e4gen n\u00e5gra meter upp mot Kungsgatan fr\u00e5n huvudentr\u00e9n.<\/p>\n<p>Teatergruppen TeaterNjutarna har vid det h\u00e4r laget funnits i ganska m\u00e5nga \u00e5r. De har gjort b\u00e5de film och teater tillsammans. Medlemmarna i gruppen har funktionshinder av olika slag. Det alla har gemensamt \u00e4r k\u00e4rleken till teater.<\/p>\n<p>&nbsp;<\/p>\n<h2>Korta versionen<\/h2>\n<p>&nbsp;<\/p>\n<p><strong>Det \u00e4r skymning <em>Vid floden Styx<\/em>.<\/strong> M\u00e4nniskorna d\u00e4r \u00e4r fast. Charon v\u00e4ljer ut de som f\u00e5r korsa floden med honom. Charon \u00e4r lite l\u00e4skig.<\/p>\n<p>De ber\u00e4ttar om sina liv. En var slav, en var m\u00e5lare, en var l\u00e4rare. Alla hade de varit n\u00e5gon, var och en hade haft ett liv. N\u00e5gra ber\u00e4ttelser visas mer och d\u00e5 hj\u00e4lper flera till. Det blir vackert och v\u00e4cker k\u00e4nslor.<\/p>\n<p><em>Vid floden Styx<\/em> ber\u00e4ttar att alla har liv. Den ber\u00e4ttar att alla d\u00f6r. Det g\u00f6r oss alla lika.<\/p>\n<p>&nbsp;<\/p>\n<p><a title=\"Vid floden Styx\" href=\"https:\/\/www.flickr.com\/photos\/kultursidan\/33182335546\/in\/album-72157680984350145\/\"><img loading=\"lazy\" decoding=\"async\" src=\"https:\/\/c1.staticflickr.com\/4\/3764\/33182335546_f8c28aa110.jpg\" alt=\"Vid floden Styx\" width=\"500\" height=\"333\" \/><\/a><br \/>\n<em>Poetiska bilder. De byggs upp och f\u00f6r\u00e4ndras.<br \/>\n<\/em><\/p>\n<p>&nbsp;<\/p>\n<h2>L\u00e5nga versionen<\/h2>\n<p>&nbsp;<\/p>\n<p><strong><em>Vid floden Styx<\/em>, en poetisk titel som ocks\u00e5 k\u00e4nns lite olyckb\u00e5dande, vid gr\u00e4nsen.<\/strong> St\u00e4ndig skymning r\u00e5der vid floden, m\u00e4nniskorna stannar vid den osynliga rand p\u00e5 scenen som endast Charon korsar. Han \u00e4r f\u00e4rjekarlen, som enligt den grekiska mytologin f\u00f6rde de som nyss d\u00f6tt \u00f6ver floden Styx till Hades, d\u00f6dsriket.<\/p>\n<p>Ibland ser han ut som vilken man som helst, m\u00e5 vara st\u00f6rre \u00e4n de flesta. Allvarstyngd med den tunga staven. Ibland glimmar hans d\u00f6dskalle till.<\/p>\n<p><strong>\u2013 Vad var det som h\u00e4nde?<\/strong> Varf\u00f6r fick inte vi f\u00f6lja med? De som \u00e4r kvar vid stranden st\u00e4ller fr\u00e5gor utan att f\u00e5 svar.<\/p>\n<p>Lever de eller \u00e4r de nyd\u00f6da? \u00c4r de p\u00e5 stranden eller \u00e4r de i floden? Den fysiska gestaltningen \u00e4r poetisk och \u00f6ppen f\u00f6r tolkningar, g\u00e5tfull. De str\u00e4cker sig efter Charon och hans f\u00f6ljeslagare, g\u00e5ng efter annan.<\/p>\n<p>Charon har ofta \u00e4renden \u00f6ver floden Styx. Han h\u00e4mtar och f\u00f6r bort, h\u00e4mtar och f\u00f6r bort. In i det sista, n\u00e4r scenen \u00e4r tom och det bara \u00e4r vi i genrepspubliken kvar.<\/p>\n<p>&nbsp;<\/p>\n<p><a title=\"Vid floden Styx\" href=\"https:\/\/www.flickr.com\/photos\/kultursidan\/33182333616\/in\/album-72157680984350145\/\"><img loading=\"lazy\" decoding=\"async\" src=\"https:\/\/c1.staticflickr.com\/4\/3864\/33182333616_15582e7cc4.jpg\" alt=\"Vid floden Styx\" width=\"341\" height=\"500\" \/><\/a><br \/>\n<em>Jag var en f\u00f6nsterputsare. Jag var r\u00e4dd f\u00f6r h\u00f6ga h\u00f6jder.<\/em><\/p>\n<p>&nbsp;<\/p>\n<p><strong>\u00c5tminstone har de levt, om detta vittnar de.<\/strong> Och nu lyser scenen upp och musiken blir gl\u00e4ttig. N\u00e5gon var m\u00e5lare, en annan var l\u00e4rare, en tredje var en h\u00f6jdr\u00e4dd f\u00f6nsterputsare. Jag f\u00e5r en stark k\u00e4nsla av att n\u00e5gra av yrkesvalen kan vara en uttalad livsdr\u00f6m.<\/p>\n<p>Vi f\u00e5r f\u00f6rdjupad inblick i n\u00e5gra livs\u00f6den. Vi ser slaven slita h\u00e5rt och \u00e4nd\u00e5 bli piskad. Polisen var duktig polis \u2013 h\u00e4r skanderar hela ensemblen \u201dTa fast tjuven!\u201d \u2013 och dog. Sjuksk\u00f6terskan tog hand om de sjuka men drabbades sj\u00e4lv och dog. Varje livs\u00f6de gestaltas p\u00e5 sitt s\u00e4tt.<\/p>\n<p><strong>Det \u00e4r h\u00e4r TeaterNjutarnas styrka ligger, bortom det skickliga ljusspelet och den suggestiva musiken.<\/strong> Styrkan ligger i hur ledarna Vanilla Karlsv\u00e4rd och John Johansson genom rik och omv\u00e4xlande regi l\u00e5ter var och en av deltagarna utifr\u00e5n sin f\u00f6rm\u00e5ga bidra till en teaterf\u00f6rest\u00e4llning med h\u00f6ga konstn\u00e4rliga kvaliteter och allm\u00e4ngiltigt budskap.<\/p>\n<p>B\u00e4sta exemplet \u00e4r kanske Isak Jansson Ekman, som k\u00f6r fram med sin rullstol och l\u00e5ter ensemblen ber\u00e4tta att i livet var han en ber\u00f6md uppt\u00e4cktsresande och f\u00f6rfattare. En dr\u00f6m, en saga, ett livs\u00f6de.<\/p>\n<p>&nbsp;<\/p>\n<p><a title=\"Vid floden Styx\" href=\"https:\/\/www.flickr.com\/photos\/kultursidan\/33182333866\/in\/album-72157680984350145\/\"><img loading=\"lazy\" decoding=\"async\" src=\"https:\/\/c1.staticflickr.com\/4\/3769\/33182333866_01dc4ca7a3.jpg\" alt=\"Vid floden Styx\" width=\"500\" height=\"333\" \/><\/a><br \/>\n<em>Sjuksk\u00f6terskan. Hon v\u00e5rdade de sjuka och de d\u00f6ende.<\/em><\/p>\n<p>&nbsp;<\/p>\n<p><strong>TeaterNjutarna arbetar utifr\u00e5n deltagarnas funderingar och \u00f6nskem\u00e5l.<\/strong> Scenerna improviseras fram och repeteras. Jag ser hur sk\u00e5despelarna hj\u00e4lps \u00e5t, de som vet exakt vad som ska h\u00e4nda hj\u00e4lper, n\u00e4stan om\u00e4rkligt, de som beh\u00f6ver st\u00f6d.<\/p>\n<p><strong><em>Vid floden Styx<\/em> \u00e4r en kortare f\u00f6rest\u00e4llning j\u00e4mf\u00f6rt med f\u00f6rra \u00e5rets <em>I skuggan av dig <\/em>som tog upp flyktingproblematiken.<\/strong> Den \u00e4r mera som en dikt \u00e4n en novell. <em>Vid floden Styx<\/em> ber\u00e4ttar att alla har liv. Den ber\u00e4ttar att alla d\u00f6r.<\/p>\n<p>Det g\u00f6r oss alla lika. Den \u00e4r mycket vacker. Punkt.<\/p>\n<p>\u00a9 <em>Text och foto: Ann-Charlotte Sandelin<\/em><\/p>\n<p>BILDSPEL (FLASH) \u2013 KLICKA P\u00c5 BILDEN <em><br \/>\nALT\/MOBIL: SE BILDSPELET <a title=\"Bildspel\" href=\"https:\/\/www.flickr.com\/photos\/kultursidan\/sets\/72157680984350145\/show\/\" target=\"_blank\">H\u00c4R<\/a><\/em><br \/>\n<object width=\"400\" height=\"300\"><param name=\"flashvars\" value=\"offsite=true&amp;lang=en-us&amp;page_show_url=%2Fphotos%2Fkultursidan%2Fsets%2F72157680984350145%2Fshow%2F&amp;page_show_back_url=%2Fphotos%2Fkultursidan%2Fsets%2F72157680984350145%2F&amp;set_id=72157680984350145&amp;jump_to=\" \/><param name=\"movie\" value=\"https:\/\/www.flickr.com\/apps\/slideshow\/show.swf?v=1811922554\" \/><param name=\"allowFullScreen\" value=\"true\" \/><\/object><\/p>\n<blockquote>\n<h3><em>3:e KAMMAREN, TEATER BR\u00c5DDGATAN 34 Norrk\u00f6ping<\/em><\/h3>\n<p><em>3 mars 2017 kl 18, 4 mars kl 17 &amp; 18<br \/>\n<strong>Vid floden Styx<\/strong><\/em><br \/>\n<em>Regi, teknik: John Johansson och Vanilla Karlsv\u00e4rd <\/em><br \/>\n<em>Prod: TeaterNjutarna i Kvartersteatern i samarbete med SkaparAnda, Folkuniversitetet och Kultur &amp; Fritid<\/em><\/p>\n<p style=\"padding-left: 30px;\"><em>SK\u00c5DESPELARE<\/em><br \/>\n<em>Viktor Hadd<br \/>\nAxel Nor\u00e9n<br \/>\nIsak Jansson Ekman<br \/>\nJacob Carlsson<br \/>\nDesire\u00e9 Svensson<br \/>\nJohan Eriks\u00e9n<br \/>\nJohanna Kjell<br \/>\nEmma Jonsson<br \/>\nMarkus Karlsson<br \/>\nPatrik Tillberg<\/em><br \/>\n<em>Anton Lycke<\/em><\/p>\n<\/blockquote>\n<p>L\u00c4NKAR<br \/>\nKvartersteatern <a href=\"http:\/\/www.kvartersteatern.com\" target=\"_blank\">hemsida<\/a> <a href=\"https:\/\/www.facebook.com\/kvartersteatern.norrkoping?fref=ts\" target=\"_blank\">Facebook<\/a><br \/>\nI skuggan av dig med TeaterNjutarna <a href=\"https:\/\/www.kultursidan.nu\/?p=24404\" target=\"_blank\">recension<\/a> Kultursidan.nu 16\/3 2016<\/p>\n","protected":false},"excerpt":{"rendered":"<p>NORRK\u00d6PING Livet och d\u00f6den. Vad var det som h\u00e4nde? TeaterNjutarna, en grupp inom Kvartersteatern, st\u00e4ller fr\u00e5gorna vi alla innerst inne b\u00e4r p\u00e5. Det \u00e4r en poetisk och mycket sev\u00e4rd f\u00f6rest\u00e4llning som ges Teater Br\u00e5ddgatan 34 nu i helgen. <a class=\"continue-reading-link\" href=\"https:\/\/www.kultursidan.nu\/?p=29678\">L\u00e4s mer <span class=\"meta-nav\">&rarr; <\/span><\/a><\/p>\n","protected":false},"author":1001006,"featured_media":0,"comment_status":"closed","ping_status":"open","sticky":false,"template":"","format":"standard","meta":{"_jetpack_memberships_contains_paid_content":false,"footnotes":""},"categories":[7],"tags":[12],"class_list":["post-29678","post","type-post","status-publish","format-standard","hentry","category-norrkoping","tag-teater"],"jetpack_featured_media_url":"","jetpack_sharing_enabled":true,"_links":{"self":[{"href":"https:\/\/www.kultursidan.nu\/index.php?rest_route=\/wp\/v2\/posts\/29678","targetHints":{"allow":["GET"]}}],"collection":[{"href":"https:\/\/www.kultursidan.nu\/index.php?rest_route=\/wp\/v2\/posts"}],"about":[{"href":"https:\/\/www.kultursidan.nu\/index.php?rest_route=\/wp\/v2\/types\/post"}],"author":[{"embeddable":true,"href":"https:\/\/www.kultursidan.nu\/index.php?rest_route=\/wp\/v2\/users\/1001006"}],"replies":[{"embeddable":true,"href":"https:\/\/www.kultursidan.nu\/index.php?rest_route=%2Fwp%2Fv2%2Fcomments&post=29678"}],"version-history":[{"count":0,"href":"https:\/\/www.kultursidan.nu\/index.php?rest_route=\/wp\/v2\/posts\/29678\/revisions"}],"wp:attachment":[{"href":"https:\/\/www.kultursidan.nu\/index.php?rest_route=%2Fwp%2Fv2%2Fmedia&parent=29678"}],"wp:term":[{"taxonomy":"category","embeddable":true,"href":"https:\/\/www.kultursidan.nu\/index.php?rest_route=%2Fwp%2Fv2%2Fcategories&post=29678"},{"taxonomy":"post_tag","embeddable":true,"href":"https:\/\/www.kultursidan.nu\/index.php?rest_route=%2Fwp%2Fv2%2Ftags&post=29678"}],"curies":[{"name":"wp","href":"https:\/\/api.w.org\/{rel}","templated":true}]}}