{"id":29703,"date":"2017-03-03T20:18:56","date_gmt":"2017-03-03T19:18:56","guid":{"rendered":"https:\/\/intelligent-friend-7861.standoutwp.com\/?p=29703"},"modified":"2017-03-03T20:27:38","modified_gmt":"2017-03-03T19:27:38","slug":"carter-och-lundby-staller-ut-for-en-dag","status":"publish","type":"post","link":"https:\/\/www.kultursidan.nu\/?p=29703","title":{"rendered":"Carter och Lundby st\u00e4ller ut f\u00f6r en dag"},"content":{"rendered":"<p><img loading=\"lazy\" decoding=\"async\" class=\"alignnone size-medium wp-image-29710\" src=\"https:\/\/www.kultursidan.nu\/wp-content\/uploads\/2017\/03\/DSCF9229-567x378.jpg\" alt=\"\" width=\"567\" height=\"378\" srcset=\"https:\/\/www.kultursidan.nu\/wp-content\/uploads\/2017\/03\/DSCF9229-567x378.jpg 567w, https:\/\/www.kultursidan.nu\/wp-content\/uploads\/2017\/03\/DSCF9229-768x512.jpg 768w, https:\/\/www.kultursidan.nu\/wp-content\/uploads\/2017\/03\/DSCF9229-1024x682.jpg 1024w, https:\/\/www.kultursidan.nu\/wp-content\/uploads\/2017\/03\/DSCF9229-500x333.jpg 500w, https:\/\/www.kultursidan.nu\/wp-content\/uploads\/2017\/03\/DSCF9229-150x100.jpg 150w, https:\/\/www.kultursidan.nu\/wp-content\/uploads\/2017\/03\/DSCF9229.jpg 1280w\" sizes=\"auto, (max-width: 567px) 100vw, 567px\" \/><br \/>\n<em>Allehensr\u00e4tt. Linden Carter arbetar med sin v\u00e4ggm\u00e5lning inf\u00f6r l\u00f6rdagens utst\u00e4llning p\u00e5 Plankgatan 18.<\/em><\/p>\n<p>&nbsp;<\/p>\n<h1><span style=\"color: #ff0000;\">Vilka (f\u00e5r) ta plats i landskapet?<\/span><\/h1>\n<p>&nbsp;<\/p>\n<p>NORRK\u00d6PING<br \/>\n<strong>Vad \u00e4r ett landskap? Vems \u00e4r landskapet?<\/strong> Vilka \u00e4r m\u00e4nniskorna i landskapet? Linden Carter skissade p\u00e5 en framtidsvision f\u00f6r Norrk\u00f6ping. Snart kom hon och Maria Lundby p\u00e5 att de ville g\u00f6ra en utst\u00e4llning tillsammans med landskap som tema.<\/p>\n<p><strong>De \u00e4r p\u00e5 god v\u00e4g med utst\u00e4llningen <em>Landskap \u2013 vida vyer och h\u00f6ga tak<\/em>.<\/strong> Den stora salen i bottenplanet hos KIFiN, Konstn\u00e4rernas intressef\u00f6rening i Norrk\u00f6ping, p\u00e5 Plankgatan 18, f\u00e5r g\u00f6ra tj\u00e4nst som galleri f\u00f6r en dag. L\u00f6rdagens vernissage f\u00f6ljs n\u00e4mligen av finissage, utst\u00e4llning och fest p\u00e5 samma g\u00e5ng.<\/p>\n<p>\u2013 Det k\u00e4nns som en konsert, maxat, utbrister Linden Carter.<\/p>\n<p>\u2013 Ja det kan vara bra att g\u00f6ra en utst\u00e4llning p\u00e5 riktigt \u00e4ven om det bara \u00e4r f\u00f6r en dag, det blir f\u00f6rt\u00e4tat, fyller Maria Lundby i.<\/p>\n<p><strong>Linden Carters stora muralm\u00e5lning, hon m\u00e5lar direkt p\u00e5 v\u00e4ggen, \u00e4r halvf\u00e4rdig.<\/strong> Skissen ligger p\u00e5 golvet och det \u00e4r l\u00e4tt att se att de bl\u00e5, rosa och bruna f\u00e4rgerna \u00e4r p\u00e5 plats. Nu beh\u00f6vs mera gult och kanske r\u00f6tt. J\u00e4mf\u00f6rt med skissen har hon redan lagt till fler sm\u00e5 detaljer. En sj\u00f6jungfru f\u00e5r till exempel ljusa prickar p\u00e5 baddr\u00e4ktens prickar. Bakom den lustfyllda m\u00e5lningen \u2013 som ser ut att ha temat \u201dpeace, love and understanding\u201d \u2013 ligger allvarliga tankar, som tagit sin utg\u00e5ngspunkt fr\u00e5n den svenska allemansr\u00e4tten.<\/p>\n<p>\u2013 Jag kallar mitt verk <em>Allehensr\u00e4tt. <\/em>Jag t\u00e4nker p\u00e5 m\u00e4nniskor som flyr sina hem p\u00e5 grund av strukturell honomfobi i sina heml\u00e4nder men inte f\u00e5r uppeh\u00e5llstillst\u00e5nd i Sverige d\u00e5 Migrationsverket inte anser att de \u00e4r tillr\u00e4ckligt gay, s\u00e4ger hon och forts\u00e4tter:<\/p>\n<p>\u2013 Parallellt med den verkligheten uppst\u00e5r en ironi i hur stolta svenskar \u00e4r \u00f6ver allemansr\u00e4tten och Ulf Lundells <em>\u00d6ppna landskap.<\/em> Vilka inkluderas i visionen om allemansr\u00e4tten n\u00e4r vi mest vistas i slutna rum?!<\/p>\n<p>&nbsp;<\/p>\n<p><a title=\"Maria Lundby\" href=\"https:\/\/www.flickr.com\/photos\/kultursidan\/33100956931\/in\/album-72157678695596522\/\"><img loading=\"lazy\" decoding=\"async\" src=\"https:\/\/c1.staticflickr.com\/4\/3744\/33100956931_1f7cd32fc8.jpg\" alt=\"Maria Lundby\" width=\"500\" height=\"333\" \/><\/a><br \/>\n<em> Andra landskap. Maria Lundbys m\u00e5lningar till v\u00e4nster \u00e4r inspirerade av Sara Stridsbergs roman Happy Sally. Till h\u00f6ger ett verk med Frida Hyv\u00f6nens album Kvinnor och barn som inspiration.<\/em><\/p>\n<p>&nbsp;<\/p>\n<p><strong>F\u00f6r fem \u00e5r sedan st\u00e4llde Maria Lundby ut p\u00e5 Galleri Kronan.<\/strong> En ensam seglare i en jolle, till slut gick hon iland. De tre m\u00e5lningarna \u00e4r inspirerade av <em>Happy Sally<\/em>, Sara Stridsbergs roman om kvinnan som simmade \u00f6ver engelska kanalen 1939.<\/p>\n<p>Den badrockskl\u00e4dda simmerskan p\u00e5 stranden n\u00e4rmar sig verkst\u00e4llandet, bild f\u00f6r bild. Ena benet skjuts fram, snorkelns munstycke kommer p\u00e5 plats.<\/p>\n<p>\u2013 Det \u00e4r sp\u00e4nnande att kliva i och ur, att byta element, s\u00e4ger Maria Lundby. Jag har t\u00e4nkt mycket p\u00e5 just det.<\/p>\n<p>Hon blandar ett enkelt formspr\u00e5k \u00e0 la serietckningens med ett avancerat djup och lyster i m\u00e5leriet.<\/p>\n<p>\u2013 \u00c4ggoljetempera \u00e0 la 1500-tal, lyfter konstn\u00e4ren fram. Och s\u00e5 finns ju landskapet d\u00e4r.<\/p>\n<p><strong>Invid de tre m\u00e5lningarna sticker figurer i r\u00f6tt ut fr\u00e5n v\u00e4ggen, mot en kontrasterande ljusgr\u00f6n bakgrund.<\/strong> Utst\u00e4llningsbelysningen l\u00e4gger till detaljerade skuggor i det allt skummare rummet. H\u00e4r kommer inspirationen fr\u00e5n s\u00e5ngerskan Frida Hyv\u00f6nens album <em>Kvinnor och barn<\/em>.<\/p>\n<p>\u2013 Man pratar s\u00e5 mycket om att skydda kvinnor och barn i krig men de har m\u00e5nga g\u00e5nger l\u00e4mnats p\u00e5 en \u00f6ppen plats. Jag s\u00e5g kvinnorna som olika skikt i landskapet, kvinnor och barn vid horisonten, kommenterar Maria Lundby som g\u00e4rna skulle se verket som en utsmyckning i st\u00f6rre format.<\/p>\n<p>&nbsp;<\/p>\n<p><a title=\"Maria Lundby\" href=\"https:\/\/www.flickr.com\/photos\/kultursidan\/33100957171\/in\/album-72157678695596522\/\"><img loading=\"lazy\" decoding=\"async\" src=\"https:\/\/c1.staticflickr.com\/4\/3916\/33100957171_3dea1c5364.jpg\" alt=\"Maria Lundby\" width=\"318\" height=\"500\" \/><\/a><br \/>\n<em>Akvareller. Som livstr\u00e4d avtecknar de sig mot vinterlandskapet.<\/em><\/p>\n<p>&nbsp;<\/p>\n<p><strong>Det \u00e4r m\u00e5lat i akvarell, m\u00e4ttade f\u00e4rger p\u00e5 tjockt sugande lumppapper. <\/strong>Sak samma med de r\u00f6da tr\u00e4den, befolkade av tv\u00e5 gestalter som intar olika positioner. Tr\u00e4den \u00e4r kala, med utstickande grenar. De avtecknar sig mot landskapet.<\/p>\n<p><strong>I utst\u00e4llningen ing\u00e5r \u00e4ven tv\u00e5 korta animationer som projiceras direkt p\u00e5 v\u00e4ggen.<\/strong> Linden Carters nattliga landskap med fallande stj\u00e4rnor till musik av Tjejen Puck Samuelsson, k\u00e4nd fr\u00e5n Anna Bandit.<\/p>\n<p>Maria Lundbys vinterlandskap till jazzmusikern Anna Bergslunds musik utg\u00e5r fr\u00e5n en promenad, f\u00f6rst en mobilfilm, sedan stillbilder, till slut f\u00f6renklade abstrakta tr\u00e4d med starkt sl\u00e4ktskap med akvarellerna invid. M\u00e5leriet \u00f6ppnas.<\/p>\n<p><strong>Allt detta arbete f\u00f6r en endagsutst\u00e4llning!<\/strong> Och Linden Carters muralm\u00e5lning kommer att m\u00e5las \u00f6ver direkt efter utst\u00e4llningen.<\/p>\n<p>\u2013 Men den kommer alltid att finnas d\u00e4r inunder, s\u00e4ger hon bel\u00e5tet. Dessutom ser hon fram emot att m\u00e5la sin framtidsvision p\u00e5 fler platser fram\u00f6ver.<\/p>\n<p>\u00a9 <em>Text och foto: Ann-Charlotte Sandelin<\/em><\/p>\n<p>BILDSPEL (FLASH) \u2013 KLICKA P\u00c5 BILDEN <em><br \/>\nALT\/MOBIL: SE BILDSPELET <a title=\"Bildspel\" href=\"https:\/\/www.flickr.com\/photos\/kultursidan\/sets\/72157678695596522\/show\/\" target=\"_blank\">H\u00c4R<\/a><\/em><br \/>\n<object width=\"400\" height=\"300\"><param name=\"flashvars\" value=\"offsite=true&amp;lang=en-us&amp;page_show_url=%2Fphotos%2Fkultursidan%2Fsets%2F72157678695596522%2Fshow%2F&amp;page_show_back_url=%2Fphotos%2Fkultursidan%2Fsets%2F72157678695596522%2F&amp;set_id=72157678695596522&amp;jump_to=\" \/><param name=\"movie\" value=\"https:\/\/www.flickr.com\/apps\/slideshow\/show.swf?v=1811922554\" \/><param name=\"allowFullScreen\" value=\"true\" \/><\/object><\/p>\n<blockquote>\n<h3><em>KIFiN, PLANKGATAN 18 Norrk\u00f6ping<\/em><\/h3>\n<p>4 mars 2017 Vernissage kl 12 \u2013 16, Finissage kl 18 \u2013 24<em><br \/>\n<strong>Landskap \u2013 vida vyer och h\u00f6ga tak<\/strong><\/em><br \/>\n<em> Maria Lundby och Linden Carter<\/em><br \/>\n<em> M\u00e5leri<\/em><\/p><\/blockquote>\n<p>L\u00c4NKAR<br \/>\nMaria Lundby <a href=\"http:\/\/marialundby.se\" target=\"_blank\">hemsida <\/a><br \/>\nLinden Carter <a href=\"http:\/\/cargocollective.com\/lindenillustration\" target=\"_blank\">hemsida <\/a><br \/>\nKIFiN Plankgatan <a href=\"http:\/\/www.gallerikronan.se\/kifin\/plankgatan\/\" target=\"_blank\">hemsida <\/a><br \/>\nTv\u00e5 ber\u00e4ttelser om frihet p\u00e5 Kronan <a href=\"https:\/\/www.kultursidan.nu\/?p=4208\" target=\"_blank\">reportage<\/a> Kultursidan.nu 3\/2 2012<\/p>\n","protected":false},"excerpt":{"rendered":"<p>NORRK\u00d6PING Vad \u00e4r ett landskap? Vems \u00e4r landskapet? Linden Carter skissade p\u00e5 en framtidsvision f\u00f6r Norrk\u00f6ping. Snart kom hon och Maria Lundby p\u00e5 att de ville g\u00f6ra en utst\u00e4llning tillsammans. L\u00f6rdagens vernissage f\u00f6ljs direkt av finissage. <a class=\"continue-reading-link\" href=\"https:\/\/www.kultursidan.nu\/?p=29703\">L\u00e4s mer <span class=\"meta-nav\">&rarr; <\/span><\/a><\/p>\n","protected":false},"author":1001006,"featured_media":0,"comment_status":"closed","ping_status":"open","sticky":false,"template":"","format":"standard","meta":{"_jetpack_memberships_contains_paid_content":false,"footnotes":""},"categories":[7],"tags":[14],"class_list":["post-29703","post","type-post","status-publish","format-standard","hentry","category-norrkoping","tag-konst"],"jetpack_featured_media_url":"","jetpack_sharing_enabled":true,"_links":{"self":[{"href":"https:\/\/www.kultursidan.nu\/index.php?rest_route=\/wp\/v2\/posts\/29703","targetHints":{"allow":["GET"]}}],"collection":[{"href":"https:\/\/www.kultursidan.nu\/index.php?rest_route=\/wp\/v2\/posts"}],"about":[{"href":"https:\/\/www.kultursidan.nu\/index.php?rest_route=\/wp\/v2\/types\/post"}],"author":[{"embeddable":true,"href":"https:\/\/www.kultursidan.nu\/index.php?rest_route=\/wp\/v2\/users\/1001006"}],"replies":[{"embeddable":true,"href":"https:\/\/www.kultursidan.nu\/index.php?rest_route=%2Fwp%2Fv2%2Fcomments&post=29703"}],"version-history":[{"count":0,"href":"https:\/\/www.kultursidan.nu\/index.php?rest_route=\/wp\/v2\/posts\/29703\/revisions"}],"wp:attachment":[{"href":"https:\/\/www.kultursidan.nu\/index.php?rest_route=%2Fwp%2Fv2%2Fmedia&parent=29703"}],"wp:term":[{"taxonomy":"category","embeddable":true,"href":"https:\/\/www.kultursidan.nu\/index.php?rest_route=%2Fwp%2Fv2%2Fcategories&post=29703"},{"taxonomy":"post_tag","embeddable":true,"href":"https:\/\/www.kultursidan.nu\/index.php?rest_route=%2Fwp%2Fv2%2Ftags&post=29703"}],"curies":[{"name":"wp","href":"https:\/\/api.w.org\/{rel}","templated":true}]}}