{"id":29734,"date":"2017-03-06T11:38:15","date_gmt":"2017-03-06T10:38:15","guid":{"rendered":"https:\/\/intelligent-friend-7861.standoutwp.com\/?p=29734"},"modified":"2017-03-06T12:15:14","modified_gmt":"2017-03-06T11:15:14","slug":"en-komisk-depression-med-nour-el-refai-recension","status":"publish","type":"post","link":"https:\/\/www.kultursidan.nu\/?p=29734","title":{"rendered":"En komisk depression med Nour El Refai (recension)"},"content":{"rendered":"<p><img loading=\"lazy\" decoding=\"async\" class=\"alignnone size-medium wp-image-29735\" src=\"https:\/\/www.kultursidan.nu\/wp-content\/uploads\/2017\/03\/Nour-El-Rafai-1-Foto-Emma-Svensson-567x378.jpg\" alt=\"\" width=\"567\" height=\"378\" srcset=\"https:\/\/www.kultursidan.nu\/wp-content\/uploads\/2017\/03\/Nour-El-Rafai-1-Foto-Emma-Svensson-567x378.jpg 567w, https:\/\/www.kultursidan.nu\/wp-content\/uploads\/2017\/03\/Nour-El-Rafai-1-Foto-Emma-Svensson-768x512.jpg 768w, https:\/\/www.kultursidan.nu\/wp-content\/uploads\/2017\/03\/Nour-El-Rafai-1-Foto-Emma-Svensson-1024x682.jpg 1024w, https:\/\/www.kultursidan.nu\/wp-content\/uploads\/2017\/03\/Nour-El-Rafai-1-Foto-Emma-Svensson-500x333.jpg 500w, https:\/\/www.kultursidan.nu\/wp-content\/uploads\/2017\/03\/Nour-El-Rafai-1-Foto-Emma-Svensson-150x100.jpg 150w, https:\/\/www.kultursidan.nu\/wp-content\/uploads\/2017\/03\/Nour-El-Rafai-1-Foto-Emma-Svensson.jpg 1280w\" sizes=\"auto, (max-width: 567px) 100vw, 567px\" \/><br \/>\n<em>Det skaver.\u00a0 Nour El Refai talar om uppv\u00e4xtvillkor, utanf\u00f6rskap, psykisk oh\u00e4lsa och att vara kvinna i ett patriarkalt samh\u00e4lle \u2013 hur det p\u00e5verkar ens dr\u00f6mmar och karri\u00e4rval.<\/em><\/p>\n<p>&nbsp;<\/p>\n<h1><span style=\"color: #ff0000;\">Jag \u00e4r inte beredd p\u00e5 klumpen i magen<\/span><\/h1>\n<p><strong>\u00a0<\/strong><\/p>\n<p>RECENSION\/NORRK\u00d6PING <strong>B\u00e5de naket och starkt.<\/strong> Nour El Refai uts\u00e5gs till \u00c5rets kvinnliga komiker 2016, d\u00e5 hon b\u00f6rjade turnera med En komisk depression. I fredags kom hon till fullsatta Flygeln och fick st\u00e5ende ovationer.<\/p>\n<p><strong>\u2013 Nej, jag \u00e4r en annan blatte p\u00e5 tv, s\u00e4ger Nour El Refai best\u00e4mt i ett YouTube-klipp fr\u00e5n <em>En komisk depression<\/em>.<\/strong> M\u00e5nga misstar henne tydligen ofta f\u00f6r s\u00e5ngerskan Laleh, och under fredagens f\u00f6rest\u00e4llning i Flygeln kommer vi ocks\u00e5 rakt in i denna passage.<\/p>\n<p>Ov\u00e4ntat tidigt, tycker jag, som hade v\u00e4ntat mig lite mer freestylande i b\u00f6rjan, lite s\u00e5d\u00e4r \u201dk\u00e4nna-av-publiken\u201d-aktigt. Men Nour \u00e4r snabb i sitt manus, och hon f\u00f6redrar dessutom att publiken inte pratar tillbaka, s\u00e4ger hon. F\u00f6r d\u00e5 v\u00e5gar hon \u00f6ppna sig om sv\u00e5ra saker med, s\u00e5dana saker som hon till och med har sv\u00e5rt f\u00f6r att prata om med sina n\u00e4ra.<\/p>\n<p><strong>Beh\u00e5llningen i f\u00f6rest\u00e4llningen ligger<\/strong> <strong>f\u00f6r mig just i det skavande.<\/strong> Nour f\u00e5r mig aldrig att skratta s\u00e5d\u00e4r mycket som hon tidigare gjort i <em>Ballar av st\u00e5l<\/em>, <em>Raj raj<\/em> eller <em>RAW Comedy Club<\/em>. Men m\u00e5nga andra skrattar. Jag t\u00e4nker nog mer.<\/p>\n<p>Nour tar upp mycket som \u00e4r intressant och tankev\u00e4ckande. Som uppv\u00e4xtvillkor, utanf\u00f6rskap, psykisk oh\u00e4lsa och att vara kvinna i ett patriarkalt samh\u00e4lle \u2013 hur det p\u00e5verkar ens dr\u00f6mmar och karri\u00e4rval.<\/p>\n<p>&nbsp;<\/p>\n<p><a title=\"Nour El Refai\" href=\"https:\/\/www.flickr.com\/photos\/kultursidan\/32468062143\/in\/album-72157677679015483\/\"><img loading=\"lazy\" decoding=\"async\" src=\"https:\/\/c1.staticflickr.com\/4\/3844\/32468062143_e75967da86.jpg\" alt=\"Nour El Refai\" width=\"333\" height=\"500\" \/><\/a><br \/>\n<em>Bildspel. Nour El Refai visar bildexempel p\u00e5 de \u00e4mnen hon tar upp i f\u00f6rest\u00e4llningen.<\/em><\/p>\n<p>&nbsp;<\/p>\n<p><strong>Det som v\u00e4cker mest skratt hos publiken i stort<\/strong> <strong>\u00e4r kanske SvampBob Fyrkant och hans kompanjon, som Nour liknar vid en balle. <\/strong>De tecknade figurerna visas upp i storbild bakom henne, liksom m\u00e5nga andra Disneykarakt\u00e4rer. Hon j\u00e4mf\u00f6r kvinnliga och manliga karakt\u00e4rer, och menar att det finns mycket st\u00f6rre diversitet bland de senare. H\u00e4xan Ursula fr\u00e5n <em>Den lilla sj\u00f6jungfrun<\/em> j\u00e4mf\u00f6rs till exempel med Odjuret fr\u00e5n <em>Sk\u00f6nheten och odjuret<\/em>:<\/p>\n<p>\u2013 Om n\u00e5gon flicka skulle f\u00e5 f\u00f6r sig att hon vill vara som den coola bl\u00e4ckfisken blir hon varnad, det \u00e4r sant, f\u00f6r Ursula blir d\u00f6dad, undervisar Nour. Odjuret har vi i st\u00e4llet l\u00e4rt oss att \u00e4lska.<\/p>\n<p><strong>Katter \u00e4r ocks\u00e5 ett tidigt inslag som m\u00e5nga s\u00e4kert har egna erfarenheter av.<\/strong> Jag t\u00e4nker d\u00e4rf\u00f6r att de sk\u00e4mten \u00e4r lite som att sl\u00e5 in \u00f6ppna d\u00f6rrar. Detsamma g\u00e4ller att skrika \u201dH\u00e5ll k\u00e4ften!\u201d vid ber\u00e4ttandet om mansplainande f\u00f6rel\u00e4sningsbes\u00f6kare. En del unga, tr\u00f6tta feminister tilltalas s\u00e4kert av det f\u00f6rl\u00f6sande i detta.<\/p>\n<p>Jag uppskattar mer Nours po\u00e4ng n\u00e4r hon t\u00e4nker tillbaka p\u00e5 rollen som Mozart. Hela tiden blev <em>hon<\/em> ombedd att inta mer pondus f\u00f6r att de andra sk\u00e5despelarna skulle klara att beundra henne. Men med sina l\u00e5nga utbildningar bakom sig borde det v\u00e4l inte ha varit s\u00e5 sv\u00e5rt f\u00f6r dem att spela beundrande oavsett. <em>Touch\u00e9.<\/em><\/p>\n<p>\u2013 Sn\u00e4lla, beundra mig bara, suckar Nour.<\/p>\n<p>&nbsp;<\/p>\n<p><a title=\"Nour El Refai\" href=\"https:\/\/www.flickr.com\/photos\/kultursidan\/33154226261\/in\/album-72157677679015483\/\"><img loading=\"lazy\" decoding=\"async\" src=\"https:\/\/c1.staticflickr.com\/3\/2829\/33154226261_700c6a3158.jpg\" alt=\"Nour El Refai\" width=\"500\" height=\"385\" \/><\/a><br \/>\n<em> Inte f\u00f6r n\u00e4ra. Nour El Refai f\u00f6redrar n\u00e4r publiken inte svarar, f\u00f6r d\u00e5 v\u00e5gar hon \u00f6ppna sig \u00e4ven om sv\u00e5ra saker. Bilden \u00e4r beskuren.<\/em><\/p>\n<p>&nbsp;<\/p>\n<p><strong>N\u00e4r hon ber\u00e4ttar att hon vid 13-\u00e5rs \u00e5lder fick diagnosen <em>kronisk<\/em> depression<\/strong> <strong>blir jag lite orolig.<\/strong> Nour menar att l\u00e4karen var kompetent och f\u00f6rklarade att alla m\u00e4nniskor \u00e4r olika s\u00e5rbara f\u00f6r olika saker, och att detta var vad hon kanske skulle beh\u00f6va livsl\u00e5ng medicinering f\u00f6r.<\/p>\n<p>Kanske \u00e4r det verkligen s\u00e5 \u2013 jag vet ju knappast hela Nours sjukdomshistorik \u2013 men t\u00e4nk om n\u00e5gon ung, olycklig person i publiken nu tror att hela livet \u00e4r f\u00f6rutbest\u00e4mt f\u00f6r att vissa k\u00e4nslor eller reaktioner uppkommer efter h\u00e4ndelser i livet.<\/p>\n<p>I Nours liv har till exempel mobbning, rasistiska f\u00f6rdomar och traumatiska relationer f\u00f6rekommit. Men genom allt har hennes mamma funnits, och det v\u00e4rmer hj\u00e4rtat. Mot slutet, n\u00e4r Nour talar om svikande pappor, blir det \u00e4nd\u00e5 riktigt sorgligt. D\u00e5 skojar hon inte till det l\u00e4ngre. D\u00e5 \u00e4r det b\u00e5de naket och starkt, men pl\u00f6tsligt ocks\u00e5 slut.<\/p>\n<p><strong>Jag tror att flera av f\u00f6rest\u00e4llningens angel\u00e4gna \u00e4mnen<\/strong> <strong>skulle kunna f\u00f6rdjupas, kanske i ett annat format.<\/strong> F\u00f6r <em>En komisk depression<\/em> lurar mig. Jag \u00e4r inte beredd p\u00e5 klumpen i magen och att bli s\u00e5 ber\u00f6rd. Det g\u00f6r mig nyfiken p\u00e5 vad Nour kommer att hitta p\u00e5 h\u00e4rn\u00e4st. Jag hoppas att \u00c5rets kvinnliga komiker 2016 \u00e4ven fortsatt tar vara p\u00e5 allvaret inom sig.<\/p>\n<p>\u00a9 <em>Text: Melinda Reyes Hiltunen<\/em><br \/>\n\u00a9 <em>Foto: Emma Svensson <\/em><\/p>\n<blockquote>\n<h3><em>FLYGELN Norrk\u00f6ping<\/em><\/h3>\n<p>3 mars 2017<br \/>\n<strong><em>En komisk depression \u2013 av och med Nour El Refai<br \/>\n<\/em><\/strong><em>Regi: Camilla van der Meer S\u00f6derberg<br \/>\nArr: Blixten &amp; Co i samarbete med Riksteatern<\/em><\/p><\/blockquote>\n<p><em>\u00a0<\/em>L\u00c4NKAR<br \/>\nNour El Refai <a href=\"http:\/\/nourelrefai.se\/\" target=\"_blank\">hemsida<\/a>\u00a0 <a href=\"http:\/\/www.blixten.se\/vara-artister-och-evenemang\/nour-el-refai\" target=\"_blank\">evenemang\/Blixten<\/a><\/p>\n","protected":false},"excerpt":{"rendered":"<p>NORRK\u00d6PING B\u00e5de naket och starkt. Nour El Refai uts\u00e5gs till \u00c5rets kvinnliga komiker 2016, d\u00e5 hon b\u00f6rjade turnera med En komisk depression. I fredags kom hon till fullsatta Flygeln och fick st\u00e5ende ovationer. <a class=\"continue-reading-link\" href=\"https:\/\/www.kultursidan.nu\/?p=29734\">L\u00e4s mer <span class=\"meta-nav\">&rarr; <\/span><\/a><\/p>\n","protected":false},"author":1001006,"featured_media":0,"comment_status":"closed","ping_status":"open","sticky":false,"template":"","format":"standard","meta":{"_jetpack_memberships_contains_paid_content":false,"footnotes":""},"categories":[7],"tags":[12,19],"class_list":["post-29734","post","type-post","status-publish","format-standard","hentry","category-norrkoping","tag-teater","tag-standup"],"jetpack_featured_media_url":"","jetpack_sharing_enabled":true,"_links":{"self":[{"href":"https:\/\/www.kultursidan.nu\/index.php?rest_route=\/wp\/v2\/posts\/29734","targetHints":{"allow":["GET"]}}],"collection":[{"href":"https:\/\/www.kultursidan.nu\/index.php?rest_route=\/wp\/v2\/posts"}],"about":[{"href":"https:\/\/www.kultursidan.nu\/index.php?rest_route=\/wp\/v2\/types\/post"}],"author":[{"embeddable":true,"href":"https:\/\/www.kultursidan.nu\/index.php?rest_route=\/wp\/v2\/users\/1001006"}],"replies":[{"embeddable":true,"href":"https:\/\/www.kultursidan.nu\/index.php?rest_route=%2Fwp%2Fv2%2Fcomments&post=29734"}],"version-history":[{"count":0,"href":"https:\/\/www.kultursidan.nu\/index.php?rest_route=\/wp\/v2\/posts\/29734\/revisions"}],"wp:attachment":[{"href":"https:\/\/www.kultursidan.nu\/index.php?rest_route=%2Fwp%2Fv2%2Fmedia&parent=29734"}],"wp:term":[{"taxonomy":"category","embeddable":true,"href":"https:\/\/www.kultursidan.nu\/index.php?rest_route=%2Fwp%2Fv2%2Fcategories&post=29734"},{"taxonomy":"post_tag","embeddable":true,"href":"https:\/\/www.kultursidan.nu\/index.php?rest_route=%2Fwp%2Fv2%2Ftags&post=29734"}],"curies":[{"name":"wp","href":"https:\/\/api.w.org\/{rel}","templated":true}]}}