{"id":29771,"date":"2017-03-08T19:30:38","date_gmt":"2017-03-08T18:30:38","guid":{"rendered":"https:\/\/intelligent-friend-7861.standoutwp.com\/?p=29771"},"modified":"2017-03-08T19:30:38","modified_gmt":"2017-03-08T18:30:38","slug":"gudrun-soderholms-vavar-pa-kronan-recension","status":"publish","type":"post","link":"https:\/\/www.kultursidan.nu\/?p=29771","title":{"rendered":"Gudrun S\u00f6derholms v\u00e4var p\u00e5 Kronan (recension)"},"content":{"rendered":"<p><img loading=\"lazy\" decoding=\"async\" class=\"alignnone size-medium wp-image-29772\" src=\"https:\/\/www.kultursidan.nu\/wp-content\/uploads\/2017\/03\/unspecified-7-567x381.jpeg\" alt=\"\" width=\"567\" height=\"381\" srcset=\"https:\/\/www.kultursidan.nu\/wp-content\/uploads\/2017\/03\/unspecified-7-567x381.jpeg 567w, https:\/\/www.kultursidan.nu\/wp-content\/uploads\/2017\/03\/unspecified-7-768x516.jpeg 768w, https:\/\/www.kultursidan.nu\/wp-content\/uploads\/2017\/03\/unspecified-7-1024x688.jpeg 1024w, https:\/\/www.kultursidan.nu\/wp-content\/uploads\/2017\/03\/unspecified-7-496x333.jpeg 496w, https:\/\/www.kultursidan.nu\/wp-content\/uploads\/2017\/03\/unspecified-7-150x101.jpeg 150w, https:\/\/www.kultursidan.nu\/wp-content\/uploads\/2017\/03\/unspecified-7.jpeg 1280w\" sizes=\"auto, (max-width: 567px) 100vw, 567px\" \/><br \/>\n<em>Sparsmakat. Raffinerat. F\u00e4rgglatt. Textilkonstn\u00e4ren Gudrun S\u00f6derholm st\u00e4ller ut p\u00e5 Galleri Kronan.<br \/>\n<\/em><\/p>\n<p>&nbsp;<\/p>\n<h1><span style=\"color: #ff0000;\">Det h\u00e5rda m\u00f6ter det mjuka<\/span><\/h1>\n<p>&nbsp;<\/p>\n<p>RECENSION\/NORRK\u00d6PING <strong>Det h\u00e5rda m\u00f6ter det mjuka.<\/strong> Enkel geometri och \u00e4nd\u00e5 sp\u00e4nnande experimenterande med textilfibrer, rentav metall som ger en s\u00e4rskild lyster. Gudrun S\u00f6derholms v\u00e4var kan ses p\u00e5 Galleri Kronan.<\/p>\n<p>&nbsp;<\/p>\n<p><a title=\"Gudrun S\u00f6derholm\" href=\"https:\/\/www.flickr.com\/photos\/kultursidan\/33326849905\/in\/album-72157681190201175\/\"><img loading=\"lazy\" decoding=\"async\" src=\"https:\/\/c1.staticflickr.com\/1\/724\/33326849905_5e151434e3.jpg\" alt=\"Gudrun S\u00f6derholm\" width=\"331\" height=\"500\" \/><\/a><br \/>\n<em>Det h\u00e5rda m\u00f6ter det mjuka i St\u00e5lverk, v\u00e4v i rostfritt st\u00e5l och lin.<\/em><\/p>\n<p>&nbsp;<\/p>\n<p><strong>Kan verkligen det mjuka garnet m\u00f6ta den h\u00e5rda pl\u00e5ten?<\/strong> Ja, det kan det verkligen och det bevisar Gudrun S\u00f6derholm fr\u00e5n Kalix i sin textilkonst som hon st\u00e4ller ut p\u00e5 Galleri Kronan. Hon har st\u00e4llt ut i \u00d6sterg\u00f6tland f\u00f6rr och \u00e4r representerad p\u00e5 olika st\u00e4llen i Region \u00d6sterg\u00f6tlands lokaler.<\/p>\n<p><strong>Gudrun S\u00f6derblom anv\u00e4nder enkla tydliga geometriska m\u00f6nster, f\u00e4rgglatt i olika material.<\/strong> Som lin, ull, h\u00e4sttagel och hon f\u00e4rgar det sj\u00e4lv. M\u00f6nstren v\u00e4xer fram under arbetets g\u00e5ng. Det ena f\u00f6der det andra och hon \u00e4r inte r\u00e4dd att pr\u00f6va. Vad h\u00e4nder om de h\u00e4r materialen m\u00f6ts? V\u00e4va med h\u00e5rstr\u00e5fina tr\u00e5dar i metall?<\/p>\n<p>Det ser man ocks\u00e5 p\u00e5 de andra verken som har mjuka klara f\u00e4rger, geometriska m\u00f6nster som hon v\u00e4vt i rund metall plattor. Eller st\u00f6rre pl\u00e5tinslag som f\u00e5r en att t\u00e4nka p\u00e5 ryssarna, som Malevitj, i b\u00f6rjan av 1900-talet.<\/p>\n<p>&nbsp;<\/p>\n<p><a title=\"Gudrun S\u00f6derholm\" href=\"https:\/\/www.flickr.com\/photos\/kultursidan\/33286078496\/in\/album-72157681190201175\/\"><img loading=\"lazy\" decoding=\"async\" src=\"https:\/\/c1.staticflickr.com\/1\/636\/33286078496_0533a76caf.jpg\" alt=\"Gudrun S\u00f6derholm\" width=\"331\" height=\"500\" \/><\/a><br \/>\n<em>Ljusgenomsl\u00e4pp. Genomlysning och skuggor ger en tredimensionell k\u00e4nsla.<\/em><\/p>\n<p>&nbsp;<\/p>\n<p><strong>Det \u00e4r ocks\u00e5 roligt att en del av textilerna h\u00e4nger ut fr\u00e5n v\u00e4ggen.<\/strong> De f\u00e5r skuggor bakom sig och ibland uppst\u00e5r en tredimensionell k\u00e4nsla.<\/p>\n<p>\u00a9 <em>Text: Per-Olof Engstr\u00f6m<\/em><br \/>\n\u00a9 <em>Foto: Nils-G\u00f6ran Tillgren<\/em><\/p>\n<p>BILDSPEL (FLASH) \u2013 KLICKA P\u00c5 BILDEN <em><br \/>\nALT\/MOBIL: SE BILDSPELET <a title=\"Bildspel\" href=\"https:\/\/www.flickr.com\/photos\/kultursidan\/sets\/72157681190201175\/show\/\" target=\"_blank\">H\u00c4R<\/a><\/em><br \/>\n<object width=\"400\" height=\"300\"><param name=\"flashvars\" value=\"offsite=true&amp;lang=en-us&amp;page_show_url=%2Fphotos%2Fkultursidan%2Fsets%2F72157681190201175%2Fshow%2F&amp;page_show_back_url=%2Fphotos%2Fkultursidan%2Fsets%2F72157681190201175%2F&amp;set_id=72157681190201175&amp;jump_to=\" \/><param name=\"movie\" value=\"https:\/\/www.flickr.com\/apps\/slideshow\/show.swf?v=1811922554\" \/><param name=\"allowFullScreen\" value=\"true\" \/><\/object><\/p>\n<blockquote>\n<h3><em>GALLERI KRONAN Norrk\u00f6ping<\/em><\/h3>\n<p>25 februari \u2013 12 mars 2017<em><br \/>\n<strong>Gudrun S\u00f6derholm<\/strong><\/em><br \/>\n<em> Textil<\/em><\/p><\/blockquote>\n<p>L\u00c4NKAR<br \/>\nGudrun S\u00f6derholm <a href=\"http:\/\/www.konsthantverkscentrum.org\/member\/Gudrun-S\u00f6derholm\" target=\"_blank\">hemsida <\/a><br \/>\nGalleri Kronan <a href=\"http:\/\/www.gallerikronan.se\" target=\"_blank\">hemsida<\/a> <a href=\"https:\/\/www.facebook.com\/Galleri-Kronan-222739187788587\/?fref=ts\" target=\"_blank\">Facebook<\/a> <a href=\"https:\/\/www.facebook.com\/events\/176398126188128\/\" target=\"_blank\">FB-evenemang<\/a><\/p>\n","protected":false},"excerpt":{"rendered":"<p>NORRK\u00d6PING Det h\u00e5rda m\u00f6ter det mjuka. Enkel geometri och \u00e4nd\u00e5 sp\u00e4nnande experimenterande med textilfibrer, rentav metall som ger en s\u00e4rskild lyster. Gudrun S\u00f6derholms v\u00e4var kan ses p\u00e5 Galleri Kronan. <a class=\"continue-reading-link\" href=\"https:\/\/www.kultursidan.nu\/?p=29771\">L\u00e4s mer <span class=\"meta-nav\">&rarr; <\/span><\/a><\/p>\n","protected":false},"author":1001006,"featured_media":0,"comment_status":"closed","ping_status":"open","sticky":false,"template":"","format":"standard","meta":{"_jetpack_memberships_contains_paid_content":false,"footnotes":""},"categories":[7],"tags":[14,58],"class_list":["post-29771","post","type-post","status-publish","format-standard","hentry","category-norrkoping","tag-konst","tag-textil"],"jetpack_featured_media_url":"","jetpack_sharing_enabled":true,"_links":{"self":[{"href":"https:\/\/www.kultursidan.nu\/index.php?rest_route=\/wp\/v2\/posts\/29771","targetHints":{"allow":["GET"]}}],"collection":[{"href":"https:\/\/www.kultursidan.nu\/index.php?rest_route=\/wp\/v2\/posts"}],"about":[{"href":"https:\/\/www.kultursidan.nu\/index.php?rest_route=\/wp\/v2\/types\/post"}],"author":[{"embeddable":true,"href":"https:\/\/www.kultursidan.nu\/index.php?rest_route=\/wp\/v2\/users\/1001006"}],"replies":[{"embeddable":true,"href":"https:\/\/www.kultursidan.nu\/index.php?rest_route=%2Fwp%2Fv2%2Fcomments&post=29771"}],"version-history":[{"count":0,"href":"https:\/\/www.kultursidan.nu\/index.php?rest_route=\/wp\/v2\/posts\/29771\/revisions"}],"wp:attachment":[{"href":"https:\/\/www.kultursidan.nu\/index.php?rest_route=%2Fwp%2Fv2%2Fmedia&parent=29771"}],"wp:term":[{"taxonomy":"category","embeddable":true,"href":"https:\/\/www.kultursidan.nu\/index.php?rest_route=%2Fwp%2Fv2%2Fcategories&post=29771"},{"taxonomy":"post_tag","embeddable":true,"href":"https:\/\/www.kultursidan.nu\/index.php?rest_route=%2Fwp%2Fv2%2Ftags&post=29771"}],"curies":[{"name":"wp","href":"https:\/\/api.w.org\/{rel}","templated":true}]}}