{"id":29915,"date":"2017-03-18T11:25:35","date_gmt":"2017-03-18T10:25:35","guid":{"rendered":"https:\/\/intelligent-friend-7861.standoutwp.com\/?p=29915"},"modified":"2017-03-18T11:25:35","modified_gmt":"2017-03-18T10:25:35","slug":"stig-jacobssons-publik-vaxer-pa-stinsen","status":"publish","type":"post","link":"https:\/\/www.kultursidan.nu\/?p=29915","title":{"rendered":"Stig Jacobssons publik v\u00e4xer p\u00e5 Stinsen"},"content":{"rendered":"<p><img loading=\"lazy\" decoding=\"async\" class=\"alignnone size-medium wp-image-29918\" src=\"https:\/\/www.kultursidan.nu\/wp-content\/uploads\/2017\/03\/IMG_4511-567x378.jpg\" alt=\"\" width=\"567\" height=\"378\" srcset=\"https:\/\/www.kultursidan.nu\/wp-content\/uploads\/2017\/03\/IMG_4511-567x378.jpg 567w, https:\/\/www.kultursidan.nu\/wp-content\/uploads\/2017\/03\/IMG_4511-768x512.jpg 768w, https:\/\/www.kultursidan.nu\/wp-content\/uploads\/2017\/03\/IMG_4511-1024x682.jpg 1024w, https:\/\/www.kultursidan.nu\/wp-content\/uploads\/2017\/03\/IMG_4511-500x333.jpg 500w, https:\/\/www.kultursidan.nu\/wp-content\/uploads\/2017\/03\/IMG_4511-150x100.jpg 150w, https:\/\/www.kultursidan.nu\/wp-content\/uploads\/2017\/03\/IMG_4511.jpg 1280w\" sizes=\"auto, (max-width: 567px) 100vw, 567px\" \/><br \/>\n<em>Musikpublik. Stig Jacobssons har utvecklat sina musikhistoriska kv\u00e4llar p\u00e5 Stinsen till att \u00e4ven visa bilder. Som h\u00e4r, fr\u00e5n en engagerad kv\u00e4ll med en liten men kvalificerad skara lyssnare i S:t Petersburg.<br \/>\n<\/em><\/p>\n<p>&nbsp;<\/p>\n<h1><span style=\"color: #ff0000;\">M\u00e5nga id\u00e9er f\u00f6r framtida musikk\u00e5serier<\/span><\/h1>\n<p>&nbsp;<\/p>\n<p>S\u00d6DERK\u00d6PING \u2013 <strong>Jag ser det som folkbildning, s\u00e4ger Stig Jacobsson om sina musiklyssningskv\u00e4llar<\/strong>. S\u00e5 l\u00e4nge det finns ett intresse kommer han att forts\u00e4tta att ber\u00e4tta om musik och musikskapare. Och intresset har bara \u00f6kat under \u00e5ren.<\/p>\n<p>Han b\u00f6rjade med sin Musiklyssning p\u00e5 andra v\u00e5ningen i R\u00e5dhuset f\u00f6r tio \u00e5r sedan men lokalen blev snart f\u00f6r tr\u00e5ng. F\u00f6rel\u00e4sningsrummen har v\u00e4xlat genom \u00e5ren innan den nuvarande lokalen p\u00e5 Stinsen visade sig passa perfekt.<\/p>\n<p><strong>\u2013 I b\u00f6rjan bara ber\u00e4ttade jag och illustrerade med musik p\u00e5 CD.<\/strong> P\u00e5 Stinsen kan jag visa bilder ocks\u00e5. Det g\u00f6r det hela \u00e4nnu intressantare, s\u00e4ger Stig Jacobsson.<\/p>\n<p>Musiklyssningen lockade m\u00e5nga \u00e5h\u00f6rare \u00e4nda fr\u00e5n b\u00f6rjan och de har blivit fler och fler med \u00e5ren. Nu kommer det lyssnare b\u00e5de fr\u00e5n Norrk\u00f6ping och Link\u00f6ping.<\/p>\n<p>\u2013 Det finns en trogen publik som dyker upp varje g\u00e5ng. Men det tillkommer ocks\u00e5 nya lyssnare hela tiden. Och det kommer ovanligt m\u00e5nga herrar. Det \u00e4r trevligt. Annars brukar ju damerna vara i majoritet i kultursammanhang.<\/p>\n<p>&nbsp;<\/p>\n<p><a title=\"Stig Jacobsson\" href=\"https:\/\/www.flickr.com\/photos\/kultursidan\/33506621025\/in\/album-72157681547210025\/\"><img loading=\"lazy\" decoding=\"async\" src=\"https:\/\/c1.staticflickr.com\/4\/3754\/33506621025_ce6e95773d.jpg\" alt=\"Stig Jacobsson\" width=\"500\" height=\"439\" \/><\/a><br \/>\n<em> S\u00e4ker. Stig Jacobsson kan b\u00e5de sitt \u00e4mne som konsten att h\u00e5lla ett f\u00f6redrag.<\/em><\/p>\n<p>&nbsp;<\/p>\n<p><strong>Stig Jacobsson finner ett stort n\u00f6je i att h\u00e5lla f\u00f6redrag om musik.<\/strong> Och det har han gjort under hela sitt vuxna liv. Han b\u00f6rjade redan som 18-\u00e5ring hemma i Sala, och fortsatte under sin tid i Norrk\u00f6ping med s\u00e5 kallade konsert\u00f6ppnare. D\u00e5 ber\u00e4ttade han dagen innan om den musik som Symfoniorkestern skulle spela p\u00e5 n\u00e4sta konsert.<\/p>\n<p>Det var p\u00e5 H\u00f6rsalstiden. I De Geeerhallen f\u00e5r publiken m\u00f6jlighet att ta del av en konsertintroduktion inf\u00f6r n\u00e4stan varje konsert. Ibland \u00e4r det Stig Jacobsson som ber\u00e4ttar, ofta \u00e4r det n\u00e5gon av musikerna.<\/p>\n<p>\u2013 Det \u00e4r en presentation p\u00e5 tjugo minuter. Det \u00e4r bra att vi delar upp det s\u00e5 att flera kommer till tals, tycker han.<\/p>\n<p><strong>Han \u00e4gnar mycket tid \u00e5t den musik han vill f\u00f6rmedla.<\/strong> S\u00e5 har han till exempel varit b\u00e5de i S:t Petersburg och Moskva och lyssnat p\u00e5 m\u00e5nga konserter d\u00e4r. Efter Glasnost tog han initiativet till att bjuda in flera unga ryska dirigenter till SON.<\/p>\n<p><strong>Vad g\u00e4ller den musik han spelar vid musiklyssningen s\u00e5 anv\u00e4nder han sig av eget material. <\/strong>Han har spelat in mycket genom \u00e5ren, men \u00e4ven k\u00f6pt en del. Vad han vill prata om och vad han vill spela best\u00e4mmer han sj\u00e4lv. Det kan vara sv\u00e5rt att v\u00e4lja ibland, men id\u00e9er saknas inte.<\/p>\n<p>Han minns inte alla teman han har presenterat under \u00e5ren i S\u00f6derk\u00f6ping.<\/p>\n<p>\u2013 Jag har bland annat pratat om nordisk musik. Den nordiska musiken som skrevs under v\u00e5ra f\u00f6r\u00e4ldrars tid gl\u00f6ms l\u00e4tt bort och spelas inte s\u00e5 ofta som den \u00e4r v\u00e4rd, tycker han.<\/p>\n<p>\u2013 D\u00e4remot b\u00f6rjar kanske tidigare generationers tons\u00e4ttare att h\u00f6ras mera.<\/p>\n<p>\u2013 Ett tema har varit utvecklingen i vissa viktiga musikst\u00e4der som Wien och Prag. S\u00e5 varf\u00f6r inte plocka fram London och\/eller Paris till n\u00e4sta \u00e5r, funderar han.<\/p>\n<p>Men \u00e4n s\u00e5 l\u00e4nge \u00e4r ingenting best\u00e4mt s\u00e5 vi musik\u00e4lskare f\u00e5r ge oss till t\u00e5ls.<\/p>\n<p><strong>Och en musiklyssning har vi kvar i v\u00e5r<\/strong> tillsammans med Stig Jacobsson och tons\u00e4ttarna i tsarens S: Petersburg.<\/p>\n<p>\u00a9 <em>Text: Bibi Friedrichsen<\/em><em><br \/>\n<\/em>\u00a9 <em>Foto: Boy Svedberg<\/em><\/p>\n<blockquote>\n<h3><em>STINSEN S\u00f6derk\u00f6ping<\/em><\/h3>\n<p>Vinter v\u00e5r 2017 kl 17.30<strong><br \/>\n<em>Musiken i tsarens S:t Petersburg<\/em><\/strong><br \/>\n<em>Musikk\u00e5serier<\/em><br \/>\n<em>Stig Jacobsson<\/em><\/p>\n<p style=\"padding-left: 30px;\"><em>PROGRAM<\/em><\/p>\n<p style=\"padding-left: 30px;\"><em>31 januari <\/em><br \/>\n<em><strong>Den \u00e4ldsta tiden<\/strong><\/em><\/p>\n<p style=\"padding-left: 30px;\"><em>21 februari<\/em><br \/>\n<em><strong>De m\u00e4ktiga fem<\/strong><\/em><\/p>\n<p style=\"padding-left: 30px;\"><em>14 mars<\/em><br \/>\n<em><strong>De m\u00e4ktiga fem, del 2<\/strong><\/em><\/p>\n<p style=\"padding-left: 30px;\"><em>4 april<\/em><br \/>\n<em><strong>Fram till ryska revolutionen<\/strong><\/em><\/p>\n<\/blockquote>\n<p>L\u00c4NKAR<br \/>\nKulturkontoret\/S\u00f6derk\u00f6pings kommun <a href=\"http:\/\/www.soderkoping.se\/kultur-fritid\/kultur\/\" target=\"_blank\">hemsida<\/a> <a href=\"http:\/\/www.visitostergotland.se\/sv\/soderkoping\/evenemang\/\" target=\"_blank\">Evenemang<\/a><br \/>\nFem nyryska tons\u00e4ttare i Peters stad <a href=\"https:\/\/www.kultursidan.nu\/?p=29890\" target=\"_blank\">reportage<\/a> Kultursidan.nu 16\/3 2017<br \/>\nS:t Petersburgs tons\u00e4ttare till Stinsen <a href=\"https:\/\/www.kultursidan.nu\/?p=29036\" target=\"_blank\">KortNytt<\/a> Kultursidan.nu 28\/1 2017<\/p>\n","protected":false},"excerpt":{"rendered":"<p>S\u00d6DERK\u00d6PING \u201dJag ser det som folkbildning\u201d, s\u00e4ger Stig Jacobsson om sina musiklyssningskv\u00e4llar. S\u00e5 l\u00e4nge det finns ett intresse kommer han att forts\u00e4tta att ber\u00e4tta p\u00e5 Stinsen. Och intresset har bara \u00f6kat under \u00e5ren. <a class=\"continue-reading-link\" href=\"https:\/\/www.kultursidan.nu\/?p=29915\">L\u00e4s mer <span class=\"meta-nav\">&rarr; <\/span><\/a><\/p>\n","protected":false},"author":1001006,"featured_media":0,"comment_status":"closed","ping_status":"open","sticky":false,"template":"","format":"standard","meta":{"_jetpack_memberships_contains_paid_content":false,"footnotes":""},"categories":[6],"tags":[53,13],"class_list":["post-29915","post","type-post","status-publish","format-standard","hentry","category-soderkoping","tag-foredrag","tag-musik"],"jetpack_featured_media_url":"","jetpack_sharing_enabled":true,"_links":{"self":[{"href":"https:\/\/www.kultursidan.nu\/index.php?rest_route=\/wp\/v2\/posts\/29915","targetHints":{"allow":["GET"]}}],"collection":[{"href":"https:\/\/www.kultursidan.nu\/index.php?rest_route=\/wp\/v2\/posts"}],"about":[{"href":"https:\/\/www.kultursidan.nu\/index.php?rest_route=\/wp\/v2\/types\/post"}],"author":[{"embeddable":true,"href":"https:\/\/www.kultursidan.nu\/index.php?rest_route=\/wp\/v2\/users\/1001006"}],"replies":[{"embeddable":true,"href":"https:\/\/www.kultursidan.nu\/index.php?rest_route=%2Fwp%2Fv2%2Fcomments&post=29915"}],"version-history":[{"count":0,"href":"https:\/\/www.kultursidan.nu\/index.php?rest_route=\/wp\/v2\/posts\/29915\/revisions"}],"wp:attachment":[{"href":"https:\/\/www.kultursidan.nu\/index.php?rest_route=%2Fwp%2Fv2%2Fmedia&parent=29915"}],"wp:term":[{"taxonomy":"category","embeddable":true,"href":"https:\/\/www.kultursidan.nu\/index.php?rest_route=%2Fwp%2Fv2%2Fcategories&post=29915"},{"taxonomy":"post_tag","embeddable":true,"href":"https:\/\/www.kultursidan.nu\/index.php?rest_route=%2Fwp%2Fv2%2Ftags&post=29915"}],"curies":[{"name":"wp","href":"https:\/\/api.w.org\/{rel}","templated":true}]}}