{"id":30067,"date":"2017-03-29T11:59:30","date_gmt":"2017-03-29T10:59:30","guid":{"rendered":"https:\/\/intelligent-friend-7861.standoutwp.com\/?p=30067"},"modified":"2017-03-29T11:59:30","modified_gmt":"2017-03-29T10:59:30","slug":"stina-lindskogs-berattelser-pa-np33","status":"publish","type":"post","link":"https:\/\/www.kultursidan.nu\/?p=30067","title":{"rendered":"Stina Lindskogs ber\u00e4ttelser p\u00e5 NP33"},"content":{"rendered":"<p><img loading=\"lazy\" decoding=\"async\" class=\"alignnone size-medium wp-image-30069\" src=\"https:\/\/www.kultursidan.nu\/wp-content\/uploads\/2017\/03\/DSCF9678-567x378.jpg\" alt=\"\" width=\"567\" height=\"378\" srcset=\"https:\/\/www.kultursidan.nu\/wp-content\/uploads\/2017\/03\/DSCF9678-567x378.jpg 567w, https:\/\/www.kultursidan.nu\/wp-content\/uploads\/2017\/03\/DSCF9678-768x512.jpg 768w, https:\/\/www.kultursidan.nu\/wp-content\/uploads\/2017\/03\/DSCF9678-1024x682.jpg 1024w, https:\/\/www.kultursidan.nu\/wp-content\/uploads\/2017\/03\/DSCF9678-500x333.jpg 500w, https:\/\/www.kultursidan.nu\/wp-content\/uploads\/2017\/03\/DSCF9678-150x100.jpg 150w, https:\/\/www.kultursidan.nu\/wp-content\/uploads\/2017\/03\/DSCF9678.jpg 1280w\" sizes=\"auto, (max-width: 567px) 100vw, 567px\" \/><br \/>\n<em>Gr\u00e4nsm\u00e5lare. I <\/em><em>Stina Lindskog <\/em><em>m\u00e5leri anas fragment av egna och andras minnen,\u00a0 fantasier och dr\u00f6mmar. \u00c4ven Kolm\u00e5rdsskogarna l\u00e4mnar sp\u00e5r.<br \/>\n<\/em><\/p>\n<p>&nbsp;<\/p>\n<h1><span style=\"color: #ff0000;\">Ett gr\u00e4nstrakternas m\u00e5leri<\/span><\/h1>\n<p>&nbsp;<\/p>\n<p>NORRK\u00d6PING <strong>Historier och minnen som lager i f\u00e4rg.<\/strong> Just nu m\u00e5lar Stina Lindskog mycket i r\u00f6tt, men hon \u00e4r periodare vad g\u00e4ller f\u00e4rgval, nyss var det gr\u00f6nt. Norrk\u00f6pingsf\u00f6dda konstn\u00e4ren st\u00e4ller ut p\u00e5 Galleri Sander p\u00e5 NP33.<\/p>\n<p>\u2013 Jag k\u00e4nner ganska starkt att jag har en ber\u00e4ttelse, reflekterar Stina Lindskog.<\/p>\n<p><strong>Vi m\u00f6nstrar varandra, tv\u00e5 \u00e5r skiljer oss som b\u00e5da \u00e4r f\u00f6dda p\u00e5 1950-talet.<\/strong> Hennes bilder g\u00e5r djupare i tiden \u00e4n till uppv\u00e4xtens Flora Borg, en gammal handelstr\u00e4dg\u00e5rd i Kneippen i Norrk\u00f6ping. Jag hittar \u00e5rtalet 1904 eller om det \u00e4r 1909 knappt synligt p\u00e5 en bild som antyder ett v\u00e4xthus med tre gestalter, eller om det bara \u00e4r deras skuggor, framf\u00f6r.<\/p>\n<p>\u2013 D\u00e4r \u00e4r en del magiska datum, men jag tycker inte att jag beh\u00f6ver f\u00f6rklara dem, kommenterar konstn\u00e4ren.<\/p>\n<p><strong>I dessa gr\u00e4nstrakter mellan minnen, egnas och andras, fantasier och dr\u00f6mland \u2013 en serie bilder heter <em>De sovande <\/em>\u2013 r\u00f6r sig hennes m\u00e5leri.<\/strong> Ansikten som tycks flyta upp till ytan ur en antydd bakgrund. Fragmentariskt, i mitt \u00f6ga som funna sk\u00e4rvor fr\u00e5n antiken.<\/p>\n<p>\u2013 Vad h\u00e4nder n\u00e4r man sover, n\u00e4r man dr\u00f6mmer? fr\u00e5gar hon sig och konstaterar att det \u00e4r mer intressant att fr\u00e5ga \u00e4n att svara.<\/p>\n<p>&nbsp;<\/p>\n<p><a title=\"Stina Lindskog\" href=\"https:\/\/www.flickr.com\/photos\/kultursidan\/32902411243\/in\/album-72157678576283904\/\"><img loading=\"lazy\" decoding=\"async\" src=\"https:\/\/c1.staticflickr.com\/4\/3678\/32902411243_82e2aa9b9d.jpg\" alt=\"Stina Lindskog\" width=\"500\" height=\"333\" \/><\/a><br \/>\n<em> Transparens, fantasi och m\u00f6nster. Allt ryms i den r\u00f6da m\u00e5lningen med ansikte och boaorm.<\/em><\/p>\n<p>&nbsp;<\/p>\n<p><strong>Merparten av bilderna, kvadrater p\u00e5 50 x 50 centimeter, \u00e4r m\u00e5lade med oljepastellkrita p\u00e5 syrafri kartong.<\/strong> I detta gr\u00e4nsland (\u00e4nnu ett gr\u00e4nsland) mellan fuktig oljef\u00e4rg och torr krita arbetar hon med en intensitet. Lager, nyanser, blandningar \u2013 och skrapar bort \u201dden svindyra\u201d oljekritan, vilket ger en grund att g\u00e5 vidare med.<\/p>\n<p>\u2013 Oljepastellen har en s\u00e5dan lyskraft. Jag f\u00f6rs\u00f6ker jobba tills jag \u00e4r s\u00e5 tr\u00f6tt att jag inte t\u00e4nker l\u00e4ngre, det bara blir. Jag har en stark vision som jag m\u00e5ste gestalta. N\u00e4r jag sedan sl\u00e4pper taget, d\u00e5 blir det bra. Vet jag precis s\u00e5 blir det inte bra.<\/p>\n<p>Resultatet blir just lager med transparens, d\u00e4r det dolda anas.<\/p>\n<p><strong>Transparensen finns \u00e4ven i m\u00e5lningarna, med pensel och kniv, som \u00e4r st\u00f6rre och tillf\u00f6r rytm till h\u00e4ngningen i glasgalleriet p\u00e5 NP33:s bottenplan.<\/strong> De g\u00e5r i gr\u00f6nt, uppenbarligen en tidigare f\u00e4rgperiod. Hon talar om lusten att anv\u00e4nda m\u00f6nster i sina m\u00e5lningar.<\/p>\n<p>St\u00f6rst \u00e4r <em>Puck<\/em>, fr\u00e5n Shakespeares En midsommarnattsdr\u00f6m. En liknande m\u00e5lning personifierar \u00e4ven den de gestalter som r\u00f6r sig i ovan n\u00e4mnda gr\u00e4nstrakter. Stina Lindskog till\u00e4gger att hon ocks\u00e5 h\u00e4mtat inspiration fr\u00e5n Kolm\u00e5rdsskogarna.<\/p>\n<p>\u2013 Men ocks\u00e5 fr\u00e5n sj\u00e4lva existensen. M\u00e4nniskan \u00e4r ond <em>och<\/em> god. Puck \u00e4r varken man eller kvinna. Jag t\u00e4nker p\u00e5 tyska ordet \u201dgestalt\u201d, s\u00e4ger hon och uttalar ordet med h\u00e5rt g.<\/p>\n<p>&nbsp;<\/p>\n<p><a title=\"Stina Lindskog\" href=\"https:\/\/www.flickr.com\/photos\/kultursidan\/33331765940\/in\/album-72157678576283904\/\"><img loading=\"lazy\" decoding=\"async\" src=\"https:\/\/c1.staticflickr.com\/3\/2869\/33331765940_ac61c11736.jpg\" alt=\"Stina Lindskog\" width=\"500\" height=\"363\" \/><\/a><br \/>\n<em>Mental n\u00e4rvaro. Till Harriet B, konstn\u00e4ren Stina Lindskog har placerat den lilla vita gestalten i ett stort rum som samtidigt \u00e4r ett landskap men \u00e4ven b\u00e4r tecken av sj\u00e4lva m\u00e5leriet.<\/em><\/p>\n<p>&nbsp;<\/p>\n<p><strong>Huvudnumret, m\u00e5lningen h\u00e4nger i alla fall ensam p\u00e5 gavelv\u00e4ggen, heter <em>Till Harriet B.<\/em><\/strong> En kvinnogestalt i ett j\u00e4ttelikt tomt gr\u00f6nt rum, ett landskap med antydd v\u00e4xtlighet men ocks\u00e5 med tydligt markerade linjer f\u00f6r v\u00e4ggar (med stora medaljonger p\u00e5 tapeten) och golv. H\u00e4r har hon ocks\u00e5 l\u00e5tit f\u00e4rgen rinna, som f\u00f6r att markera m\u00e5leriet sj\u00e4lvt.<\/p>\n<p>\u2013 Jag \u00e4rvde en bok av mamma med August Strindbergs brev till Harriet Bosse. Han ville att hon skulle vara hemma, s\u00e5 jag skapade ett gr\u00f6nt rum.<\/p>\n<p>Den lilla vitkl\u00e4dda gestalten \u00e4r b\u00e5de d\u00e4r och inte d\u00e4r, som en mental gestaltning av den \u00f6nskade hemman\u00e4rvaron.<\/p>\n<p>\u2013 Ju \u00e4ldre jag blir desto mer finns kvar att g\u00f6ra.<\/p>\n<p>\u00a9 <em>Text och foto: Ann-Charlotte Sandelin<\/em><\/p>\n<p>BILDSPEL (FLASH) \u2013 KLICKA P\u00c5 BILDEN <em><br \/>\nALT\/MOBIL: SE BILDSPELET <a title=\"Bildspel\" href=\"https:\/\/www.flickr.com\/photos\/kultursidan\/sets\/72157678576283904\/show\/\" target=\"_blank\">H\u00c4R<\/a><\/em><br \/>\n<object width=\"400\" height=\"300\"><param name=\"flashvars\" value=\"offsite=true&amp;lang=en-us&amp;page_show_url=%2Fphotos%2Fkultursidan%2Fsets%2F72157678576283904%2Fshow%2F&amp;page_show_back_url=%2Fphotos%2Fkultursidan%2Fsets%2F72157678576283904%2F&amp;set_id=72157678576283904&amp;jump_to=\" \/><param name=\"movie\" value=\"https:\/\/www.flickr.com\/apps\/slideshow\/show.swf?v=1811922554\" \/><param name=\"allowFullScreen\" value=\"true\" \/><\/object><\/p>\n<blockquote>\n<h3><em>GALLERI SANDER\/NP33 Norrk\u00f6ping<\/em><\/h3>\n<p><em>18 mars \u2013 5 april 2017<br \/>\n<strong>Stina Lindskog<\/strong><\/em><br \/>\n<em> M\u00e5leri<\/em><\/p><\/blockquote>\n<p>L\u00c4NKAR<br \/>\nStina Lindskog <a href=\"http:\/\/stinalindskog.com\" target=\"_blank\">hemsida <\/a><br \/>\nGalleri Sander\/NP33 <a href=\"http:\/\/www.np33.se\" target=\"_blank\">hemsida<\/a> <a href=\"https:\/\/www.facebook.com\/np33.se?fref=ts\" target=\"_blank\">Facebook<\/a><\/p>\n","protected":false},"excerpt":{"rendered":"<p>NORRK\u00d6PING Historier och minnen som lager i f\u00e4rg. Just nu m\u00e5lar Stina Lindskog mycket i r\u00f6tt, men hon \u00e4r periodare vad g\u00e4ller f\u00e4rgval. Nyss var det gr\u00f6nt. Norrk\u00f6pingsf\u00f6dda konstn\u00e4ren st\u00e4ller ut p\u00e5 Galleri Sander p\u00e5 NP33. <a class=\"continue-reading-link\" href=\"https:\/\/www.kultursidan.nu\/?p=30067\">L\u00e4s mer <span class=\"meta-nav\">&rarr; <\/span><\/a><\/p>\n","protected":false},"author":1001006,"featured_media":0,"comment_status":"closed","ping_status":"open","sticky":false,"template":"","format":"standard","meta":{"_jetpack_memberships_contains_paid_content":false,"footnotes":""},"categories":[7],"tags":[14],"class_list":["post-30067","post","type-post","status-publish","format-standard","hentry","category-norrkoping","tag-konst"],"jetpack_featured_media_url":"","jetpack_sharing_enabled":true,"_links":{"self":[{"href":"https:\/\/www.kultursidan.nu\/index.php?rest_route=\/wp\/v2\/posts\/30067","targetHints":{"allow":["GET"]}}],"collection":[{"href":"https:\/\/www.kultursidan.nu\/index.php?rest_route=\/wp\/v2\/posts"}],"about":[{"href":"https:\/\/www.kultursidan.nu\/index.php?rest_route=\/wp\/v2\/types\/post"}],"author":[{"embeddable":true,"href":"https:\/\/www.kultursidan.nu\/index.php?rest_route=\/wp\/v2\/users\/1001006"}],"replies":[{"embeddable":true,"href":"https:\/\/www.kultursidan.nu\/index.php?rest_route=%2Fwp%2Fv2%2Fcomments&post=30067"}],"version-history":[{"count":0,"href":"https:\/\/www.kultursidan.nu\/index.php?rest_route=\/wp\/v2\/posts\/30067\/revisions"}],"wp:attachment":[{"href":"https:\/\/www.kultursidan.nu\/index.php?rest_route=%2Fwp%2Fv2%2Fmedia&parent=30067"}],"wp:term":[{"taxonomy":"category","embeddable":true,"href":"https:\/\/www.kultursidan.nu\/index.php?rest_route=%2Fwp%2Fv2%2Fcategories&post=30067"},{"taxonomy":"post_tag","embeddable":true,"href":"https:\/\/www.kultursidan.nu\/index.php?rest_route=%2Fwp%2Fv2%2Ftags&post=30067"}],"curies":[{"name":"wp","href":"https:\/\/api.w.org\/{rel}","templated":true}]}}