{"id":30482,"date":"2017-04-23T11:26:34","date_gmt":"2017-04-23T10:26:34","guid":{"rendered":"https:\/\/intelligent-friend-7861.standoutwp.com\/?p=30482"},"modified":"2017-04-23T11:33:07","modified_gmt":"2017-04-23T10:33:07","slug":"varens-narodlade-bocker-pa-bokfestivalen","status":"publish","type":"post","link":"https:\/\/www.kultursidan.nu\/?p=30482","title":{"rendered":"V\u00e5rens n\u00e4rodlade b\u00f6cker p\u00e5 bokfestivalen"},"content":{"rendered":"<p><img loading=\"lazy\" decoding=\"async\" class=\"alignnone size-medium wp-image-30483\" src=\"https:\/\/www.kultursidan.nu\/wp-content\/uploads\/2017\/04\/DSCF0736-567x397.jpg\" alt=\"\" width=\"567\" height=\"397\" srcset=\"https:\/\/www.kultursidan.nu\/wp-content\/uploads\/2017\/04\/DSCF0736-567x397.jpg 567w, https:\/\/www.kultursidan.nu\/wp-content\/uploads\/2017\/04\/DSCF0736-768x538.jpg 768w, https:\/\/www.kultursidan.nu\/wp-content\/uploads\/2017\/04\/DSCF0736-1024x718.jpg 1024w, https:\/\/www.kultursidan.nu\/wp-content\/uploads\/2017\/04\/DSCF0736-475x333.jpg 475w, https:\/\/www.kultursidan.nu\/wp-content\/uploads\/2017\/04\/DSCF0736-150x105.jpg 150w, https:\/\/www.kultursidan.nu\/wp-content\/uploads\/2017\/04\/DSCF0736.jpg 1280w\" sizes=\"auto, (max-width: 567px) 100vw, 567px\" \/><br \/>\n<em>&#8221;Vilken m\u00e5ngfald, skrivgl\u00e4dje och kunskap!&#8221; Jan Holmbom fr\u00e5n \u00d6sterg\u00f6tlands bokm\u00e4ssa summerade V\u00e5rens n\u00e4rodlade b\u00f6cker Norrk\u00f6pings stadsbibliotek i l\u00f6rdags.<br \/>\n<\/em><\/p>\n<p>&nbsp;<\/p>\n<h1><span style=\"color: #ff0000;\">Gamla b\u00f6cker ut \u2013 nya b\u00f6cker in<\/span><\/h1>\n<p>&nbsp;<\/p>\n<p>NORRK\u00d6PING <strong>Lokala f\u00f6rfattare har vidare vyer.<\/strong> V\u00e5rens n\u00e4rodlade b\u00f6cker, skrivna av \u00f6stg\u00f6tska f\u00f6rfattare, presenterades p\u00e5 Norrk\u00f6pings bokfestival. Nya b\u00f6cker s\u00e5ldes i entr\u00e9n. Utanf\u00f6r gick utgallrade biblioteksb\u00f6cker f\u00f6r en tia.<\/p>\n<p>&nbsp;<\/p>\n<p><a title=\"Bokrean\" href=\"https:\/\/www.flickr.com\/photos\/kultursidan\/34214966795\/in\/album-72157682950300035\/\"><img loading=\"lazy\" decoding=\"async\" src=\"https:\/\/c1.staticflickr.com\/3\/2884\/34214966795_be2a9a8e4a.jpg\" alt=\"Bokrean\" width=\"500\" height=\"333\" \/><\/a><br \/>\n<em>10 kronor styck. Sk\u00f6nlitteratur, barnb\u00f6cker, deckare, filmer, ljudb\u00f6cker s\u00e5ldes p\u00e5 bokrean.<\/em><\/p>\n<p>&nbsp;<\/p>\n<p><strong>Bokvagnarna rullades ut genom entr\u00e9d\u00f6rrarna strax innan Stadsbiblioteket \u00f6ppnade p\u00e5 l\u00f6rdagen.<\/strong> Bokrea lockar, ocks\u00e5 gamla b\u00f6cker \u00e4r l\u00e4sv\u00e4rda. Utgallringen, \u00f6verexemplar av b\u00f6cker men ocks\u00e5 andra media, ger plats f\u00f6r nytt.<\/p>\n<p>Och nytt stod p\u00e5 tur redan inne i entr\u00e9n. Lokala f\u00f6rlag och egenutgivare passade p\u00e5 att ha en egen minim\u00e4ssa under \u00d6sterg\u00f6tlands bokm\u00e4ssa Tellus paraply.<\/p>\n<p><strong>Rykande f\u00e4rska var d\u00e4remot de b\u00f6cker som presenterades i Mellanrummet.<\/strong> \u00c5tta f\u00f6rfattare\/f\u00f6rl\u00e4ggare passerade revy med munvige konferencieren Jan Holmboms hj\u00e4lp.<\/p>\n<p>F\u00f6rst ut Stefan Andersson med sp\u00e4nningsromanen <em>Han som \u00f6verlevde<\/em>. En thriller som spinner sitt n\u00e4t kring legenden om t\u00e5get med den tyska guldskatten. Ber\u00e4ttelsen utspelas till viss del i Link\u00f6ping men framf\u00f6r allt i m\u00e5nga andra l\u00e4nder, \u00e4nda borta i Brasilien.<\/p>\n<p>L\u00e5ngv\u00e4ga \u00e4r ocks\u00e5 Olov Giertz som ber\u00e4ttar fr\u00e5n en cykeltur ut\u00f6ver det vanliga, 1200 mil p\u00e5 cykel genom Nordamerikas kontinent.<\/p>\n<p>\u2013 Jag vill visa att <em>Allt \u00e4r m\u00f6jligt<\/em>, att man ofta kan genomf\u00f6ra sin dr\u00f6m, sade Olov Giertz.<\/p>\n<p>&nbsp;<\/p>\n<p><a title=\"Lars Sundberg\" href=\"https:\/\/www.flickr.com\/photos\/kultursidan\/33830736980\/in\/album-72157682950300035\/\"><img loading=\"lazy\" decoding=\"async\" src=\"https:\/\/c1.staticflickr.com\/3\/2931\/33830736980_e0820864b5.jpg\" alt=\"Lars Sundberg\" width=\"370\" height=\"500\" \/><\/a><br \/>\n<em> Filosoferare. Lars Sundberg samlar till Livsviktiga m\u00f6ten p\u00e5 bibliotek i l\u00e4net.<\/em><\/p>\n<p>&nbsp;<\/p>\n<p><strong>\u2013 Att tala om det som \u00e4r viktigt i livet ger sp\u00e4nnande och meningsfulla m\u00f6ten, sade Lars Sundberg,<\/strong> socionom och diakon vars Filosofiskt forum \u00e4r inne p\u00e5 sj\u00e4tte terminen p\u00e5 Norrk\u00f6pings stadsbibliotek och har spritts till flera andra bibliotek i \u00d6sterg\u00f6tland.<\/p>\n<p>De filosofiska samtalen r\u00f6r sig kring ett tema, ett enda ord som \u201dFrihet\u201d, \u201dr\u00e4dsla\u201d eller \u201dgemenskap\u201d, och som st\u00f6ts och bl\u00f6ts under en timmes tid. Lars Sundbergs bok heter <em>Livsviktiga m\u00f6ten <\/em>och som han s\u00e4ger \u00e4r det mer som \u00e4r livsviktigt \u00e4n sj\u00e4lva den fysiska \u00f6verlevnaden. Ett kapitel inneh\u00e5ller korta texter fr\u00e5n n\u00e5gra av hans m\u00f6tesdeltare.<\/p>\n<p><strong>Mor och dotter Ana och Maja Bohlemark presenterade sin <em>Soppbok etcetera etcetera<\/em>, som sl\u00e4pptes i h\u00f6stas p\u00e5 deras Caf\u00e9 etcetera.<\/strong> H\u00e4r understr\u00f6k de hur roligt det var att f\u00e5 inblick i en annan kreativ bransch. Att g\u00f6ra en kokbok blev lekande l\u00e4tt n\u00e4r kunniga bokmakare, fotograf och tryckare gjorde jobbet. Sj\u00e4lva beh\u00f6vde de bara svara p\u00e5 intervjuarens fr\u00e5gor, laga soppa och skriva ner recepten.<\/p>\n<p><strong>Sofia Jardviken presenterade sin tredje barnbok <em>Hugo och Gullvagnens hemlighet.<\/em><\/strong> D\u00e4r blandas myt och verklighet, inte minst geografiskt. I den pedagogiska handledningen som rektor Jardviken skrivit finns tips p\u00e5 turer i Kolm\u00e5rden.<\/p>\n<p>\u2013 Drivkraften \u00e4r att v\u00e4cka l\u00e4slust och nyfikenhet hos alla barn.<\/p>\n<p>&nbsp;<\/p>\n<p><a title=\"N\u00e4rodlad litteraturmarknad p\u00e5 Bokfestivalen\" href=\"https:\/\/www.flickr.com\/photos\/kultursidan\/33404219563\/in\/album-72157682950300035\/\"><img loading=\"lazy\" decoding=\"async\" src=\"https:\/\/c1.staticflickr.com\/3\/2895\/33404219563_61fce9cdf3.jpg\" alt=\"N\u00e4rodlad litteraturmarknad p\u00e5 Bokfestivalen\" width=\"500\" height=\"333\" \/><\/a><br \/>\n<em>N\u00e4rodlad litteraturmarknad. Efter f\u00f6rmiddagens presentation \u00f6ppnades bokborden i biblioteksentr\u00e9n.<\/em><\/p>\n<p>&nbsp;<\/p>\n<p><strong>Ann-Christine Eriksson fr\u00e5n Vreta klosters hembygdsf\u00f6rening presenterade en hel serie kring Stj\u00e4rnorp.<\/strong> B\u00e5de familjen Douglas och vanligt folks minnen har tecknats ned.<\/p>\n<p>BrittMarie Konradsson, l\u00e4rare, bondmora och f\u00f6rfattare presenterade sin tionde bok <em>Isabella och den sjuka Sovnallen<\/em>, en bok som tar upp sv\u00e5r sjukdom p\u00e5 ett lekfullt s\u00e4tt som ocks\u00e5 ska ge hopp.<\/p>\n<p><strong>Sist ut var Lars Danielsson som debuterar med faktaboken <em>En enkel biljett till Sverige.<\/em><\/strong> F\u00f6rfattaren som v\u00e4xte upp i stadsdelen Tannefors i Link\u00f6ping har lyft fram en viktig del av Sveriges historia. Den handlar om de italienare men \u00e4ven tyskar som rekryterades till Sverige under 1950- och 1960-talet d\u00e5 svensk industri gick f\u00f6r h\u00f6gtryck men saknade kunnig arbetskraft. \u201dDet svenska undret\u201d byggde till stor del p\u00e5 den stora arbetskraftinvandringen och Lars Danielsson har djupintervjuat n\u00e5gra som fortfarande \u00e4r i livet.<\/p>\n<p>\u2013 Jag har valt ut en familj och f\u00f6ljer den fr\u00e5n bardomen i Italien till resan till Sverige och anpassningen till den nya kulturen.<\/p>\n<p><strong>Greppet att presentera de n\u00e4rodlade b\u00f6ckerna<\/strong> <strong>i Mellanrummet fungerar dock inte publikm\u00e4ssigt.<\/strong> Prova att anv\u00e4nda den underutnyttjade Salongen n\u00e4sta g\u00e5ng \u2013 \u00f6ppet och n\u00e4ra till bes\u00f6ksstr\u00f6mmarna.<\/p>\n<p>Som tur \u00e4r filmades hela evenemanget. Gissningsvis blir det ett specialavsnitt av videopodden <em>Boksoffan<\/em>.<\/p>\n<p>\u00a9 <em>Text och foto: Ann-Charlotte Sandelin<br \/>\n<\/em><\/p>\n<p>BILDSPEL (FLASH) \u2013 KLICKA P\u00c5 BILDEN <em><br \/>\nALT\/MOBIL: SE BILDSPELET <a title=\"Bildspel\" href=\"https:\/\/www.flickr.com\/photos\/kultursidan\/sets\/72157682950300035\/show\/\" target=\"_blank\" rel=\"noopener noreferrer\">H\u00c4R<\/a><\/em><br \/>\n<object width=\"400\" height=\"300\"><param name=\"flashvars\" value=\"offsite=true&amp;lang=en-us&amp;page_show_url=%2Fphotos%2Fkultursidan%2Fsets%2F72157682950300035%2Fshow%2F&amp;page_show_back_url=%2Fphotos%2Fkultursidan%2Fsets%2F72157682950300035%2F&amp;set_id=72157682950300035&amp;jump_to=\" \/><param name=\"movie\" value=\"https:\/\/www.flickr.com\/apps\/slideshow\/show.swf?v=1811922554\" \/><param name=\"allowFullScreen\" value=\"true\" \/><\/object><\/p>\n<blockquote>\n<h3><em>STADSBIBLIOTEKET Norrk\u00f6ping<\/em><\/h3>\n<p>29 april 2017 <em><br \/>\n<strong>Norrk\u00f6pings bokfestival<\/strong><br \/>\n<strong>V\u00e5rens n\u00e4rodlade b\u00f6cker<\/strong><br \/>\nArr: <\/em><em>\u00d6sterg\u00f6tlands bokm\u00e4ssa Tellus<\/em><\/p>\n<p style=\"padding-left: 30px;\"><em>MEDVERKANDE<br \/>\nJan Holmbom, konferencier<br \/>\nStefan Andersson \u2013 Han som \u00f6verlevde<br \/>\nOlov Gierz \u2013 Allt \u00e4r m\u00f6jligt \u2013 1200 mil p\u00e5 cykel genom Nordamerikas kontinent<br \/>\nLars Sundberg \u2013 Livsviktiga m\u00f6ten<br \/>\nAna och Maja Bohlemark \u2013 <\/em><em>Soppbok etcetera etcetera<\/em><em><br \/>\nSofia Jardviken \u2013 Hugo och Gullvagnens hemlighet<br \/>\nAnn-Christine Eriksson\/ Vreta klosters hembygdsf\u00f6rening \u2013 Stj\u00e4rnorpsb\u00f6cker<br \/>\nBrittMarie Konradsson \u2013 Isabella och den sjuka Sovnallen<br \/>\nLars Danielsson \u2013 En enkel biljett till Sverige<\/em><\/p>\n<\/blockquote>\n<p>L\u00c4NKAR<br \/>\n\u00d6sterg\u00f6tlands bokm\u00e4ssa <a href=\"http:\/\/ostergotlandsbokmassa.se\" target=\"_blank\" rel=\"noopener noreferrer\">hemsida<\/a> <a href=\"https:\/\/www.facebook.com\/ostergotlandsbokmassa\" target=\"_blank\" rel=\"noopener noreferrer\">Facebook<\/a> <a href=\"https:\/\/www.facebook.com\/boksoffan\/?fref=ts\" target=\"_blank\" rel=\"noopener noreferrer\">Boksoffan<\/a><br \/>\nNorrk\u00f6pings stadsbibliotek <a href=\"http:\/\/www.nsb.norrkoping.se\/web\/norrkoping\" target=\"_blank\" rel=\"noopener noreferrer\">hemsida<\/a> <a href=\"https:\/\/www.facebook.com\/Norrkopingsstadsbibliotek?fref=ts\" target=\"_blank\" rel=\"noopener noreferrer\">Facebook<\/a> <a href=\"https:\/\/www.nsb.norrkoping.se\/web\/norrkoping\/bokfestival\" target=\"_blank\" rel=\"noopener noreferrer\">Bokfestival<br \/>\n<\/a>Kemi, n\u00e4rodlat och impro p\u00e5 Bokfestival <a href=\"https:\/\/www.kultursidan.nu\/?p=30402\" target=\"_blank\" rel=\"noopener noreferrer\">reportage<\/a> Kultursidan.nu 16\/4 2017<br \/>\nBoksoffan \u2013 TV om \u00f6stg\u00f6tska litteraturen <a href=\"https:\/\/www.kultursidan.nu\/?p=27853\" target=\"_blank\" rel=\"noopener noreferrer\">KortNytt<\/a> Kultursidan.nu 11\/11 2016<br \/>\nBoksl\u00e4pp och soppmingel p\u00e5 Caf\u00e9 etcetera <a href=\"https:\/\/www.kultursidan.nu\/?p=28443\" target=\"_blank\" rel=\"noopener noreferrer\">reportage<\/a> Kultursidan.nu 18\/12 2016<br \/>\nNorrk\u00f6pingsf\u00f6rfattare till TellUs p\u00e5 l\u00f6rdag <a href=\"https:\/\/www.kultursidan.nu\/?p=28118\" target=\"_blank\" rel=\"noopener noreferrer\">reportage<\/a> Kultursidan.nu 29\/11 2016<br \/>\nFilosofera tillsammans p\u00e5 Bibban <a href=\"https:\/\/www.kultursidan.nu\/?p=16466\" target=\"_blank\" rel=\"noopener noreferrer\">reportage<\/a> Kultursidan.nu 26\/8 2014<\/p>\n","protected":false},"excerpt":{"rendered":"<p>NORRK\u00d6PING Lokala f\u00f6rfattare har vidare vyer. V\u00e5rens n\u00e4rodlade b\u00f6cker, skrivna av \u00f6stg\u00f6tska f\u00f6rfattare, presenterades p\u00e5 Norrk\u00f6pings bokfestival. Nya b\u00f6cker s\u00e5ldes i entr\u00e9n. Utanf\u00f6r gick utgallrade biblioteksb\u00f6cker f\u00f6r en tia. <a class=\"continue-reading-link\" href=\"https:\/\/www.kultursidan.nu\/?p=30482\">L\u00e4s mer <span class=\"meta-nav\">&rarr; <\/span><\/a><\/p>\n","protected":false},"author":1001006,"featured_media":0,"comment_status":"closed","ping_status":"open","sticky":false,"template":"","format":"standard","meta":{"_jetpack_memberships_contains_paid_content":false,"footnotes":""},"categories":[64,7,1],"tags":[29,16],"class_list":["post-30482","post","type-post","status-publish","format-standard","hentry","category-litteratur-2","category-norrkoping","category-okategoriserade","tag-festival","tag-litteratur"],"jetpack_featured_media_url":"","jetpack_sharing_enabled":true,"_links":{"self":[{"href":"https:\/\/www.kultursidan.nu\/index.php?rest_route=\/wp\/v2\/posts\/30482","targetHints":{"allow":["GET"]}}],"collection":[{"href":"https:\/\/www.kultursidan.nu\/index.php?rest_route=\/wp\/v2\/posts"}],"about":[{"href":"https:\/\/www.kultursidan.nu\/index.php?rest_route=\/wp\/v2\/types\/post"}],"author":[{"embeddable":true,"href":"https:\/\/www.kultursidan.nu\/index.php?rest_route=\/wp\/v2\/users\/1001006"}],"replies":[{"embeddable":true,"href":"https:\/\/www.kultursidan.nu\/index.php?rest_route=%2Fwp%2Fv2%2Fcomments&post=30482"}],"version-history":[{"count":0,"href":"https:\/\/www.kultursidan.nu\/index.php?rest_route=\/wp\/v2\/posts\/30482\/revisions"}],"wp:attachment":[{"href":"https:\/\/www.kultursidan.nu\/index.php?rest_route=%2Fwp%2Fv2%2Fmedia&parent=30482"}],"wp:term":[{"taxonomy":"category","embeddable":true,"href":"https:\/\/www.kultursidan.nu\/index.php?rest_route=%2Fwp%2Fv2%2Fcategories&post=30482"},{"taxonomy":"post_tag","embeddable":true,"href":"https:\/\/www.kultursidan.nu\/index.php?rest_route=%2Fwp%2Fv2%2Ftags&post=30482"}],"curies":[{"name":"wp","href":"https:\/\/api.w.org\/{rel}","templated":true}]}}