{"id":30599,"date":"2017-04-30T16:56:58","date_gmt":"2017-04-30T15:56:58","guid":{"rendered":"https:\/\/intelligent-friend-7861.standoutwp.com\/?p=30599"},"modified":"2017-04-30T16:56:58","modified_gmt":"2017-04-30T15:56:58","slug":"sverige-finsk-afton-pa-antikvariatet","status":"publish","type":"post","link":"https:\/\/www.kultursidan.nu\/?p=30599","title":{"rendered":"Sverige-finsk afton p\u00e5 Antikvariatet"},"content":{"rendered":"<p><img loading=\"lazy\" decoding=\"async\" class=\"alignnone size-medium wp-image-30600\" src=\"https:\/\/www.kultursidan.nu\/wp-content\/uploads\/2017\/04\/Hans-med-karta-567x378.jpg\" alt=\"\" width=\"567\" height=\"378\" srcset=\"https:\/\/www.kultursidan.nu\/wp-content\/uploads\/2017\/04\/Hans-med-karta-567x378.jpg 567w, https:\/\/www.kultursidan.nu\/wp-content\/uploads\/2017\/04\/Hans-med-karta-768x512.jpg 768w, https:\/\/www.kultursidan.nu\/wp-content\/uploads\/2017\/04\/Hans-med-karta-1024x683.jpg 1024w, https:\/\/www.kultursidan.nu\/wp-content\/uploads\/2017\/04\/Hans-med-karta-500x333.jpg 500w, https:\/\/www.kultursidan.nu\/wp-content\/uploads\/2017\/04\/Hans-med-karta-150x100.jpg 150w\" sizes=\"auto, (max-width: 567px) 100vw, 567px\" \/><br \/>\n<em>Bl\u00e5tt och gult. Finlandssvenske sverigefinnen Hans Raab tog med Antikvariets publik p\u00e5 en resa genom tid och rum \u2013 om historia, spr\u00e5k, attityder och f\u00f6rdomar.<br \/>\n<\/em><\/p>\n<p>&nbsp;<\/p>\n<h1><span style=\"color: #ff0000;\">\u201dVar femte svensk \u00e4r sl\u00e4kt med en skogsfinne\u201d<\/span><\/h1>\n<p>&nbsp;<\/p>\n<p>NORRK\u00d6PING <strong>Sverige-finsk afton.<\/strong> Vad \u00e4r det f\u00f6r nytta med att l\u00e4ra sig finska? Under fredagskv\u00e4llen fabulerade Hans Raab medan Pentti Salmenranta spelade musik p\u00e5 Antikvariatet. Detta till \u00e4ra av Finlands 100-\u00e5rsjubileum i \u00e5r.<\/p>\n<p>Svenska och finska varvas under fredagskv\u00e4llen p\u00e5 Antikvariatet. Det \u00e4r verkligen en Sverige-finsk afton. Mestadels talas det i alla fall svenska \u2013 f\u00f6r att \u00e4ven svensktalande bes\u00f6kare ska kunna f\u00f6rst\u00e5.<\/p>\n<p>&nbsp;<\/p>\n<p><a title=\"Pentti Salmenranta\" href=\"https:\/\/www.flickr.com\/photos\/kultursidan\/33519031674\/in\/album-72157680552710682\/\"><img loading=\"lazy\" decoding=\"async\" src=\"https:\/\/c1.staticflickr.com\/3\/2814\/33519031674_6265936cf5.jpg\" alt=\"Pentti Salmenranta\" width=\"500\" height=\"423\" \/><\/a><br \/>\n<em>Pentti Salmenranta \u00e4r k\u00e4nd som musiker, bland annat i Bl\u00e5 h\u00e4st. Han \u00e4r hemspr\u00e5ksl\u00e4rare ocks\u00e5. Pentti bidrog b\u00e5de med erfarenheter fr\u00e5n yrket och fr\u00e5n musiken under den Sverige-finska aftonen.<\/em><\/p>\n<p>&nbsp;<\/p>\n<p><strong>Raija Arvidsson, som \u00e4r samordnare f\u00f6r arbetet med finskt f\u00f6rvaltningsomr\u00e5de i Norrk\u00f6pings kommun,<\/strong> presenterar kv\u00e4llens f\u00f6rsta g\u00e4st Pentti Salmenranta som arbetat som modersm\u00e5lsl\u00e4rare i 30 \u00e5r. Han menar att folk ofta ifr\u00e5gas\u00e4tter nyttan med att l\u00e4ra sig finska. \u00c4r det inte b\u00e4ttre att l\u00e4ra sig engelska, undrar de.<\/p>\n<p>\u2013 Man kan v\u00e4l l\u00e4ra sig b\u00e5da, s\u00e4ger jag d\u00e5. Men blir man inte f\u00f6rvirrad d\u00e5, fr\u00e5gar de. D\u00e5 fr\u00e5gar jag: Vet du vad 5 plus 1 \u00e4r? Ja, men 5 minus 1 d\u00e5? Blir du inte f\u00f6rvillad av det?<\/p>\n<p><strong>Kritikerna brukar inte bli s\u00e4rskilt \u00f6vertygande.<\/strong> S\u00e5 Pentti Salmenranta brukar forts\u00e4tta med att lyfta st\u00e4rkandet av identiteten och utvecklandet av hj\u00e4rnan. Men en praktisk nytta som han sk\u00e4mtsamt avslutar med \u00e4r den att bli av med telefonf\u00f6rs\u00e4ljare! \u201dPuhutaan talvisodasta\u201d h\u00f6r till de m\u00e5nga fraser som han exemplifierar med. Det kan \u00f6vers\u00e4ttas till: \u201dL\u00e5t oss prata om vinterkriget.\u201d Publiken skrattar och Pentti Salmenranta spelar en tango med gitarren.<\/p>\n<p>\u2013 Finska \u00e4r ocks\u00e5 det perfekta spr\u00e5ket att sjunga p\u00e5, s\u00e4ger han.<\/p>\n<p><strong>Hans Raab, som tyngdpunkten legat p\u00e5 i marknadsf\u00f6ringen f\u00f6r kv\u00e4llens evenemang, har samma roll som Raija Arvidsson \u2013 men i \u00d6sthammars kommun. <\/strong>Han \u00e4r finsktalande koordinator. Tidigare har han \u00e4ven arbetat p\u00e5 13 olika skolor i 13 olika l\u00e4nder. I Tyskland, d\u00e4r han bodde i 30 \u00e5r, var han universitetslektor.<\/p>\n<p>Hans Raab \u00e4r f\u00f6dd i Helsingfors och finlandssvensk. Att vara finlandssvensk \u00e4r att ha svenska som modersm\u00e5l, f\u00f6rklarar han.<\/p>\n<p>\u2013 \u201dVad fantastiskt du pratar svenska!\u201d sa folk n\u00e4r jag hade bott i Sverige i tre m\u00e5nader. Men jag pratade ju redan svenska redan innan, \u00e4ven om det l\u00e4t lite annorlunda!<\/p>\n<p>&nbsp;<\/p>\n<p><a title=\"Den fattiga befolkningen slet ont\" href=\"https:\/\/www.flickr.com\/photos\/kultursidan\/34361003545\/in\/album-72157680552710682\/\"><img loading=\"lazy\" decoding=\"async\" src=\"https:\/\/c1.staticflickr.com\/3\/2809\/34361003545_661198c7cd.jpg\" alt=\"Den fattiga befolkningen slet ont\" width=\"500\" height=\"333\" \/><\/a><br \/>\n<em> Svedjefinnar. Den fattiga befolkningen slet h\u00e5rt f\u00f6r att f\u00f6rs\u00f6rja sig. Eero J\u00e4rnefelts m\u00e5lning fr\u00e5n Savolax heter Tr\u00e4lar under penningen.<\/em><\/p>\n<p>&nbsp;<\/p>\n<p><strong>Finl\u00e4ndare \u00e4r de som bor eller har bott i Finland, oavsett modersm\u00e5l.<\/strong> Sverigefinnar \u00e4r de som har flyttat hit, allts\u00e5 ingen enhetlig grupp.<\/p>\n<p>\u2013 800.000 personer av Sveriges befolkning \u00e4r Sverigefinnar, det \u00e4r \u00e5tta, nio procent av befolkningen, ganska mycket, undervisar Hans Raab.<\/p>\n<p>\u2013 Var femte svensk \u00e4r sl\u00e4kt med en skogsfinne, forts\u00e4tter han.<\/p>\n<p><strong>Bakom sig har han en overheadpresentation med undertiteln \u201dEn resa i tid och rum \u2013 om historia, spr\u00e5k, attityder och f\u00f6rdomar\u201d.<\/strong> Det ger en lektionsk\u00e4nsla, men ingen tr\u00e5kig s\u00e5dan. Hans Raab \u00e4r den typ av f\u00f6rel\u00e4sare som man lyssnar p\u00e5, f\u00f6r att han sj\u00e4lv har ett s\u00e5 livligt engagemang. Han gestikulerar vilt, talar snabbt och har mycket att s\u00e4ga \u2013 b\u00e5de om Finlands ursprung och minoritetspolitikens betydelse f\u00f6r m\u00e4nskliga r\u00e4ttigheter.<\/p>\n<p>\u2013 Pentti Salmenranta och andra modersm\u00e5lsl\u00e4rare \u00e4r eldsj\u00e4lar, men det \u00e4r en fullst\u00e4ndig illusion att man l\u00e4r sig ett spr\u00e5k bra genom endast en timmes undervisning i veckan som det ser ut i dag. \u00c4ldreboenden beh\u00f6ver ocks\u00e5 finsk personal, f\u00f6r till exempel personer med demens gl\u00f6mmer ofta det nya spr\u00e5ket och lyser upp n\u00e4r de pl\u00f6tsligt f\u00e5r h\u00f6ra en s\u00e5ng p\u00e5 finska.<\/p>\n<p><strong>Hans Raab l\u00e4ser upp en dikt, <em>Bonden Paavo<\/em> av Johan Ludvig Runeberg.<\/strong> Kv\u00e4llen avslutas sedan med fika och mer musik av Pentti Salmenranta. Det uppskattas av till exempel bes\u00f6karna Aila Aalto och Eila Strand.<\/p>\n<p>\u2013 Jag gillar musik, s\u00e4ger Eila Strand.<\/p>\n<p><em>\u00a9 Text och foto: Melinda Reyes Hiltunen<\/em><\/p>\n<p>BILDSPEL (FLASH) \u2013 KLICKA P\u00c5 BILDEN <em><br \/>\nALT\/MOBIL: SE BILDSPELET <a title=\"Bildspel\" href=\"https:\/\/www.flickr.com\/photos\/kultursidan\/sets\/72157680552710682\/show\/\" target=\"_blank\" rel=\"noopener noreferrer\">H\u00c4R<\/a><\/em><br \/>\n<object width=\"400\" height=\"300\"><param name=\"flashvars\" value=\"offsite=true&amp;lang=en-us&amp;page_show_url=%2Fphotos%2Fkultursidan%2Fsets%2F72157680552710682%2Fshow%2F&amp;page_show_back_url=%2Fphotos%2Fkultursidan%2Fsets%2F72157680552710682%2F&amp;set_id=72157680552710682&amp;jump_to=\" \/><param name=\"movie\" value=\"https:\/\/www.flickr.com\/apps\/slideshow\/show.swf?v=1811922554\" \/><param name=\"allowFullScreen\" value=\"true\" \/><\/object><\/p>\n<blockquote>\n<h3><em>ANTIKVARIATET Norrk\u00f6ping<\/em><\/h3>\n<p>28 april 2017<em><br \/>\n<strong>Sverige-finsk afton<\/strong><br \/>\nF\u00f6rel\u00e4sare: Hans Raab<br \/>\nMusiker: Pentti Salmenranta<\/em><\/p><\/blockquote>\n<p>L\u00c4NKAR<br \/>\nAntikvariatet i Norrk\u00f6ping <a href=\"https:\/\/www.facebook.com\/Antikvariatet-i-Norrk\u00f6ping-155880004456321\/\" target=\"_blank\" rel=\"noopener noreferrer\">Facebook<\/a><br \/>\nFinskt f\u00f6rvaltningsomr\u00e5de Norrk\u00f6ping <a href=\"http:\/\/www.norrkoping.se\/organisation\/samverkan\/finskt-forvaltningsomrade\/\" target=\"_blank\" rel=\"noopener noreferrer\">info<\/a><br \/>\nSveriges nationella minoriteter och minoritetsspr\u00e5k <a href=\"http:\/\/www.minoritet.se\/\" target=\"_blank\" rel=\"noopener noreferrer\">hemsida<\/a><br \/>\nPentti Salmenranta <a href=\"https:\/\/open.spotify.com\/artist\/0pA72agSFh766qL1RJCoxL\" target=\"_blank\" rel=\"noopener noreferrer\">Spotify <\/a><br \/>\nBonden Paavo\/H\u00f6gt bland Saarij\u00e4rvis moar <a href=\"https:\/\/sv.wikipedia.org\/wiki\/H%C3%B6gt_bland_Saarij%C3%A4rvis_moar\" target=\"_blank\" rel=\"noopener noreferrer\">Wikipedia<\/a> <a href=\"http:\/\/runeberg.org\/runeberg\/0_15_25.html\" target=\"_blank\" rel=\"noopener noreferrer\">Runeberg <\/a><br \/>\nNylonpunk listar samh\u00e4llets brister <a href=\"https:\/\/www.kultursidan.nu\/?p=9949\" target=\"_blank\" rel=\"noopener noreferrer\">reportage<\/a> Kultursidan.nu 5\/5 2013<\/p>\n","protected":false},"excerpt":{"rendered":"<p>NORRK\u00d6PING Sverige-finsk afton. Vad \u00e4r det f\u00f6r nytta med att l\u00e4ra sig finska? Under fredagskv\u00e4llen fabulerade Hans Raab medan Pentti Salmenranta spelade musik p\u00e5 Antikvariatet. Detta till \u00e4ra av Finlands 100-\u00e5rsjubileum i \u00e5r. <a class=\"continue-reading-link\" href=\"https:\/\/www.kultursidan.nu\/?p=30599\">L\u00e4s mer <span class=\"meta-nav\">&rarr; <\/span><\/a><\/p>\n","protected":false},"author":1001006,"featured_media":0,"comment_status":"closed","ping_status":"open","sticky":false,"template":"","format":"standard","meta":{"_jetpack_memberships_contains_paid_content":false,"footnotes":""},"categories":[7],"tags":[90,53],"class_list":["post-30599","post","type-post","status-publish","format-standard","hentry","category-norrkoping","tag-bildning","tag-foredrag"],"jetpack_featured_media_url":"","jetpack_sharing_enabled":true,"_links":{"self":[{"href":"https:\/\/www.kultursidan.nu\/index.php?rest_route=\/wp\/v2\/posts\/30599","targetHints":{"allow":["GET"]}}],"collection":[{"href":"https:\/\/www.kultursidan.nu\/index.php?rest_route=\/wp\/v2\/posts"}],"about":[{"href":"https:\/\/www.kultursidan.nu\/index.php?rest_route=\/wp\/v2\/types\/post"}],"author":[{"embeddable":true,"href":"https:\/\/www.kultursidan.nu\/index.php?rest_route=\/wp\/v2\/users\/1001006"}],"replies":[{"embeddable":true,"href":"https:\/\/www.kultursidan.nu\/index.php?rest_route=%2Fwp%2Fv2%2Fcomments&post=30599"}],"version-history":[{"count":0,"href":"https:\/\/www.kultursidan.nu\/index.php?rest_route=\/wp\/v2\/posts\/30599\/revisions"}],"wp:attachment":[{"href":"https:\/\/www.kultursidan.nu\/index.php?rest_route=%2Fwp%2Fv2%2Fmedia&parent=30599"}],"wp:term":[{"taxonomy":"category","embeddable":true,"href":"https:\/\/www.kultursidan.nu\/index.php?rest_route=%2Fwp%2Fv2%2Fcategories&post=30599"},{"taxonomy":"post_tag","embeddable":true,"href":"https:\/\/www.kultursidan.nu\/index.php?rest_route=%2Fwp%2Fv2%2Ftags&post=30599"}],"curies":[{"name":"wp","href":"https:\/\/api.w.org\/{rel}","templated":true}]}}