{"id":3065,"date":"2011-11-07T16:44:11","date_gmt":"2011-11-07T14:44:11","guid":{"rendered":"https:\/\/intelligent-friend-7861.standoutwp.com\/?p=3065"},"modified":"2014-11-25T11:39:23","modified_gmt":"2014-11-25T10:39:23","slug":"berit-hammarback-med-peter-norrman-pa-galleri-kronan","status":"publish","type":"post","link":"https:\/\/www.kultursidan.nu\/?p=3065","title":{"rendered":"Berit Hammarb\u00e4ck med Peter Norrman p\u00e5 Galleri Kronan"},"content":{"rendered":"<p><iframe loading=\"lazy\" src=\"https:\/\/www.flickr.com\/photos\/kultursidan\/6321978147\/in\/set-72157628074498164\/player\/\" width=\"500\" height=\"333\" frameborder=\"0\" allowfullscreen=\"allowfullscreen\"><\/iframe><br \/>\n<em>Berit Hammarb\u00e4ck visar m\u00e5lningar och grafik p\u00e5 Galleri Kronan.<\/em><\/p>\n<p>&nbsp;<\/p>\n<h1><span style=\"color: #ff0000;\">Inifr\u00e5n. Arkaiskt. L\u00e4raren.<\/span><\/h1>\n<p><strong>\u00a0<\/strong><\/p>\n<p><strong>\u2013 Jag tittar aldrig p\u00e5 n\u00e5got n\u00e4r jag m\u00e5lar utan jag m\u00e5lar inifr\u00e5n mig sj\u00e4lv.<\/strong> S\u00e4ger Berit Hammarb\u00e4ck som st\u00e4ller ut p\u00e5 Galleri Kronan i Norrk\u00f6ping. Det blir det som det blir till slut och allt som oftast tar det tid. Det ska grunnas och k\u00e4nnas efter medan oljan torkar. Och olja torkar som bekant l\u00e5ngsamt.<em> Oljan \u00e4r sinnlig.<\/em> Tills \u00f6gonblicket kommer \u2013 <em>Nu \u00e4r det klart<\/em>.<\/p>\n<p>\u2013 P\u00e5 n\u00e5got s\u00e4tt k\u00e4nner jag igen mig i bilden.<\/p>\n<p><strong>P\u00e5 kanske samma s\u00e4tt k\u00e4nner man igen Berit Hammarb\u00e4cks bilder.<\/strong> De collageartade f\u00e4lten, skrapningarna, n\u00e5got man kan gott t\u00e4nker \u00e4r ett litet djur, men ocks\u00e5 n\u00e5got obest\u00e4mbart. F\u00e4rgspektrat \u00e4r n\u00e4ra jorden, fr\u00e5n svart till ljust beige, f\u00e4rgerna neutrala.<\/p>\n<p>M\u00e5lningarna avsl\u00f6jar processen i den m\u00e5n att underliggande lager tonar igenom, bryter fram. Det \u00e4r n\u00e5got mycket tilltalande med de d\u00e4r lagren, som om verket blir mer gediget, genomarbetat. Som om f\u00e4rg och komposition tar tid p\u00e5 sig att l\u00e4gga sig till r\u00e4tta bland dukens lager av olja<\/p>\n<p>\u2013 Den d\u00e4r var helt annorlunda f\u00f6rut, tr\u00e5kig. Men jag v\u00e4nde den upp och ner och b\u00f6rjade om. Ber\u00e4ttar hon om <em>Vara sj\u00e4lv<\/em>, ett landskap med en katt och en bj\u00f6rk \u2013 om man s\u00e5 vill \u2013 d\u00e4r skymtar n\u00e5got bl\u00e5tt under ytan.<\/p>\n<p><strong>Berit Hammarb\u00e4cks grafik i det bakre rummet rymmer ocks\u00e5 de collageartade f\u00e4lten, skrapningarna, kanske ett litet djur. <\/strong>Men arbetsprocessen \u00e4r helt annorlunda.<\/p>\n<p>\u2013 D\u00e5 har jag mer en id\u00e9 om vad jag ska g\u00f6ra. B\u00f6rjar med en bild, ett foto, som jag bearbetar i datorn och sammanfogar.<\/p>\n<p>Hon visar <em>Broadway<\/em>, som startade med att hon fotograferade av Melodifestivalen p\u00e5 TV. Gestalter och ljus.<\/p>\n<p>En serie med mycket sm\u00e5 bilder som f\u00e4sts p\u00e5 stenplattor. Foton som bearbetats till n\u00e4rmast svartvita kontraster, f\u00f6rts \u00f6ver till plastfilm som i sin tur exponerats mot emulsionen som lagts p\u00e5 stenen. Med den oj\u00e4mna ytan blir det en slumpm\u00e4ssigt moment, patinering. De ger intryck av att vara minnen fr\u00e5n f\u00f6rr \u00e4ven om det \u00e4r bilder konstn\u00e4ren tagit sj\u00e4lv, i Folkparken, i Berlin, ute vid Abborreberg.<\/p>\n<p><em>Amerikabrevet<\/em> ing\u00e5r i en serie grafiska bilder. Gamla kuvert med frim\u00e4rken och adressat fogas till milj\u00f6bilder, fr\u00e5n stad och land.<\/p>\n<p><strong>Slutstationen f\u00f6r det arkaiska greppet blir <em>Vid sp\u00e5ret<\/em><\/strong>. En \u00f6vergiven j\u00e4rnv\u00e4gsstr\u00e4cka i Berlin sammanfogad med bilden av en grafittimur. Nuet har blivit en h\u00e4lsning fr\u00e5n en tid lika avl\u00e4gsen som Pompeji. Vi \u00e4r alla en del av historien.<\/p>\n<p>&nbsp;<\/p>\n<p><strong>I galleriets lilla rum visas grafik och teckningar av Peter Norrman (1921-1996).<\/strong> Under ett \u00e5r var han Berit Hammarb\u00e4cks l\u00e4rare p\u00e5 Fr\u00f6bels konstskola. Kronans curator f\u00f6r \u00e5ret, \u00c5ke Bjurhamn, har n\u00e4mligen satt som regel f\u00f6r utst\u00e4llarna att lyfta fram en \u00e4ldre norrk\u00f6pingskonstn\u00e4r.<\/p>\n<p>\u2013 Jag tyckte om Peter Norrman som konstn\u00e4r och pedagog och m\u00e4nniska, s\u00e4ger Berit Hammarb\u00e4ck. Och roligt att se motiven fr\u00e5n staden och hamnen, som de s\u00e5g ut d\u00e5.<\/p>\n<p>Hon lyfter fram de skilda teknikerna i hans verk, inl\u00e5nade fr\u00e4mst fr\u00e5n Sj\u00f6fartsverket och Norrk\u00f6pings kommun. Det \u00e4r kontrastrika linjeetsningar och mjukgrundsetsningar.<\/p>\n<p>\u2013 Titta h\u00e4r p\u00e5 akvatinten.<\/p>\n<p><em>Text och foto: Ann-Charlotte Sandelin<\/em><\/p>\n<p>&nbsp;<\/p>\n<ul>\n<li>\n<h3>GALLERI KRONAN Norrk\u00f6ping<\/h3>\n<\/li>\n<li><em>5\u201320 november 2011<\/em><br \/>\n<strong>Berit Hammarb\u00e4ck<\/strong><br \/>\nmed Peter Norrman<\/li>\n<\/ul>\n<p>&nbsp;<\/p>\n<p>L\u00c4NKAR<br \/>\nGalleri Kronan <a title=\"Galleri Kronan\" href=\"http:\/\/www.gallerikronan.se\/\" target=\"_blank\">hemsida <\/a><br \/>\nBerit Hammarb\u00e4ck <a title=\"Berit Hammarb\u00e4ck\" href=\"http:\/\/berithammarback.se\/\" target=\"_blank\">hemsida<\/a><\/p>\n<p>BILDSPEL (FLASH) BERIT HAMMARB\u00c4CK \u2013 KLICKA P\u00c5 BILDEN<br \/>\n<em>ALT\/MOBIL: SE BILDSPELET <a title=\"Bildspel\" href=\"https:\/\/www.flickr.com\/photos\/kultursidan\/sets\/72157628074498164\/show\/\" target=\"_blank\">H\u00c4R<\/a><\/em><br \/>\n<object width=\"400\" height=\"300\"><param name=\"flashvars\" value=\"offsite=true&amp;lang=en-us&amp;page_show_url=%2Fphotos%2Fkultursidan%2Fsets%2F72157628074498164%2Fshow%2F&amp;page_show_back_url=%2Fphotos%2Fkultursidan%2Fsets%2F72157628074498164%2F&amp;set_id=72157628074498164&amp;jump_to=\" \/><param name=\"movie\" value=\"https:\/\/www.flickr.com\/apps\/slideshow\/show.swf?v=1811922554\" \/><param name=\"allowFullScreen\" value=\"true\" \/><\/object><\/p>\n<p>BILDSPEL (FLASH) PETER NORRMAN \u2013 KLICKA P\u00c5 BILDEN<br \/>\n<em>ALT\/MOBIL: SE BILDSPELET <a title=\"Bildspel\" href=\"https:\/\/www.flickr.com\/photos\/kultursidan\/sets\/72157627949908341\/show\/\" target=\"_blank\">H\u00c4R<\/a><\/em><br \/>\n<object width=\"400\" height=\"300\"><param name=\"flashvars\" value=\"offsite=true&amp;lang=en-us&amp;page_show_url=%2Fphotos%2Fkultursidan%2Fsets%2F72157627949908341%2Fshow%2F&amp;page_show_back_url=%2Fphotos%2Fkultursidan%2Fsets%2F72157627949908341%2F&amp;set_id=72157627949908341&amp;jump_to=\" \/><param name=\"movie\" value=\"https:\/\/www.flickr.com\/apps\/slideshow\/show.swf?v=1811922554\" \/><param name=\"allowFullScreen\" value=\"true\" \/><\/object><\/p>\n","protected":false},"excerpt":{"rendered":"<p>NORRK\u00d6PING M\u00e5lningar som kommer inifr\u00e5n och tar tid p\u00e5 sig att l\u00e4gga sig till r\u00e4tta bland dukens lager av olja. Medan hon redan fr\u00e5n b\u00f6rjan vet hur grafikens bilder ska g\u00f6ras. Resultatet blir collageartat med f\u00e4lt, skrapningar, och n\u00e5got obest\u00e4mt. <a class=\"continue-reading-link\" href=\"https:\/\/www.kultursidan.nu\/?p=3065\">L\u00e4s mer <span class=\"meta-nav\">&rarr; <\/span><\/a><\/p>\n","protected":false},"author":1001006,"featured_media":0,"comment_status":"closed","ping_status":"open","sticky":false,"template":"","format":"standard","meta":{"_jetpack_memberships_contains_paid_content":false,"footnotes":""},"categories":[7],"tags":[14],"class_list":["post-3065","post","type-post","status-publish","format-standard","hentry","category-norrkoping","tag-konst"],"jetpack_featured_media_url":"","jetpack_sharing_enabled":true,"_links":{"self":[{"href":"https:\/\/www.kultursidan.nu\/index.php?rest_route=\/wp\/v2\/posts\/3065","targetHints":{"allow":["GET"]}}],"collection":[{"href":"https:\/\/www.kultursidan.nu\/index.php?rest_route=\/wp\/v2\/posts"}],"about":[{"href":"https:\/\/www.kultursidan.nu\/index.php?rest_route=\/wp\/v2\/types\/post"}],"author":[{"embeddable":true,"href":"https:\/\/www.kultursidan.nu\/index.php?rest_route=\/wp\/v2\/users\/1001006"}],"replies":[{"embeddable":true,"href":"https:\/\/www.kultursidan.nu\/index.php?rest_route=%2Fwp%2Fv2%2Fcomments&post=3065"}],"version-history":[{"count":0,"href":"https:\/\/www.kultursidan.nu\/index.php?rest_route=\/wp\/v2\/posts\/3065\/revisions"}],"wp:attachment":[{"href":"https:\/\/www.kultursidan.nu\/index.php?rest_route=%2Fwp%2Fv2%2Fmedia&parent=3065"}],"wp:term":[{"taxonomy":"category","embeddable":true,"href":"https:\/\/www.kultursidan.nu\/index.php?rest_route=%2Fwp%2Fv2%2Fcategories&post=3065"},{"taxonomy":"post_tag","embeddable":true,"href":"https:\/\/www.kultursidan.nu\/index.php?rest_route=%2Fwp%2Fv2%2Ftags&post=3065"}],"curies":[{"name":"wp","href":"https:\/\/api.w.org\/{rel}","templated":true}]}}