{"id":30676,"date":"2017-05-05T15:17:34","date_gmt":"2017-05-05T14:17:34","guid":{"rendered":"https:\/\/intelligent-friend-7861.standoutwp.com\/?p=30676"},"modified":"2017-05-05T15:26:36","modified_gmt":"2017-05-05T14:26:36","slug":"glasets-dag-med-rejmyre-art-lab","status":"publish","type":"post","link":"https:\/\/www.kultursidan.nu\/?p=30676","title":{"rendered":"Glasets dag med Rejmyre Art Lab"},"content":{"rendered":"<p><img loading=\"lazy\" decoding=\"async\" class=\"alignnone size-medium wp-image-30677\" src=\"https:\/\/www.kultursidan.nu\/wp-content\/uploads\/2017\/05\/sissi_breakblowerVIT-567x425.jpg\" alt=\"\" width=\"567\" height=\"425\" srcset=\"https:\/\/www.kultursidan.nu\/wp-content\/uploads\/2017\/05\/sissi_breakblowerVIT-567x425.jpg 567w, https:\/\/www.kultursidan.nu\/wp-content\/uploads\/2017\/05\/sissi_breakblowerVIT-768x576.jpg 768w, https:\/\/www.kultursidan.nu\/wp-content\/uploads\/2017\/05\/sissi_breakblowerVIT-444x333.jpg 444w, https:\/\/www.kultursidan.nu\/wp-content\/uploads\/2017\/05\/sissi_breakblowerVIT-150x113.jpg 150w, https:\/\/www.kultursidan.nu\/wp-content\/uploads\/2017\/05\/sissi_breakblowerVIT.jpg 800w\" sizes=\"auto, (max-width: 567px) 100vw, 567px\" \/><br \/>\n<em> Konceptuellt. Konstn\u00e4ren Sissi Westerbergs verk <\/em><em>Pausbl\u00e5sare <\/em><em>v\u00e4xte fram sommaren 2016, ur insikten att den som f\u00f6rlorar sig i sitt arbete m\u00e5ste p\u00e5minnas om att ta en paus.<br \/>\n<\/em><\/p>\n<p>&nbsp;<\/p>\n<h1><span style=\"color: #ff0000;\">3 x glas \u2013 historiskt, konceptuellt, konstglas<br \/>\n<\/span><\/h1>\n<p>&nbsp;<\/p>\n<p>REJMYRE\/FINSP\u00c5NG <strong><em>F\u00f6rsommardr\u00f6mmar<\/em> och glasorgelspel.<\/strong> Ett livaktigt Rejmyre firar Glasets Dag nu p\u00e5 l\u00f6rdag. Sj\u00e4lva hantverket demonstreras, en butik i butiken \u00f6ppnas och tre utst\u00e4llningar invigs, en historisk, en konceptuell och en med nutida konstglas i jugendstil. \u00c5rets tema i museet \u00e4r Poul Kedelv.<\/p>\n<p><strong>Rejmyre glasbruk ser fram\u00e5t och l\u00e5nar ur sin historia n\u00e4r det \u00e4r dags f\u00f6r \u201dGlasets dag\u201d f\u00f6rsta l\u00f6rdagen i maj.<\/strong> Tre utst\u00e4llningar presenteras under dagen i samverkan med Glasmuseet och Rejmyre Art Lab.<\/p>\n<p>\u00c5rets tema \u00e4r formgivaren Poul Kedelv. Han eftertr\u00e4dde Monica Bratt, som ju var f\u00f6rra sommarens museitema. Kedelv experimenterade flitigt med teknik och f\u00e4rger och arbetade \u00e4ven med gravyr.<\/p>\n<p>&nbsp;<\/p>\n<p><a title=\"Formgivare Poul Kedelv\" href=\"https:\/\/www.flickr.com\/photos\/kultursidan\/34307164432\/in\/album-72157680325271653\/\"><img loading=\"lazy\" decoding=\"async\" src=\"https:\/\/c1.staticflickr.com\/5\/4189\/34307164432_3570b73d99.jpg\" alt=\"Formgivare Poul Kedelv\" width=\"326\" height=\"500\" \/><\/a><br \/>\n<em>Temautst\u00e4llning. Poul Kedelv anv\u00e4nde svagt f\u00e4rgat glas och gravyr i denna vas som st\u00e4lldes ut redan sommaren 2012.<\/em><\/p>\n<p>&nbsp;<\/p>\n<p><strong>Rejmyre Art Lab presenterar resultatet av det tv\u00e5\u00e5riga forskningsprojektet \u201dPerforming Labour\u201d<\/strong> \u2013 ett g\u00e4starbetar-program, d\u00e4r svenska och internationella konstn\u00e4rer skapade konst som handlade om arbete. I flera perioder under 2016 och 2017 har konstn\u00e4rer arbetat parallellt med brukets glasbl\u00e5sare och skapat sin egen tolkning av temat \u201darbete\u201d.<\/p>\n<p>H\u00e4r finns en beh\u00e5llare f\u00f6r konstn\u00e4rens f\u00f6rkastade id\u00e9er, <em>Monument to the Discarded Ideas of the Artist<\/em> . Ett annat verk \u00e4r en <em>Pausbl\u00e5sare<\/em> som synkroniserar olika arbetare att ta rast samtidigt. H\u00e4r ses ocks\u00e5 <em>N\u00e5gonting som gjorts f\u00f6r att tappas och sedan hittas<\/em>, en glasskiva som tappades i sj\u00f6n i somras och hittades i vintras. Vidare finns en mirakellyssnare och en glaskil att anv\u00e4nda vid tr\u00e4df\u00e4llning,\u00a0<em>5.64 sekunder konstn\u00e4rligt arbete m\u00e4tt i glas<\/em>\u00a0och flera andra verk.<\/p>\n<p>De konceptuella verken, som allts\u00e5 f\u00f6rs\u00f6ker gestalta id\u00e9er, presenteras som om de vore produkter tillsammans med en \u201dproduktkatalog\u201d som nyktert redog\u00f6r f\u00f6r de olika konstverkens egenskaper och anv\u00e4ndningsomr\u00e5den.<\/p>\n<p>&nbsp;<\/p>\n<p><a title=\"Vaser i jugendstil av Karin Hassle och Marie \u00c5kerlund\" href=\"https:\/\/www.flickr.com\/photos\/kultursidan\/34336509681\/in\/album-72157680325271653\/\"><img loading=\"lazy\" decoding=\"async\" src=\"https:\/\/c1.staticflickr.com\/5\/4179\/34336509681_673c6d5eea.jpg\" alt=\"Vaser i jugendstil av Karin Hassle och Marie \u00c5kerlund\" width=\"441\" height=\"500\" \/><\/a><br \/>\n<em>Konstglas. Karin Hassle och Marie \u00c5kerlund st\u00e5r bakom serien F\u00f6rsommardr\u00f6mmar i jugendstil som visas p\u00e5 Reijmyre Glasbruk.<\/em><\/p>\n<p>&nbsp;<\/p>\n<p><strong><em>F\u00f6rsommardr\u00f6mmar<\/em> \u00e4r den tredje utst\u00e4llningen p\u00e5 Glasbruket.<\/strong> Konstglas i jugendstil skapade av glaskonstn\u00e4ren Karin Hassle, Katrineholm, och konstn\u00e4ren Marie \u00c5kerlund, Lotorp, Finsp\u00e5ng.<\/p>\n<p><strong>Mellan alla invigningar kan publiken lyssna till Pelle Olsson som spelar p\u00e5 sin glasorgel i museet.<\/strong> D\u00e4r finns ocks\u00e5 Thord H\u00f6glander och Nils-\u00c5ke Br\u00e5tner som svarar p\u00e5 glasfr\u00e5gor. I glashyttan tillverkar glasbl\u00e5sarm\u00e4starna H\u00e5kan Ohlsson och Roland Sonevang Coquille-sk\u00e5lar, designade av Poul Kedelv.<\/p>\n<p><strong>Fabriksbutiken f\u00e5r ett tillskott med en butik i butiken <\/strong>\u2013 Designhouse Stockholm Shop.<\/p>\n<p>\u00a9 <em>Text: Ann-Charlotte Sandelin<br \/>\n<\/em>\u00a9 <em>Foto: Rejmyre Art Lab, Jin Demulan, Reijmyre Glasbruk och Ann-Charlotte Sandelin<\/em><\/p>\n<p>BILDSPEL (FLASH) \u2013 KLICKA P\u00c5 BILDEN <em><br \/>\nALT\/MOBIL: SE BILDSPELET <a title=\"Bildspel\" href=\"https:\/\/www.flickr.com\/photos\/kultursidan\/sets\/72157680325271653\/show\/\" target=\"_blank\" rel=\"noopener noreferrer\">H\u00c4R<\/a><\/em><br \/>\n<object width=\"400\" height=\"300\"><param name=\"flashvars\" value=\"offsite=true&amp;lang=en-us&amp;page_show_url=%2Fphotos%2Fkultursidan%2Fsets%2F72157680325271653%2Fshow%2F&amp;page_show_back_url=%2Fphotos%2Fkultursidan%2Fsets%2F72157680325271653%2F&amp;set_id=72157680325271653&amp;jump_to=\" \/><param name=\"movie\" value=\"https:\/\/www.flickr.com\/apps\/slideshow\/show.swf?v=1811922554\" \/><param name=\"allowFullScreen\" value=\"true\" \/><\/object><\/p>\n<blockquote>\n<h3><em>GLASBRUKET &amp; HANTVERKSBYN Rejmyre<\/em><\/h3>\n<p><em>6 maj 2017 kl 10 \u2013 16<\/em><br \/>\n<em> <strong>Glasets dag<\/strong><\/em><\/p>\n<p style=\"padding-left: 30px;\"><em>PROGRAM<br \/>\nHela dagen: Glasbl\u00e5sning i hyttan. Svar p\u00e5 glasfr\u00e5gor i Glasmuseet. Pelle Olsson spelar glasorgel i Glasmuseet.<\/em><br \/>\n<em> 10.30 Hans Kedelv inviger \u00e5rets temautst\u00e4llning om formgivaren Poul Kedelv. Glasmuseet.<\/em><br \/>\n<em> 10.30 Rejmyre musikk\u00e5r. Glashyttan.<\/em><br \/>\n<em> 11.30 Anders F\u00e4rdig inviger Designhouse Stockholm Shop i Fabriksbutiken.<\/em><br \/>\n<em> 13.30 Kommunalr\u00e5det Anders H\u00e4rnbro inviger utst\u00e4llningen F\u00f6rsommardr\u00f6mmar. Glasmuseet.<\/em><br \/>\n<em> 13.50 Konstn\u00e4rerna Karin Hassle och Marie \u00c5kerlund presenterar F\u00f6rsommardr\u00f6mmar. Glasmuseet.<\/em><br \/>\n<em> 14.00 Konstn\u00e4r Sissi Westerberg presenterar Rejmyre Art Labs projekt Performing Labour. Glasmuseet.<br \/>\n<\/em><\/p>\n<\/blockquote>\n<p>L\u00c4NKAR<br \/>\nGlasets dag <a href=\"http:\/\/www.visitostergotland.se\/sv\/finspang\/products\/249545\/Glasets-Dag-i-Rejmyre\/\" target=\"_blank\" rel=\"noopener noreferrer\">program <\/a><br \/>\nKarin Hassle <a href=\"http:\/\/www.karinhassle.com\" target=\"_blank\" rel=\"noopener noreferrer\">hemsida <\/a><br \/>\nMarie \u00c5kerlund <a href=\"http:\/\/www.akerlundkonst.se\" target=\"_blank\" rel=\"noopener noreferrer\">hemsida <\/a><br \/>\nReijmyre glasbruk <a href=\"http:\/\/www.reijmyreglasbruk.se\" target=\"_blank\" rel=\"noopener noreferrer\">hemsida<\/a> <a href=\"https:\/\/www.facebook.com\/Reijmyre-Glasbruk-445827212121426\/?fref=ts\" target=\"_blank\" rel=\"noopener noreferrer\">Facebook <\/a><br \/>\nGlasmuseet <a href=\"http:\/\/www.rejmyrehembygdsforening.se\/glasmuseum.shtml\" target=\"_blank\" rel=\"noopener noreferrer\">hemsida <\/a><br \/>\nRejmyre Art LAB <a href=\"http:\/\/rejmyreartlaborg.ipage.com\/home2014.html\" target=\"_blank\" rel=\"noopener noreferrer\">hemsida<\/a> <a href=\"https:\/\/www.facebook.com\/RejmyreArtLAB\/?fref=ts\" target=\"_blank\" rel=\"noopener noreferrer\">Facebook<\/a><br \/>\nDaniel Peltz s\u00f6ker glaset (han kastat) i sj\u00f6n <a href=\"https:\/\/www.kultursidan.nu\/?p=29539\" target=\"_blank\" rel=\"noopener noreferrer\">reportage<\/a> Kultursidan.nu 22\/2 2017<br \/>\nDavid Larsson och skogen i Rejmyre <a href=\"https:\/\/www.kultursidan.nu\/?p=29328\" target=\"_blank\" rel=\"noopener noreferrer\">reportage<\/a> Kultursidan.nu 10\/2 2017<br \/>\nRejmyre Art Lab reflekterar arbete i glas <a href=\"https:\/\/www.kultursidan.nu\/?p=25845\" target=\"_blank\" rel=\"noopener noreferrer\">reportage<\/a> Kultursidan.nu 27\/6 2016<\/p>\n","protected":false},"excerpt":{"rendered":"<p>REJMYRE\/FINSP\u00c5NG F\u00f6rsommardr\u00f6mmar och glasorgelspel. Ett livaktigt Rejmyre firar Glasets Dag nu p\u00e5 l\u00f6rdag. Sj\u00e4lva hantverket demonstreras, en butik i butiken \u00f6ppnas och tre utst\u00e4llningar invigs, en historisk, en med nutida jugendstil och en konceptuell. \u00c5rets tema i museet \u00e4r Poul Kedelv. <a class=\"continue-reading-link\" href=\"https:\/\/www.kultursidan.nu\/?p=30676\">L\u00e4s mer <span class=\"meta-nav\">&rarr; <\/span><\/a><\/p>\n","protected":false},"author":1001006,"featured_media":0,"comment_status":"closed","ping_status":"open","sticky":false,"template":"","format":"standard","meta":{"_jetpack_memberships_contains_paid_content":false,"footnotes":""},"categories":[4],"tags":[30,14,47],"class_list":["post-30676","post","type-post","status-publish","format-standard","hentry","category-finspong","tag-glas","tag-konst","tag-utstallning"],"jetpack_featured_media_url":"","jetpack_sharing_enabled":true,"_links":{"self":[{"href":"https:\/\/www.kultursidan.nu\/index.php?rest_route=\/wp\/v2\/posts\/30676","targetHints":{"allow":["GET"]}}],"collection":[{"href":"https:\/\/www.kultursidan.nu\/index.php?rest_route=\/wp\/v2\/posts"}],"about":[{"href":"https:\/\/www.kultursidan.nu\/index.php?rest_route=\/wp\/v2\/types\/post"}],"author":[{"embeddable":true,"href":"https:\/\/www.kultursidan.nu\/index.php?rest_route=\/wp\/v2\/users\/1001006"}],"replies":[{"embeddable":true,"href":"https:\/\/www.kultursidan.nu\/index.php?rest_route=%2Fwp%2Fv2%2Fcomments&post=30676"}],"version-history":[{"count":0,"href":"https:\/\/www.kultursidan.nu\/index.php?rest_route=\/wp\/v2\/posts\/30676\/revisions"}],"wp:attachment":[{"href":"https:\/\/www.kultursidan.nu\/index.php?rest_route=%2Fwp%2Fv2%2Fmedia&parent=30676"}],"wp:term":[{"taxonomy":"category","embeddable":true,"href":"https:\/\/www.kultursidan.nu\/index.php?rest_route=%2Fwp%2Fv2%2Fcategories&post=30676"},{"taxonomy":"post_tag","embeddable":true,"href":"https:\/\/www.kultursidan.nu\/index.php?rest_route=%2Fwp%2Fv2%2Ftags&post=30676"}],"curies":[{"name":"wp","href":"https:\/\/api.w.org\/{rel}","templated":true}]}}