{"id":30838,"date":"2017-05-15T17:33:11","date_gmt":"2017-05-15T16:33:11","guid":{"rendered":"https:\/\/intelligent-friend-7861.standoutwp.com\/?p=30838"},"modified":"2017-05-15T17:42:38","modified_gmt":"2017-05-15T16:42:38","slug":"scenkonstbiennal-med-gatuteaterfestival-kronika","status":"publish","type":"post","link":"https:\/\/www.kultursidan.nu\/?p=30838","title":{"rendered":"Scenkonstbiennal med Gatuteaterfestival (kr\u00f6nika)"},"content":{"rendered":"<p><img loading=\"lazy\" decoding=\"async\" class=\"alignnone size-medium wp-image-30839\" src=\"https:\/\/www.kultursidan.nu\/wp-content\/uploads\/2017\/05\/Faboland-567x400.jpg\" alt=\"\" width=\"567\" height=\"400\" srcset=\"https:\/\/www.kultursidan.nu\/wp-content\/uploads\/2017\/05\/Faboland-567x400.jpg 567w, https:\/\/www.kultursidan.nu\/wp-content\/uploads\/2017\/05\/Faboland-768x542.jpg 768w, https:\/\/www.kultursidan.nu\/wp-content\/uploads\/2017\/05\/Faboland-1024x723.jpg 1024w, https:\/\/www.kultursidan.nu\/wp-content\/uploads\/2017\/05\/Faboland-472x333.jpg 472w, https:\/\/www.kultursidan.nu\/wp-content\/uploads\/2017\/05\/Faboland-150x106.jpg 150w, https:\/\/www.kultursidan.nu\/wp-content\/uploads\/2017\/05\/Faboland.jpg 1280w\" sizes=\"auto, (max-width: 567px) 100vw, 567px\" \/><br \/>\n<em>F\u00e4boland. Thelma och Louise i allmogestil. F\u00e4bodarnas musik \u00e4r grunden i den svenska folkmusiken h\u00e4vdar Sara Parkman och Samantha Ohlanders.<br \/>\n<\/em><\/p>\n<p>&nbsp;<\/p>\n<h1><span style=\"color: #ff0000;\">Se 8 av 16 juryvalda f\u00f6rest\u00e4llningar + mer \u00e4nd\u00e5<\/span><\/h1>\n<p>&nbsp;<\/p>\n<p>KR\u00d6NIKA\/NORRK\u00d6PING <strong>Scenkonstbiennalen \u00e4r teaterns branschm\u00f6te.<\/strong> \u00d6stg\u00f6tateatern st\u00e5r f\u00f6r v\u00e4rdskapet, men det \u00e4r fr\u00e4mst de fria grupperna som fyller stans alla scener med teater i framkanten. 16 juryvalda f\u00f6rest\u00e4llningar kompletteras med g\u00e4stspel fr\u00e5n utlandet och teaterh\u00f6gskolor.<\/p>\n<p>Gatuteaterfestivalen \u00e4r bonustill\u00e4gget som ska synas p\u00e5 stan.<\/p>\n<p>&nbsp;<\/p>\n<p><a title=\"Vibrationer i luften\" href=\"https:\/\/www.flickr.com\/photos\/kultursidan\/34292227140\/in\/album-72157683855993405\/\"><img loading=\"lazy\" decoding=\"async\" src=\"https:\/\/c1.staticflickr.com\/5\/4169\/34292227140_5bb9196ec6.jpg\" alt=\"Vibrationer i luften\" width=\"333\" height=\"500\" \/><\/a><br \/>\n<em>Cirkusmusik. I h\u00f6stas gav Norrk\u00f6pings symfoniorkester skolkonserten Vibrationer i luften i samarbete med \u00d6stg\u00f6tateatern och Norrk\u00f6pings Ungdomscirkus. Kanske just det h\u00e4r numret ing\u00e5r i Invigningsf\u00f6rest\u00e4llningen i De Geerhallen.<br \/>\n<\/em><\/p>\n<p>&nbsp;<\/p>\n<p><strong><em>Invigningsf\u00f6rest\u00e4llningen<\/em> i De Geerhallen p\u00e5 tisdagen blir ett spektakel utan dess like med inslag av opera, cirkus, och rentav teater.<\/strong> Musikerna lovar inte att h\u00e5lla sig p\u00e5 mattan, chansen \u00e4r stor att det blir n\u00e5got alldeles upp\u00e5t v\u00e4ggarna.<\/p>\n<p><strong>Senast Scenkonstbiennalen slog ner bop\u00e5larna i Norrk\u00f6ping var 1999.<\/strong> Nu \u00e4r det dags igen f\u00f6r en vecka fylld av teater. Hela branschen kommer, p\u00e5 seminarierna diskuteras allt fr\u00e5n senaste scentekniken till operakonstens kvinnoportr\u00e4tt.<\/p>\n<p>Alla tillg\u00e4ngliga scener i centrala Norrk\u00f6ping, fr\u00e5n Stora teatern till Lennings p\u00e5 S\u00f6dra Promenaden, fylls av f\u00f6rest\u00e4llningar. Juryn har valt ut 16 upps\u00e4ttningar av svenska grupper. D\u00e4rtill kommer utl\u00e4ndska g\u00e4stspel och teaterh\u00f6gskolornas examensupps\u00e4ttningar samt \u00d6stg\u00f6tateaterns <em>Baba Yaga<\/em> som spelas av unga alter egot Ung scen\/\u00f6st.<\/p>\n<p>&nbsp;<\/p>\n<p><a title=\"Svindlande H\u00f6jder\" href=\"https:\/\/www.flickr.com\/photos\/kultursidan\/34514178752\/in\/album-72157683855993405\/\"><img loading=\"lazy\" decoding=\"async\" src=\"https:\/\/c1.staticflickr.com\/5\/4187\/34514178752_02728ec1b3.jpg\" alt=\"Svindlande H\u00f6jder\" width=\"500\" height=\"360\" \/><\/a><br \/>\n<em>Svindlande h\u00f6jder <\/em><em>p\u00e5 en pytteliten scenyta<\/em><em>. Emily Bront\u00ebs roman levereras p\u00e5 15 minuter av Moment:teater. F\u00e5r Heathcliff plats?<br \/>\n<\/em><\/p>\n<p>&nbsp;<\/p>\n<p><strong>Det \u00e4r en tung jury, ledd av Svenska Dagbladets teateransvarige recensent Lars Ring, som valt ut biennalf\u00f6rest\u00e4llningarna.<\/strong> De \u00e4r allts\u00e5 de mest sp\u00e4nnande, nyskapande upps\u00e4ttningarna som satts upp i Sverige under det g\u00e5ngna \u00e5ret.<\/p>\n<p>N\u00e5got man kan fundera \u00f6ver \u00e4r varf\u00f6r i stort sett alla g\u00f6rs av fria teatergrupper, de som arbetar med sm\u00e5 medel, medan institutionsteatrarna med sina st\u00f6rre resurser l\u00e4mnat mycket f\u00e5 bidrag (undantagen \u00e4r \u00d6rebro l\u00e4nsteater, Norrlandsoperan och Riksteatern).<\/p>\n<p>Svaret \u00e4r att avantgardeteatern inte har en s\u00e5 stor publik. Men den ligger i framkanten och drar, utan den skulle den publikt bredare teatern stagnera.<\/p>\n<p><strong>Och n\u00e5gon bred publik kan knappast Moment:teaters <em>Svindlande h\u00f6jder,<\/em><\/strong> som spelas f\u00f6r 4 personer i n\u00e5got som mest liknar en st\u00e4dskrubb och tar 15 minuter, ju inte rymma. D\u00e4rf\u00f6r ing\u00e5r den inte i den mer \u00f6ppna delen av programmet utan kan endast bokas av den som investerar i ett biennalpass \u2013 genv\u00e4gen till att k\u00e4nna dig som en i branschen. Men skynda f\u00f6r vissa f\u00f6rest\u00e4llningar g\u00e5r \u00e5t som sm\u00f6r i solen.<\/p>\n<p>&nbsp;<\/p>\n<p><a title=\"V\u00e5roffer\" href=\"https:\/\/www.flickr.com\/photos\/kultursidan\/34545766211\/in\/album-72157683855993405\/\"><img loading=\"lazy\" decoding=\"async\" src=\"https:\/\/c1.staticflickr.com\/5\/4177\/34545766211_eb783ab99b.jpg\" alt=\"V\u00e5roffer\" width=\"500\" height=\"500\" \/><\/a><br \/>\n<em>V\u00e5roffer. Stravinskijs musik kl\u00e4s i kanadensisk koreografi.<br \/>\n<\/em><\/p>\n<p>&nbsp;<\/p>\n<p><strong>Det \u00e4r \u00e4nd\u00e5 m\u00e5nga intressanta, provocerande, uppnosiga, glada, of\u00f6rsk\u00e4mda upps\u00e4ttningar som \u00e4r \u00f6ppna f\u00f6r en allm\u00e4n publik.<\/strong> Botanisera och boka p\u00e5 \u00d6stg\u00f6tateaterns hemsida. Missa inte utl\u00e4ndska g\u00e4stspelet <em>V\u00e5roffer<\/em> och <em>Henri Michaux: Mouvement<\/em> av kanadensiska koreografen Marie Chouinard. Dans \u00f6verbryggar spr\u00e5kbarri\u00e4rer. \u00d6vriga f\u00f6rest\u00e4llningar g\u00e5r inte heller av f\u00f6r hackor.<\/p>\n<p style=\"padding-left: 30px;\"><em>\u2022 Akvarium<\/em> \u2013 Problemfylld, explosiv, poetisk kammaropera av Man Must Sing.<br \/>\n\u2022 <em>Ankomsten<\/em> \u2013 Teateri st\u00e4ller ALMA-prisade Shaun Tans sepiaf\u00e4rgade bildroman p\u00e5 scen med b\u00e5de dockor och m\u00e4nniskor.<br \/>\n\u2022 <em>Befrielsefronten<\/em> \u2013 Maria Sveland, \u00d6rebro l\u00e4nsteater och en kvinnlig kampgrupp tar itu med manligt sexuella v\u00e5ld.<br \/>\n\u2022 <em>Breaking Point<\/em> \u2013 Nycirkusartisten Alexande Weibel Weibel sabbar den ena slaka linan efter den andra. Klarar han examensprovet?<br \/>\n\u2022 <em>F\u00e4boland<\/em> \u2013 Hemv\u00e4vd folkmusikkabar\u00e9 fr\u00e5n Riksteatern i matriarkatets rike.<br \/>\n\u2022 <em>Mens<\/em> \u2013 Teater Tamauers regiss\u00f6r Anders Friberg v\u00e5gade r\u00f6ra den skr\u00e4mmande menstruationen.<br \/>\n\u2022 <em>Shapes of States<\/em> \u2013 Vad har samh\u00e4llskroppen att g\u00f6ra med kroppformandets historik fr\u00e5n 1920-talets folkh\u00e4lsa till dagens tr\u00e4ning? Norrlandsoperan i samarbete med Inkonst och wpZimmer.<\/p>\n<p>&nbsp;<\/p>\n<p><a title=\"Ankomsten\" href=\"https:\/\/www.flickr.com\/photos\/kultursidan\/34545767131\/in\/album-72157683855993405\/\"><img loading=\"lazy\" decoding=\"async\" src=\"https:\/\/c1.staticflickr.com\/5\/4180\/34545767131_7ba814f2de.jpg\" alt=\"Ankomsten\" width=\"500\" height=\"336\" \/><\/a><br \/>\n<em>Sepiatonad. Shaun Tans tecknade roman Ankomsten har blivit teater.<br \/>\n<\/em><\/p>\n<p>&nbsp;<\/p>\n<p><strong>Kan det bli \u00e4nnu roligare? <\/strong>Gatuteaterfestivalen \u00e4r Scenkonstbiennalens off-scen, \u00f6ppen f\u00f6r alla p\u00e5 gator och torg. \u00d6stg\u00f6tateatern g\u00e5r l\u00e4ngst fram i ledet 25 \u2013 27 maj. Eller redan tidigare, eftersom f\u00f6rest\u00e4llningen <em>\u015can\u011do\u00a0\u2013 en cirkus p\u00e5 v\u00e4g<\/em> visas utanf\u00f6r Frinavet i Navestad\/Ringdansen redan nu p\u00e5 torsdag.<\/p>\n<p>Det blir mer \u00e4nd\u00e5. Inte bara fr\u00e5n \u00d6stg\u00f6tateatern och lokala fria teater- och dansgrupper. \u00c4ven h\u00e4r blir det utl\u00e4ndska g\u00e4stspel.<\/p>\n<p>V\u00e4lj inte. Blunda. Peka. Hugg.<\/p>\n<p>\u00a9 <em>Text: Ann-Charlotte Sandelin<br \/>\n<\/em>\u00a9 <em>Foto: Ann-Charlotte Sandelin, Peter Lloyd, M\u00e4rta Thisner, Anna Fyrsten, Nicolas Ruel<\/em><\/p>\n<blockquote>\n<h3><em>NORRK\u00d6PING<\/em><\/h3>\n<p>23 \u2013 28 maj 2017 <em><br \/>\n<strong>Scenkonstbiennalen<\/strong><br \/>\nArr: <\/em><em>Scensverige, \u00d6stg\u00f6tateatern, Upplev Norrk\u00f6ping och Region \u00d6sterg\u00f6tland<\/em><\/p>\n<p>25 \u2013 27 maj 2017 <em><br \/>\n<strong>Gatuteaterfestival<\/strong><br \/>\nArr:<\/em><em> \u00d6stg\u00f6tateatern, Upplev Norrk\u00f6ping, Norrk\u00f6pings kommun och Region \u00d6sterg\u00f6tland<\/em><\/p><\/blockquote>\n<p>L\u00c4NKAR<br \/>\nScensverige <a href=\"http:\/\/scensverige.se\" target=\"_blank\" rel=\"noopener noreferrer\">hemsida<\/a> <a href=\"https:\/\/www.facebook.com\/scensverige\/\">Facebook<\/a> <a href=\"http:\/\/scensverige.se\/valda-forestallningar\/\" target=\"_blank\" rel=\"noopener noreferrer\">Alla f\u00f6rest\u00e4llningar<\/a><br \/>\n\u00d6stg\u00f6tateatern <a href=\"http:\/\/www.ostgotateatern.se\" target=\"_blank\" rel=\"noopener noreferrer\">hemsida<\/a> <a href=\"https:\/\/www.facebook.com\/ostgotateatern\/\" target=\"_blank\" rel=\"noopener noreferrer\">Facebook<\/a><br \/>\n<a href=\"http:\/\/www.ostgotateatern.se\/teaterfest\/scenkonstbiennalen\" target=\"_blank\" rel=\"noopener noreferrer\">Scenkonstbiennalen<\/a>\u00a0 <a href=\"https:\/\/www.facebook.com\/events\/108473773051662\/?fref=ts\" target=\"_blank\" rel=\"noopener noreferrer\">FB-evenemang<\/a><br \/>\n<a href=\"http:\/\/www.ostgotateatern.se\/teaterfest\/gatuteaterfestivalen\" target=\"_blank\" rel=\"noopener noreferrer\">Gatuteaterfestival<\/a> <a href=\"https:\/\/www.facebook.com\/events\/606068542917929\/?fref=ts\" target=\"_blank\" rel=\"noopener noreferrer\">FB-evenemang<\/a><\/p>\n","protected":false},"excerpt":{"rendered":"<p>NORRK\u00d6PING Scenkonstbiennalen \u00e4r ett branschm\u00f6te. \u00d6stg\u00f6tateatern st\u00e5r v\u00e4rd men det \u00e4r de fria grupperna som fyller stans alla scener med teater i framkanten. 16 juryvalda f\u00f6rest\u00e4llningar kompletteras med g\u00e4stspel. Gatuteaterfestivalen \u00e4r bonustill\u00e4gget som ska synas p\u00e5 stan. <a class=\"continue-reading-link\" href=\"https:\/\/www.kultursidan.nu\/?p=30838\">L\u00e4s mer <span class=\"meta-nav\">&rarr; <\/span><\/a><\/p>\n","protected":false},"author":1001006,"featured_media":0,"comment_status":"closed","ping_status":"open","sticky":false,"template":"","format":"standard","meta":{"_jetpack_memberships_contains_paid_content":false,"footnotes":""},"categories":[7],"tags":[41,11,12],"class_list":["post-30838","post","type-post","status-publish","format-standard","hentry","category-norrkoping","tag-dans","tag-opera","tag-teater"],"jetpack_featured_media_url":"","jetpack_sharing_enabled":true,"_links":{"self":[{"href":"https:\/\/www.kultursidan.nu\/index.php?rest_route=\/wp\/v2\/posts\/30838","targetHints":{"allow":["GET"]}}],"collection":[{"href":"https:\/\/www.kultursidan.nu\/index.php?rest_route=\/wp\/v2\/posts"}],"about":[{"href":"https:\/\/www.kultursidan.nu\/index.php?rest_route=\/wp\/v2\/types\/post"}],"author":[{"embeddable":true,"href":"https:\/\/www.kultursidan.nu\/index.php?rest_route=\/wp\/v2\/users\/1001006"}],"replies":[{"embeddable":true,"href":"https:\/\/www.kultursidan.nu\/index.php?rest_route=%2Fwp%2Fv2%2Fcomments&post=30838"}],"version-history":[{"count":0,"href":"https:\/\/www.kultursidan.nu\/index.php?rest_route=\/wp\/v2\/posts\/30838\/revisions"}],"wp:attachment":[{"href":"https:\/\/www.kultursidan.nu\/index.php?rest_route=%2Fwp%2Fv2%2Fmedia&parent=30838"}],"wp:term":[{"taxonomy":"category","embeddable":true,"href":"https:\/\/www.kultursidan.nu\/index.php?rest_route=%2Fwp%2Fv2%2Fcategories&post=30838"},{"taxonomy":"post_tag","embeddable":true,"href":"https:\/\/www.kultursidan.nu\/index.php?rest_route=%2Fwp%2Fv2%2Ftags&post=30838"}],"curies":[{"name":"wp","href":"https:\/\/api.w.org\/{rel}","templated":true}]}}