{"id":30996,"date":"2017-05-26T11:00:08","date_gmt":"2017-05-26T10:00:08","guid":{"rendered":"https:\/\/intelligent-friend-7861.standoutwp.com\/?p=30996"},"modified":"2017-05-27T09:52:00","modified_gmt":"2017-05-27T08:52:00","slug":"en-ovanlig-dag-pa-gatuteaterfestivalen","status":"publish","type":"post","link":"https:\/\/www.kultursidan.nu\/?p=30996","title":{"rendered":"En ovanlig dag p\u00e5 Gatuteaterfestivalen"},"content":{"rendered":"<p><img loading=\"lazy\" decoding=\"async\" class=\"alignnone size-medium wp-image-30997\" src=\"https:\/\/www.kultursidan.nu\/wp-content\/uploads\/2017\/05\/DSCF3485-567x378.jpg\" alt=\"\" width=\"567\" height=\"378\" srcset=\"https:\/\/www.kultursidan.nu\/wp-content\/uploads\/2017\/05\/DSCF3485-567x378.jpg 567w, https:\/\/www.kultursidan.nu\/wp-content\/uploads\/2017\/05\/DSCF3485-768x512.jpg 768w, https:\/\/www.kultursidan.nu\/wp-content\/uploads\/2017\/05\/DSCF3485-1024x682.jpg 1024w, https:\/\/www.kultursidan.nu\/wp-content\/uploads\/2017\/05\/DSCF3485-500x333.jpg 500w, https:\/\/www.kultursidan.nu\/wp-content\/uploads\/2017\/05\/DSCF3485-150x100.jpg 150w, https:\/\/www.kultursidan.nu\/wp-content\/uploads\/2017\/05\/DSCF3485.jpg 1280w\" sizes=\"auto, (max-width: 567px) 100vw, 567px\" \/><br \/>\n<em>Clowneri. Teater Fenix nummer Den svenska ryttareliten \u00e4r en mild drift med h\u00e4stdressyrens invecklade turer. \u00c5sa Forsberg och Ola Citron \u00e4r n\u00e5gra av m\u00e5nga artister som deltar i Gatuteaterfestivalen i Norrk\u00f6ping.<br \/>\n<\/em><\/p>\n<p>&nbsp;<\/p>\n<h1><span style=\"color: #ff0000;\">Fr\u00e5n svarta Flugan till vitaste poesi<\/span><\/h1>\n<p>&nbsp;<\/p>\n<p>NORRK\u00d6PING <strong>Krockar \u00e4r oundvikliga.<\/strong> I tid och rum. Bland surt och s\u00f6tt. Mellan plikt och hj\u00e4rta. Fr\u00e5n st\u00f6k till ordning. Med tonh\u00f6jder och poesi. Fr\u00e5n skritt till skratt. En eftermiddags nosande p\u00e5 Gatuteaterfestivalen.<\/p>\n<p><strong>\u2013 Vi ska till Drottninggatan nu, s\u00e4ger Musikteater Gulaschs Hans Bigestans<\/strong> som rullar den stora kontrabasen framf\u00f6r sig p\u00e5 en liten vagn, medmusikanterna g\u00e5r strax bakom.<\/p>\n<p>Sj\u00e4lv f\u00f6rflyttar jag mig fr\u00e5n Scenkonstbiennalens h\u00f6gkvarter Louis de Geer till Gatuteaterfestivalens Stadstornet vid S:t Olai. H\u00e4r finns information att f\u00e5 och p\u00e5 det lilla torget finns \u00d6ppen scen, en varmr\u00f6d sammetsrid\u00e5 i den gula portalen. Folk g\u00e5r f\u00f6rbi, stannar till n\u00e4r det h\u00e4nder n\u00e5got, drar vidare. Teater Pelikanens Marcho Marchev drar n\u00e5gra varv p\u00e5 vevpositivet.<\/p>\n<p>&nbsp;<\/p>\n<p><a title=\"Flugan, Emilie H\u00f6ijer\" href=\"https:\/\/www.flickr.com\/photos\/kultursidan\/34513800360\/in\/album-72157684283802695\/\"><img loading=\"lazy\" decoding=\"async\" src=\"https:\/\/c1.staticflickr.com\/5\/4245\/34513800360_5a934e4c74.jpg\" alt=\"Flugan, Emilie H\u00f6ijer\" width=\"500\" height=\"333\" \/><\/a><br \/>\n<em> Frisk fl\u00e4kt. Emilie H\u00f6ijers Flugan p\u00e5minner om gamla tiders animerade filmer. Tv\u00e5 flugor, socker, flugsm\u00e4lla. Hur ska det sluta?<\/em><\/p>\n<p>&nbsp;<\/p>\n<p><strong>Svart som d\u00f6den, helt\u00e4ckt fr\u00e5n topp till t\u00e5, genomf\u00f6r Emelie H\u00f6ijer <em>Flugan.<\/em><\/strong> Eller flugorna, f\u00f6r den nyfikna lilla flugan med de sm\u00e5 gyllene \u00f6gonen och gl\u00e4nsande saxansiktet har en ordningsam motpart. Lika svart men fasett\u00f6gonen \u00e4r j\u00e4ttelika, liksom snabeln.<\/p>\n<p>\u2013 Jag har tr\u00e4nat mig i att se masker i allt, ber\u00e4ttar Emelie H\u00f6ijer efter f\u00f6rest\u00e4llningen. N\u00e4r jag s\u00e5g den gamla fl\u00e4kten var det en fluga direkt, och s\u00e5 satte jag till en dammsugarslang.<\/p>\n<p>J\u00f6nk\u00f6pingstjejen har en utbildning vid Dell\u2019Arte\u00a0International i Kalifornien bakom sig. Nu undervisar hon i fysisk teater och clownteknik p\u00e5 Kulturskolan i Norrk\u00f6ping och puffar f\u00f6r sina elevers <em>Improvisationsteaterf\u00f6rest\u00e4llning<\/em> p\u00e5 fredagseftermiddagen.<\/p>\n<p><strong>Musikteater Gulasch kallar sig V\u00e5rat g\u00e4ng n\u00e4r de med l\u00e4tt packning upptr\u00e4der likt forna tiders g\u00e5rdsmusikanter.<\/strong> Men h\u00e4r beh\u00f6ver publiken inte leta efter 25-\u00f6ringarna f\u00f6r Kenneth H\u00f6glind, Sanna Andersson och Hans Bigestans spelar gratis, tack vare Gatuteaterfestivalens projektpengar.<\/p>\n<p>Musiken \u00e4r fr\u00e5n tidigt och mitten av 1900-talet och de levererar finsk <em>Humppa<\/em>, sj\u00e4lvklart original-V\u00e5rat g\u00e4ngs signaturmelodi och den knepiga relationsvisan <em>Jag \u00e4r ute n\u00e4r gumman min \u00e4r inne.<\/em> Gideon Wahlberg, som ju delade sin tillvaro mellan Arbis i Norrk\u00f6ping och Tantolunden p\u00e5 S\u00f6der i Stockholm, f\u00e5r bidra med <em>Ack S\u00f6der, ack S\u00f6der<\/em>.<\/p>\n<p>&nbsp;<\/p>\n<p><a title=\"V\u00e5rat g\u00e4ng, Musikteater Gulasch\" href=\"https:\/\/www.flickr.com\/photos\/kultursidan\/34513286320\/in\/album-72157684283802695\/\"><img loading=\"lazy\" decoding=\"async\" src=\"https:\/\/c1.staticflickr.com\/5\/4204\/34513286320_e87e1dd8c4.jpg\" alt=\"V\u00e5rat g\u00e4ng, Musikteater Gulasch\" width=\"500\" height=\"333\" \/><\/a><br \/>\n<em>&#8221;Ta nu bussen ifr\u00e5n slussen\u2026&#8221; N\u00e4r Musikteater Gulasch tar p\u00e5 sig g\u00e5rdsmusikantkostymen kallar de sig V\u00e5rat g\u00e4ng.<\/em><\/p>\n<p>&nbsp;<\/p>\n<p><strong>\u2013 Vi kommer fr\u00e5n <em>Den svenska ryttareliten<\/em>, f\u00f6rklarar dressyrryttaren stramt fr\u00e5n toppen av sin m\u00f6rkgr\u00e5 skimmel. <\/strong>Hatt, r\u00f6drandig ridjacka med uppf\u00e4sta sk\u00f6t och en stor h\u00e4stkropp, det m\u00e5ste vara olidligt varmt i f\u00f6rsommarv\u00e4rmen.<\/p>\n<p>Ryttarkollegan fr\u00e5n Teater Fenix ler glatt d\u00e4r hon \u201dsitter\u201d p\u00e5 en lurvig brun ponny. Pardressyr vankas i skritt och i trav och till och med den glada ryttarclownen koncentrerar sig n\u00e4r det kommer till saxade steg.<\/p>\n<p>\u2013 Min herre f\u00f6rst\u00e5r sig p\u00e5 h\u00e4star, ber\u00f6mmer \u00c5sa Forsberg n\u00e4r en man i publiken ger en 5:a i domarpo\u00e4ng.<\/p>\n<p>Teater Fenix nummer \u00e4r en k\u00e4rleksfull drift med h\u00e4stdressyrens kultur och clownparet kontrasterar starkt mot varandra. Ola Citrons humorbefriade ryttare \u00e4r kanske som mest tragisk med r\u00f6tt ballonghj\u00e4rta i upplyft hand. N\u00e5, det d\u00e4r med ringarna, en rest fr\u00e5n tornerspelens tid, gick ju n\u00e4stan galant. Om det kan vara till tr\u00f6st.<\/p>\n<p>&nbsp;<\/p>\n<p><a title=\"Ode Rosset och Jeromes Cury, Les Melangeurs\" href=\"https:\/\/www.flickr.com\/photos\/kultursidan\/34513285220\/in\/album-72157684283802695\/\"><img loading=\"lazy\" decoding=\"async\" src=\"https:\/\/c1.staticflickr.com\/5\/4199\/34513285220_2b66cae90f.jpg\" alt=\"Ode Rosset och Jeromes Cury, Les Melangeurs\" width=\"500\" height=\"333\" \/><\/a><br \/>\n<em> Omsorg. Ode Rosset m\u00e5nar om varje millimeter av sin akt p\u00e5 den smala vita st\u00e5ngen. F\u00f6rest\u00e4llningen Via \u00e4r ren poesi, en mix av s\u00e5ng, instrument, st\u00e5ngartisteri och andetag.<\/em><\/p>\n<p>&nbsp;<\/p>\n<p><strong>N\u00e5got av det mest poetiska \u00e4r <em>Via<\/em> som tar plats vid Refvens grunds amfiteater.<\/strong> Les Melangeurs \u00e4r en av Gatuteaterfestivalens inbjudna internationella g\u00e4ster. En s\u00e5ngerska, en musiker och en st\u00e5ngartist, alla kl\u00e4dda i vitt. Nycirkus tar konsten vidare, bortom den rena prestationen, mixar och l\u00e4gger till \u2013 i konsten att ber\u00f6ra.<\/p>\n<p>Ode Rosset kl\u00e4ttrar vigt och starkt och framf\u00f6rallt mjukt p\u00e5 sin vita st\u00e5ng, upp\u00e5t och ner\u00e5t, upp-och-ner. Hon samverkar helt n\u00e4ra med musiken. Fatima El Hassouni sjunger innerligt medan Jerome Cury byter mellan sina instrument, det skulle inte f\u00f6rv\u00e5na mig om han byggt dem sj\u00e4lv. Resonans med klang och djup i sk\u00e5lar av tr\u00e4 och glas som frambringar ljudv\u00e5gor av slag, drag med glasstav eller str\u00e5ke. Vackraste ljudet \u00e4r kanske \u00e4nd\u00e5 vattenplasket fr\u00e5n Fatimas h\u00e4nder. Musiken r\u00f6r sig i folklorens tong\u00e5ngar, arabiskt, afrikanskt, rentav lite franskt och Fatima El Hassounis egen musik.<\/p>\n<p>Visst \u00e4r st\u00e5ngakrobatens man\u00f6vrar i toppen av st\u00e5ngen imponerande men mest hisnande \u00e4r Ode Rossets snabba flykt huvudstupa ned\u00e5t, bromsad i sista stund. Man\u00f6vern g\u00f6rs om med publik medverkan \u2013 en poetisk studie i tillit.<\/p>\n<p><strong>Under tiden har konstn\u00e4ren Sahar Burhan f\u00e4st upp en f\u00e4rgglad vimpelrad i tr\u00e4den.<\/strong> Skapad av ihopsydda kl\u00e4desplagg, <em>Bakom kulisserna<\/em>.<\/p>\n<p>\u00a9 <em>Text och foto: Ann-Charlotte Sandelin<\/em><\/p>\n<p>BILDSPEL (FLASH) \u2013 KLICKA P\u00c5 BILDEN <em><br \/>\nALT\/MOBIL: SE BILDSPELET <a title=\"Bildspel\" href=\"https:\/\/www.flickr.com\/photos\/kultursidan\/sets\/72157684283802695\/show\/\" target=\"_blank\" rel=\"noopener noreferrer\">H\u00c4R<\/a><\/em><br \/>\n<object width=\"400\" height=\"300\"><param name=\"flashvars\" value=\"offsite=true&amp;lang=en-us&amp;page_show_url=%2Fphotos%2Fkultursidan%2Fsets%2F72157684283802695%2Fshow%2F&amp;page_show_back_url=%2Fphotos%2Fkultursidan%2Fsets%2F72157684283802695%2F&amp;set_id=72157684283802695&amp;jump_to=\" \/><param name=\"movie\" value=\"https:\/\/www.flickr.com\/apps\/slideshow\/show.swf?v=1811922554\" \/><param name=\"allowFullScreen\" value=\"true\" \/><\/object><\/p>\n<blockquote>\n<h3><em>NORRK\u00d6PING<\/em><\/h3>\n<p>25 \u2013 27 maj 2017 <em><br \/>\n<strong>Gatuteaterfestival<\/strong><br \/>\nArr: \u00d6stg\u00f6tateatern, Upplev Norrk\u00f6ping, Norrk\u00f6pings kommun och Region \u00d6sterg\u00f6tland<\/em><\/p>\n<p style=\"padding-left: 30px;\"><em>PROGRAM<\/em><br \/>\n<em> Torsdag \u2013 Fredag \u2013 L\u00f6rdag <a href=\"http:\/\/www.ostgotateatern.se\/teaterfest\/gatuteaterfestivalen\" target=\"_blank\" rel=\"noopener noreferrer\">l\u00e4nk<\/a><\/em><\/p>\n<\/blockquote>\n<p>L\u00c4NKAR<br \/>\nDell\u2019Arte International <a href=\"http:\/\/dellarte.com\" target=\"_blank\" rel=\"noopener noreferrer\">hemsida<\/a> <a href=\"https:\/\/www.facebook.com\/dellarteinternational\/\" target=\"_blank\" rel=\"noopener noreferrer\">Facebook <\/a><br \/>\nMusikteater Gulasch <a href=\"http:\/\/www.gulasch.se\" target=\"_blank\" rel=\"noopener noreferrer\">hemsida<\/a> <a href=\"https:\/\/www.facebook.com\/Musikteater-Gulasch-303291253049443\/\" target=\"_blank\" rel=\"noopener noreferrer\">Facebook<\/a><br \/>\nTeater Fenix <a href=\"http:\/\/www.teaterfenix.se\/wordpress\/\" target=\"_blank\" rel=\"noopener noreferrer\">hemsida<\/a> <a href=\"https:\/\/www.facebook.com\/TeaterFenix\/\" target=\"_blank\" rel=\"noopener noreferrer\">Facebook<\/a><br \/>\nLes Melangeurs <a href=\"http:\/\/www.lesmelangeurs.com\" target=\"_blank\" rel=\"noopener noreferrer\">hemsida<\/a> <a href=\"https:\/\/www.facebook.com\/melangeurs\/?fref=ts\" target=\"_blank\" rel=\"noopener noreferrer\">Facebook <\/a><br \/>\n\u00d6stg\u00f6tateatern <a href=\"http:\/\/www.ostgotateatern.se\" target=\"_blank\" rel=\"noopener noreferrer\">hemsida<\/a> <a href=\"https:\/\/www.facebook.com\/ostgotateatern\/\" target=\"_blank\" rel=\"noopener noreferrer\">Facebook<\/a> <a href=\"http:\/\/www.ostgotateatern.se\/teaterfest\/gatuteaterfestivalen\" target=\"_blank\" rel=\"noopener noreferrer\">Gatuteaterfestival<\/a> <a href=\"https:\/\/www.facebook.com\/events\/606068542917929\/?fref=ts\" target=\"_blank\" rel=\"noopener noreferrer\">FB-evenemang<\/a><br \/>\nV\u00e4lkommen till Gatuteaterfestivalen! <a href=\"https:\/\/www.kultursidan.nu\/?p=30968\" target=\"_blank\" rel=\"noopener noreferrer\">reportage<\/a> Kultursidan.nu 24\/5 2017<br \/>\n\u015can\u011do \u2013 en cirkus p\u00e5 v\u00e4g i sommarl\u00e4net <a href=\"https:\/\/www.kultursidan.nu\/?p=30897\" target=\"_blank\" rel=\"noopener noreferrer\">recension<\/a> Kultursidan.nu 19\/5 2017<br \/>\nScenkonstbiennal med Gatuteaterfestival <a href=\"https:\/\/www.kultursidan.nu\/?p=30838\" target=\"_blank\" rel=\"noopener noreferrer\">kr\u00f6nika<\/a> Kultursidan.nu 15\/5 2017<\/p>\n","protected":false},"excerpt":{"rendered":"<p>NORRK\u00d6PING Krockar \u00e4r oundvikliga. I tid och rum. Bland surt och s\u00f6tt. Mellan plikt och hj\u00e4rta. Fr\u00e5n st\u00f6k till ordning. Med tonh\u00f6jder och poesi. Fr\u00e5n skritt till skratt. En eftermiddags nosande p\u00e5 Gatuteaterfestivalen. <a class=\"continue-reading-link\" href=\"https:\/\/www.kultursidan.nu\/?p=30996\">L\u00e4s mer <span class=\"meta-nav\">&rarr; <\/span><\/a><\/p>\n","protected":false},"author":1001006,"featured_media":0,"comment_status":"closed","ping_status":"open","sticky":false,"template":"","format":"standard","meta":{"_jetpack_memberships_contains_paid_content":false,"footnotes":""},"categories":[7],"tags":[37,29,13,12],"class_list":["post-30996","post","type-post","status-publish","format-standard","hentry","category-norrkoping","tag-barnkultur","tag-festival","tag-musik","tag-teater"],"jetpack_featured_media_url":"","jetpack_sharing_enabled":true,"_links":{"self":[{"href":"https:\/\/www.kultursidan.nu\/index.php?rest_route=\/wp\/v2\/posts\/30996","targetHints":{"allow":["GET"]}}],"collection":[{"href":"https:\/\/www.kultursidan.nu\/index.php?rest_route=\/wp\/v2\/posts"}],"about":[{"href":"https:\/\/www.kultursidan.nu\/index.php?rest_route=\/wp\/v2\/types\/post"}],"author":[{"embeddable":true,"href":"https:\/\/www.kultursidan.nu\/index.php?rest_route=\/wp\/v2\/users\/1001006"}],"replies":[{"embeddable":true,"href":"https:\/\/www.kultursidan.nu\/index.php?rest_route=%2Fwp%2Fv2%2Fcomments&post=30996"}],"version-history":[{"count":0,"href":"https:\/\/www.kultursidan.nu\/index.php?rest_route=\/wp\/v2\/posts\/30996\/revisions"}],"wp:attachment":[{"href":"https:\/\/www.kultursidan.nu\/index.php?rest_route=%2Fwp%2Fv2%2Fmedia&parent=30996"}],"wp:term":[{"taxonomy":"category","embeddable":true,"href":"https:\/\/www.kultursidan.nu\/index.php?rest_route=%2Fwp%2Fv2%2Fcategories&post=30996"},{"taxonomy":"post_tag","embeddable":true,"href":"https:\/\/www.kultursidan.nu\/index.php?rest_route=%2Fwp%2Fv2%2Ftags&post=30996"}],"curies":[{"name":"wp","href":"https:\/\/api.w.org\/{rel}","templated":true}]}}