{"id":31110,"date":"2017-06-04T09:46:25","date_gmt":"2017-06-04T08:46:25","guid":{"rendered":"https:\/\/intelligent-friend-7861.standoutwp.com\/?p=31110"},"modified":"2017-06-04T09:46:25","modified_gmt":"2017-06-04T08:46:25","slug":"svangande-ilife-gar-hela-vagen-i-mal-recension","status":"publish","type":"post","link":"https:\/\/www.kultursidan.nu\/?p=31110","title":{"rendered":"Sv\u00e4ngande iLife g\u00e5r hela v\u00e4gen i m\u00e5l (recension)"},"content":{"rendered":"<p><img loading=\"lazy\" decoding=\"async\" class=\"alignnone size-medium wp-image-31111\" src=\"https:\/\/www.kultursidan.nu\/wp-content\/uploads\/2017\/06\/IMG_0534-567x378.jpg\" alt=\"\" width=\"567\" height=\"378\" srcset=\"https:\/\/www.kultursidan.nu\/wp-content\/uploads\/2017\/06\/IMG_0534-567x378.jpg 567w, https:\/\/www.kultursidan.nu\/wp-content\/uploads\/2017\/06\/IMG_0534-768x512.jpg 768w, https:\/\/www.kultursidan.nu\/wp-content\/uploads\/2017\/06\/IMG_0534-1024x682.jpg 1024w, https:\/\/www.kultursidan.nu\/wp-content\/uploads\/2017\/06\/IMG_0534-500x333.jpg 500w, https:\/\/www.kultursidan.nu\/wp-content\/uploads\/2017\/06\/IMG_0534-150x100.jpg 150w, https:\/\/www.kultursidan.nu\/wp-content\/uploads\/2017\/06\/IMG_0534.jpg 1280w\" sizes=\"auto, (max-width: 567px) 100vw, 567px\" \/><br \/>\n<em>Framtidsnu. Lisbeth (Alma M\u00f6rn\u00e5s) kastas mellan det 1950-tal hon v\u00e4xer upp i och 2017 hon kommer till, d\u00e4r teknikforskaren Sysca (Elin Gripenblad) driver p\u00e5. Med p\u00e5 bilden \u00e4r \u00e4ven Alva Severin och Julia Nilsson.<\/em><\/p>\n<p>&nbsp;<\/p>\n<h1><span style=\"color: #ff0000;\">R\u00f6rig, levande, lekfull och aktuell<\/span><\/h1>\n<p>&nbsp;<\/p>\n<p>RECENSION\/NORRK\u00d6PING <strong>En mash up mellan 1950-tal och 2017 \u00e4r temat i Film &amp; Musikgymnasiets musikal <em>iLife<\/em>.<\/strong> Det \u00e4r en n\u00e5got r\u00f6rig f\u00f6rest\u00e4llning som dock k\u00e4nns levande, lekfull och aktuell. Trots att den skrevs redan f\u00f6r fem \u00e5r sedan d\u00e5 den hade urpremi\u00e4r av det \u00e5rets elever.<\/p>\n<p><strong>Den g\u00e5ngen regisserade Nettan Lekstr\u00f6m som ocks\u00e5 skrivit musikalens libretto, <\/strong>men i \u00e5r var det nya l\u00e4raren Jacob Sj\u00f6bergs tur att ta sig an uppgiften att leda Scen &amp; Artistlinjens gymnasietv\u00e5or genom \u00e5rets slutproduktion.<\/p>\n<p>Tillsammans med elever fr\u00e5n skolans programlinjer Film &amp; Visuell design och Musik och Ljudproduktion hade de skapat en svulstig och sv\u00e4ngande musikalupplevelse med musik skapad av l\u00e4raren Lasse Peterson.<\/p>\n<p><strong>Den handlar om sjutton\u00e5riga Lisbeth som bor i San Fransisco och \u00e4r teknikintresserad. <\/strong>N\u00e5got som inte var speciellt vanligt p\u00e5 den tiden. Hon g\u00f6r en resa b\u00e5de geografiskt och mentalt och hamnar p\u00e5 n\u00e5got underligt vis i Norrk\u00f6ping 2017 och f\u00e5r uppleva hur tekniken tagit ett ordentligt kliv fram\u00e5t i utvecklingen.<\/p>\n<p>&nbsp;<\/p>\n<p><a title=\"Jacob Bergstr\u00f6m (i bakgrunden)\" href=\"https:\/\/www.flickr.com\/photos\/kultursidan\/35085713855\/in\/album-72157681582731644\/\"><img loading=\"lazy\" decoding=\"async\" src=\"https:\/\/c1.staticflickr.com\/5\/4255\/35085713855_e3e410d642.jpg\" alt=\"Jacob Bergstr\u00f6m (i bakgrunden)\" width=\"333\" height=\"500\" \/><\/a><br \/>\n<em>Detalj. Jacob Bergstr\u00f6m h\u00e5ller en drakfrukt i handen.<br \/>\n<\/em><\/p>\n<p>&nbsp;<\/p>\n<p><strong>Att skriva f\u00f6rest\u00e4llningar f\u00f6r skolsammanhang eller hitta dylika \u00e4r sv\u00e5rt, det vet jag av egen erfarenhet, och detta var inget undantag. <\/strong>Om det berodde p\u00e5 manuskriptet i sig eller hur en valt att ber\u00e4tta historien l\u00e5ter jag dock vara osagt. Det som blev mest p\u00e5tagligt av att det var just en skolproduktion var att det till slut blev en lagom r\u00f6rig tillst\u00e4llning. Tr\u00e5darna fladdrade l\u00f6st lite h\u00e4r och var och kn\u00f6ts i slutet ihop alldeles f\u00f6r sn\u00e4vt och snabbt f\u00f6r att jag riktigt skulle h\u00e4nga med och k\u00e4nna mig fullt tillfreds.<\/p>\n<p>Att musikalen utspelar sig i tv\u00e5 olika tidsperioder med flera hastiga tidshopp kan ha varit den springande punkten, vilket tyv\u00e4rr \u00e4r en brist p\u00e5 manusniv\u00e5.<\/p>\n<p><strong>N\u00e5got jag dock \u00e4lskade och som eleverna f\u00f6rvaltade v\u00e4l utifr\u00e5n manus var den tr\u00e4ffs\u00e4kra humor<\/strong> som medf\u00f6ljer n\u00e4r en 1950-talsm\u00e4nniska f\u00f6rflyttas in i v\u00e5r moderna tid och pl\u00f6tsligt ska f\u00f6rst\u00e5 sig p\u00e5 appar, MMS, SMS och till r\u00e5ga p\u00e5 allt alla olika sorters kaffe \u2013 eller namnen p\u00e5 dem i alla fall. Det var n\u00e4stan som n\u00e4r jag samtalar med min mormor.<\/p>\n<p>Att musikalen \u00e4r skriven redan f\u00f6r fem \u00e5r sedan f\u00f6rv\u00e5nar mig n\u00e5got d\u00e5 den fortsatt k\u00e4nns aktuell och om inte till och med n\u00e5got mer verklig \u00e4n vad den kanske var d\u00e5.<\/p>\n<p>&nbsp;<\/p>\n<p><a title=\"Elin Gripenblad i stolen\" href=\"https:\/\/www.flickr.com\/photos\/kultursidan\/35085713225\/in\/album-72157681582731644\/\"><img loading=\"lazy\" decoding=\"async\" src=\"https:\/\/c1.staticflickr.com\/5\/4257\/35085713225_8e6fe68691.jpg\" alt=\"Elin Gripenblad i stolen\" width=\"500\" height=\"333\" \/><\/a><br \/>\n<em> Eftereffekt. Lisbeths upplevelser vid l\u00e4karbes\u00f6ket kan eventuellt ha p\u00e5verkats av f\u00f6reg\u00e5ende kv\u00e4lls Dreamlife.<\/em><\/p>\n<p>&nbsp;<\/p>\n<p><strong>I den moderna tiden i Norrk\u00f6ping f\u00e5r Lisbeth genom n\u00e5gra v\u00e4nner uppleva ett nytt spel som heter &#8221;Dreamlife&#8221;,<\/strong> vilket g\u00e5r ut p\u00e5 att en s\u00e4tter p\u00e5 sig ett par VR-glas\u00f6gon och bara t\u00e4nker p\u00e5 det en vill ska h\u00e4nda och s\u00e5 h\u00e4nder det i spelet. I de fall effekten efter spelandet ska sitta i lite l\u00e4ngre \u00e4r det en f\u00f6rdel att ha \u00e4tit av den n\u00e5got suspekta drakfrukten och dricka n\u00e5got mystiskt extrakt.<\/p>\n<p>Mina tankar f\u00f6rs till filmer som till exempel <em>Gamer (2009) <\/em>d\u00e4r Gerard Butlers karakt\u00e4r befinner sig i ett v\u00e5ldsamt spel och styrs av en teknikintresserad ungdom i den \u201driktiga v\u00e4rlden\u201d och att det som f\u00f6r fem \u00e5r sedan verkade ganska avl\u00e4gset och otroligt i dag ing\u00e5r i m\u00e5ngas vardag.<\/p>\n<p><strong>Kostymen ser p\u00e5kostad och genomt\u00e4nkt ut och eleverna p\u00e5 Film och visuell design har gjort riktigt h\u00e4ftiga kulisser som sl\u00e5r an en ton i scenerna.<\/strong> Tyv\u00e4rr f\u00f6rsvinner en del repliker i glappande mikrofoner och ljudet \u00e4r inte alla g\u00e5nger p\u00e5 topp, men s\u00e5nginsatserna \u00e4r det inget fel p\u00e5!<\/p>\n<p>Det \u00e4r en f\u00f6rest\u00e4llning som t\u00e4cker m\u00e5nga omr\u00e5den i en sjutton\u00e5rig flickas liv. Relationen till f\u00f6r\u00e4ldrar, syskon, v\u00e4nner och s\u00e5 den d\u00e4r k\u00e4rleken. Och oavsett om en spelar \u201dDreamlife\u201d eller uppf\u00f6ljaren \u201dReallife\u201d s\u00e5 g\u00e5r musikalen <em>iLife<\/em> hela v\u00e4gen i m\u00e5l.<\/p>\n<p>\u00a9 <em>Text: Carl Adam Tillberg<br \/>\n<\/em>\u00a9 <em>Foto: Samuel Claesson<\/em><\/p>\n<p>BILDSPEL (FLASH) \u2013 KLICKA P\u00c5 BILDEN <em><br \/>\nALT\/MOBIL: SE BILDSPELET <a title=\"Bildspel\" href=\"https:\/\/www.flickr.com\/photos\/kultursidan\/sets\/72157681582731644\/show\/\" target=\"_blank\" rel=\"noopener noreferrer\">H\u00c4R<\/a><\/em><br \/>\n<object width=\"400\" height=\"300\"><param name=\"flashvars\" value=\"offsite=true&amp;lang=en-us&amp;page_show_url=%2Fphotos%2Fkultursidan%2Fsets%2F72157681582731644%2Fshow%2F&amp;page_show_back_url=%2Fphotos%2Fkultursidan%2Fsets%2F72157681582731644%2F&amp;set_id=72157681582731644&amp;jump_to=\" \/><param name=\"movie\" value=\"https:\/\/www.flickr.com\/apps\/slideshow\/show.swf?v=1811922554\" \/><param name=\"allowFullScreen\" value=\"true\" \/><\/object><\/p>\n<blockquote>\n<h3><em>LILLA TEATERN Norrk\u00f6ping<\/em><\/h3>\n<p>2 \u2013 4 juni 2017<em><br \/>\n<strong>iLife<\/strong><br \/>\nMusikal<br \/>\nav Nettan Lekstr\u00f6m (text) och Lasse Petersson (musik)<\/em><br \/>\n<em>Regi: Jakob Sj\u00f6berg<\/em><br \/>\n<em>Koreografi: Jenny Silfvenius<\/em><br \/>\n<em>Kapellm\u00e4stare: Lasse Petersson<\/em><br \/>\n<em>Prod: Film- och musikgymnasiet<\/em><\/p>\n<p style=\"padding-left: 30px;\"><em>MEDVERKANDE<\/em><br \/>\n<em>Andra\u00e5rselever p\u00e5 Film- och musikgymnasiet<\/em><\/p>\n<\/blockquote>\n<p>L\u00c4NKAR<br \/>\nFilm &amp; Musikgymnasiet <a href=\"http:\/\/www.filmomusikgymnasiet.se\" target=\"_blank\" rel=\"noopener noreferrer\">hemsida<\/a> <a href=\"https:\/\/www.facebook.com\/filmomusikgymnasiet\/?fref=ts\" target=\"_blank\" rel=\"noopener noreferrer\">Facebook<\/a><br \/>\nFMG:s tv\u00e5or ger musikalen iLife nytt liv <a href=\"https:\/\/www.kultursidan.nu\/?p=31048\" target=\"_blank\" rel=\"noopener noreferrer\">reportage<\/a> Kultursidan.nu 30\/5 2017<\/p>\n","protected":false},"excerpt":{"rendered":"<p>NORRK\u00d6PING En mash up mellan 1950-tal och 2017 \u00e4r temat i Film &#038; Musikgymnasiets musikal iLife. Det \u00e4r en n\u00e5got r\u00f6rig f\u00f6rest\u00e4llning som dock k\u00e4nns levande, lekfull och aktuell. Trots att den skrevs redan f\u00f6r fem \u00e5r sedan d\u00e5 den hade urpremi\u00e4r av det \u00e5rets elever. <a class=\"continue-reading-link\" href=\"https:\/\/www.kultursidan.nu\/?p=31110\">L\u00e4s mer <span class=\"meta-nav\">&rarr; <\/span><\/a><\/p>\n","protected":false},"author":1001006,"featured_media":0,"comment_status":"closed","ping_status":"open","sticky":false,"template":"","format":"standard","meta":{"_jetpack_memberships_contains_paid_content":false,"footnotes":""},"categories":[7],"tags":[31,12],"class_list":["post-31110","post","type-post","status-publish","format-standard","hentry","category-norrkoping","tag-musikal","tag-teater"],"jetpack_featured_media_url":"","jetpack_sharing_enabled":true,"_links":{"self":[{"href":"https:\/\/www.kultursidan.nu\/index.php?rest_route=\/wp\/v2\/posts\/31110","targetHints":{"allow":["GET"]}}],"collection":[{"href":"https:\/\/www.kultursidan.nu\/index.php?rest_route=\/wp\/v2\/posts"}],"about":[{"href":"https:\/\/www.kultursidan.nu\/index.php?rest_route=\/wp\/v2\/types\/post"}],"author":[{"embeddable":true,"href":"https:\/\/www.kultursidan.nu\/index.php?rest_route=\/wp\/v2\/users\/1001006"}],"replies":[{"embeddable":true,"href":"https:\/\/www.kultursidan.nu\/index.php?rest_route=%2Fwp%2Fv2%2Fcomments&post=31110"}],"version-history":[{"count":0,"href":"https:\/\/www.kultursidan.nu\/index.php?rest_route=\/wp\/v2\/posts\/31110\/revisions"}],"wp:attachment":[{"href":"https:\/\/www.kultursidan.nu\/index.php?rest_route=%2Fwp%2Fv2%2Fmedia&parent=31110"}],"wp:term":[{"taxonomy":"category","embeddable":true,"href":"https:\/\/www.kultursidan.nu\/index.php?rest_route=%2Fwp%2Fv2%2Fcategories&post=31110"},{"taxonomy":"post_tag","embeddable":true,"href":"https:\/\/www.kultursidan.nu\/index.php?rest_route=%2Fwp%2Fv2%2Ftags&post=31110"}],"curies":[{"name":"wp","href":"https:\/\/api.w.org\/{rel}","templated":true}]}}