{"id":31278,"date":"2017-06-20T17:55:01","date_gmt":"2017-06-20T16:55:01","guid":{"rendered":"https:\/\/intelligent-friend-7861.standoutwp.com\/?p=31278"},"modified":"2017-06-20T19:10:57","modified_gmt":"2017-06-20T18:10:57","slug":"per-josefsson-gastar-galleri-radhuset","status":"publish","type":"post","link":"https:\/\/www.kultursidan.nu\/?p=31278","title":{"rendered":"Per Josefsson g\u00e4star Galleri R\u00e5dhuset"},"content":{"rendered":"<p><img loading=\"lazy\" decoding=\"async\" class=\"alignnone size-medium wp-image-31279\" src=\"https:\/\/www.kultursidan.nu\/wp-content\/uploads\/2017\/06\/MG_9567-567x392.jpg\" alt=\"\" width=\"567\" height=\"392\" srcset=\"https:\/\/www.kultursidan.nu\/wp-content\/uploads\/2017\/06\/MG_9567-567x392.jpg 567w, https:\/\/www.kultursidan.nu\/wp-content\/uploads\/2017\/06\/MG_9567-768x531.jpg 768w, https:\/\/www.kultursidan.nu\/wp-content\/uploads\/2017\/06\/MG_9567-1024x708.jpg 1024w, https:\/\/www.kultursidan.nu\/wp-content\/uploads\/2017\/06\/MG_9567-482x333.jpg 482w, https:\/\/www.kultursidan.nu\/wp-content\/uploads\/2017\/06\/MG_9567-150x104.jpg 150w, https:\/\/www.kultursidan.nu\/wp-content\/uploads\/2017\/06\/MG_9567.jpg 1280w\" sizes=\"auto, (max-width: 567px) 100vw, 567px\" \/><br \/>\n<em>Intensitet. F\u00f6r ovanlighetens skull en akvarellm\u00e5lning i tv\u00e4rformat av Per Josefsson. Den ing\u00e5r i installationen med midsommartema.<\/em><\/p>\n<p>&nbsp;<\/p>\n<h1><span style=\"color: #ff0000;\">En installation i midsommarens tecken<\/span><\/h1>\n<p>&nbsp;<\/p>\n<p>S\u00d6DERK\u00d6PING <strong>Midsommarvecka.<\/strong> Konstn\u00e4ren Per Josefsson kl\u00e4r midsommarst\u00e5ngen i R\u00e5dhusets Lilla galleri. BlandArts f\u00f6rsta g\u00e4stutst\u00e4llare ber\u00e4ttar om natur, djur och fantasi i Finsp\u00e5ngskogarna i sin konst.<\/p>\n<p><strong>Mitt i rummet st\u00e5r en liten l\u00f6vad midsommarst\u00e5ng.<\/strong> N\u00e5gra tr\u00e4figurer ser ut att dansa kring den. En kanin tittar uppm\u00e4rksamt p\u00e5. P\u00e5 v\u00e4ggarna h\u00e4nger oljem\u00e5lningar med motiv fr\u00e5n naturen.<\/p>\n<p>Konstn\u00e4ren Per Josefsson fr\u00e5n Finsp\u00e5ng \u00e4r g\u00e4stutst\u00e4llare under den f\u00f6rsta veckan av BlandArts sommarutst\u00e4llning i Galleri R\u00e5dhuset, S\u00f6derk\u00f6ping.<\/p>\n<p>\u2013 Eftersom det \u00e4r midsommarveckan s\u00e5 har jag tagit fasta p\u00e5 det och f\u00f6rs\u00f6kt skapa en installation i midsommarens tecken, s\u00e4ger han n\u00e4r vi tr\u00e4ffas i det lilla utst\u00e4llningsrummet.<\/p>\n<p>Han tycker att rummet \u00e4r perfekt, han gillar att st\u00e4lla ut i sm\u00e5 rum.<\/p>\n<p>Oljem\u00e5lningarna \u00e4r h\u00f6ga och smala. Han m\u00e5lar mestadels i det formatet.<\/p>\n<p>\u2013 Jag m\u00e5lar snabbt och spontant. Men det jag g\u00f6r \u00e4r v\u00e4l planerat, s\u00e4ger han.<\/p>\n<p>&nbsp;<\/p>\n<p><a title=\"Per Josefsson\" href=\"https:\/\/www.flickr.com\/photos\/kultursidan\/35299116931\/in\/album-72157685294288905\/\"><img loading=\"lazy\" decoding=\"async\" src=\"https:\/\/c1.staticflickr.com\/5\/4280\/35299116931_1b716f23fd.jpg\" alt=\"Per Josefsson\" width=\"333\" height=\"500\" \/><\/a><br \/>\n<em>Lek med traditioner. Per Josefssons installation i Lilla Galleriet \u00e5terger midsommarens mytomspunna st\u00e4mning.<\/em> <em>De sm\u00e5 \u00e5ttbenta figurerna \u00e4r hans f\u00f6ljeslagare sedan flera \u00e5r. I bakgrunden konstn\u00e4rens typiskt h\u00f6gsmala m\u00e5leri.<\/em><\/p>\n<p>&nbsp;<\/p>\n<p><strong>Oftast g\u00e5r han ut i naturen och tecknar av sitt utvalda motiv.<\/strong> Ibland g\u00f6r han ocks\u00e5 en akvarell f\u00f6rst innan det \u00e4r dags f\u00f6r sj\u00e4lva m\u00e5landet.<\/p>\n<p>Det g\u00e5r s\u00e5 till att han tar sin duk, den h\u00f6gsmala, och breder ut den p\u00e5 marken. N\u00e4r han m\u00e5lat f\u00e4rdigt rullar han helt enkelt ihop duken och b\u00e4r den d\u00e4rifr\u00e5n som en rulle under armen.<\/p>\n<p>P\u00e5 alla Per Josefssons m\u00e5lningar finns en liten, knappt synlig, figur i form av ett djur eller en m\u00e4nniska.<\/p>\n<p>\u2013 Figurerna speglar k\u00e4nslan jag har n\u00e4r jag m\u00e5lar. Jag kallar dem mina avatarer, s\u00e4ger han och ber\u00e4ttar att han inspireras av indiska myter d\u00e4r gudarna uppenbarar sig p\u00e5 jorden i form av en m\u00e4nniska eller ett djur.<\/p>\n<p><strong>Per Josefsson \u00e4r m\u00e5lare och skulpt\u00f6r.<\/strong> Han har tidigare bott i Norrk\u00f6ping d\u00e4r han bidragit med flera offentliga konstutsmyckningar. Plus att han under n\u00e5gra \u00e5r var rektor vid Norrk\u00f6pings tyv\u00e4rr nedlagda Konstskola.<\/p>\n<p>\u00a9 <em>Text: Bibi Friedrichsen<br \/>\n<\/em>\u00a9 <em>Foto: <\/em><em>Boy Svedberg <\/em><\/p>\n<blockquote>\n<h3><em>LILLA GALLERIET, R\u00c5DHUSET S\u00f6derk\u00f6ping<\/em><\/h3>\n<p>19 \u2013 25 juni 2017<em><br \/>\n<strong>Per Josefsson<\/strong><br \/>\nM\u00e5leri och objekt<\/em><\/p><\/blockquote>\n<p>L\u00c4NKAR<br \/>\nPer Josefsson <a href=\"http:\/\/www.perjosefsson.se\/index.html\" target=\"_blank\" rel=\"noopener\">hemsida <\/a><br \/>\nGalleri R\u00e5dhuset\/BlandArt <a href=\"http:\/\/www.blandart.com\" target=\"_blank\" rel=\"noopener\">hemsida<\/a> <a href=\"https:\/\/www.facebook.com\/pages\/BlandArt\/309889599061583?fref=ts\" target=\"_blank\" rel=\"noopener\">Facebook<\/a><\/p>\n","protected":false},"excerpt":{"rendered":"<p>S\u00d6DERK\u00d6PING Midsommarvecka. Konstn\u00e4ren Per Josefsson kl\u00e4r midsommarst\u00e5ngen i R\u00e5dhusets Lilla galleri. BlandArts f\u00f6rsta g\u00e4stutst\u00e4llare ber\u00e4ttar om natur, djur och fantasi i Finsp\u00e5ngskogarna i sin konst.  <a class=\"continue-reading-link\" href=\"https:\/\/www.kultursidan.nu\/?p=31278\">L\u00e4s mer <span class=\"meta-nav\">&rarr; <\/span><\/a><\/p>\n","protected":false},"author":1001006,"featured_media":0,"comment_status":"closed","ping_status":"open","sticky":false,"template":"","format":"standard","meta":{"_jetpack_memberships_contains_paid_content":false,"footnotes":""},"categories":[6],"tags":[14],"class_list":["post-31278","post","type-post","status-publish","format-standard","hentry","category-soderkoping","tag-konst"],"jetpack_featured_media_url":"","jetpack_sharing_enabled":true,"_links":{"self":[{"href":"https:\/\/www.kultursidan.nu\/index.php?rest_route=\/wp\/v2\/posts\/31278","targetHints":{"allow":["GET"]}}],"collection":[{"href":"https:\/\/www.kultursidan.nu\/index.php?rest_route=\/wp\/v2\/posts"}],"about":[{"href":"https:\/\/www.kultursidan.nu\/index.php?rest_route=\/wp\/v2\/types\/post"}],"author":[{"embeddable":true,"href":"https:\/\/www.kultursidan.nu\/index.php?rest_route=\/wp\/v2\/users\/1001006"}],"replies":[{"embeddable":true,"href":"https:\/\/www.kultursidan.nu\/index.php?rest_route=%2Fwp%2Fv2%2Fcomments&post=31278"}],"version-history":[{"count":0,"href":"https:\/\/www.kultursidan.nu\/index.php?rest_route=\/wp\/v2\/posts\/31278\/revisions"}],"wp:attachment":[{"href":"https:\/\/www.kultursidan.nu\/index.php?rest_route=%2Fwp%2Fv2%2Fmedia&parent=31278"}],"wp:term":[{"taxonomy":"category","embeddable":true,"href":"https:\/\/www.kultursidan.nu\/index.php?rest_route=%2Fwp%2Fv2%2Fcategories&post=31278"},{"taxonomy":"post_tag","embeddable":true,"href":"https:\/\/www.kultursidan.nu\/index.php?rest_route=%2Fwp%2Fv2%2Ftags&post=31278"}],"curies":[{"name":"wp","href":"https:\/\/api.w.org\/{rel}","templated":true}]}}