{"id":31297,"date":"2017-06-22T11:38:56","date_gmt":"2017-06-22T10:38:56","guid":{"rendered":"https:\/\/intelligent-friend-7861.standoutwp.com\/?p=31297"},"modified":"2017-06-22T11:52:00","modified_gmt":"2017-06-22T10:52:00","slug":"personlig-konst-hos-blandart-pa-radhuset","status":"publish","type":"post","link":"https:\/\/www.kultursidan.nu\/?p=31297","title":{"rendered":"Personlig konst hos BlandArt p\u00e5 R\u00e5dhuset"},"content":{"rendered":"<p><img loading=\"lazy\" decoding=\"async\" class=\"alignnone size-medium wp-image-31300\" src=\"https:\/\/www.kultursidan.nu\/wp-content\/uploads\/2017\/06\/MG_9610-567x378.jpg\" alt=\"\" width=\"567\" height=\"378\" srcset=\"https:\/\/www.kultursidan.nu\/wp-content\/uploads\/2017\/06\/MG_9610-567x378.jpg 567w, https:\/\/www.kultursidan.nu\/wp-content\/uploads\/2017\/06\/MG_9610-768x512.jpg 768w, https:\/\/www.kultursidan.nu\/wp-content\/uploads\/2017\/06\/MG_9610-1024x682.jpg 1024w, https:\/\/www.kultursidan.nu\/wp-content\/uploads\/2017\/06\/MG_9610-500x333.jpg 500w, https:\/\/www.kultursidan.nu\/wp-content\/uploads\/2017\/06\/MG_9610-150x100.jpg 150w, https:\/\/www.kultursidan.nu\/wp-content\/uploads\/2017\/06\/MG_9610.jpg 1280w\" sizes=\"auto, (max-width: 567px) 100vw, 567px\" \/><br \/>\n<em>Fluff. Kerstin Danielssons ryor \u00e4r inbjudande med l\u00e5nga tr\u00e5dar. Under arbetets g\u00e5ng har hon v\u00e4vt in sm\u00e5 skira tygbitar i olika f\u00e4rger. Mellan de textila verken h\u00e4nger linoleumtryck av Ohla S\u00f6derlund.<br \/>\n<\/em><\/p>\n<p>&nbsp;<\/p>\n<h1><span style=\"color: #ff0000;\">Fluffiga v\u00e4ggryor och glada skator<\/span><\/h1>\n<p>&nbsp;<\/p>\n<p>S\u00d6DERK\u00d6PING <strong>Fluffiga v\u00e4ggryor och glada skator.<\/strong> BlandArts sommarutst\u00e4llning \u00e4r omv\u00e4xlande, med b\u00e5de seri\u00f6sa, vackra och roliga inslag. Medlemmarna har bjudit in tv\u00e5 g\u00e4ster, en som vet var sk\u00e5pet ska st\u00e5 och en som blickar tillbaka mot \u00e4ldre konst.<\/p>\n<p><strong>P\u00e5 baksidan liknar de trasmattor.<\/strong> Men under arbetets g\u00e5ng har Kerstin Danielsson v\u00e4vt in sm\u00e5 skira tygbitar i olika f\u00e4rger. De bildar framsidans m\u00f6nster.<\/p>\n<p>Man f\u00e5r n\u00e4stan en k\u00e4nsla av att konstverkens yta r\u00f6r sig, som v\u00e5gor. Kerstin Danielssons v\u00e4ggryor, eller v\u00e4ggtavlor, liknar ingenting jag har sett f\u00f6rut.<\/p>\n<p>\u2013 Och det \u00e4r det som \u00e4r meningen, s\u00e4ger hon. Att skapa n\u00e5got personligt.<\/p>\n<p>&nbsp;<\/p>\n<p><a title=\"Ola Niklassons &quot;antika&quot; bilder\" href=\"https:\/\/www.flickr.com\/photos\/kultursidan\/34652559273\/in\/album-72157685259791776\/\"><img loading=\"lazy\" decoding=\"async\" src=\"https:\/\/c1.staticflickr.com\/5\/4277\/34652559273_9c2e66c67e.jpg\" alt=\"Ola Niklassons &quot;antika&quot; bilder\" width=\"500\" height=\"305\" \/><\/a><br \/>\n<em>\u201dAntika bilder\u201d med djurhumor. Ola Niklasson \u00e4r en av tv\u00e5 inbjudna g\u00e4stutst\u00e4llare i sommar.<\/em><\/p>\n<p>&nbsp;<\/p>\n<p><strong>Kerstin Danielsson h\u00f6r liksom Ulla Nerman och Ulf Ekervik till de nyare medlemmarna i BlandArt<\/strong>, som nu har \u00f6ppnat sin sommarutst\u00e4llning i R\u00e5dhuset i S\u00f6derk\u00f6ping.<\/p>\n<p>Ulla Nerman bidrar med en samling tr\u00e4skulpturer som domineras av kluriga f\u00e4rgglada skator i de mest ov\u00e4ntade situationer. Ulf Ekervik bidrar med b\u00e5de akvareller och grafik. Hans akvareller tilltalar mig alldeles s\u00e4rskilt. Vilken underbar f\u00e4rgskala.<\/p>\n<p><strong>Tv\u00e5 g\u00e4ster finns med bland sommarens utst\u00e4llare i Stora galleriet.\u00a0<\/strong><\/p>\n<p>En av dem \u00e4r Per Lindqvist som skapat fantasifulla sk\u00e5p som b\u00e5de kan fungera som f\u00f6rvaringsutrymme och konstverk. Precis som Lars Malms sk\u00e5p, som vi har sett m\u00e5nga exempel p\u00e5 genom \u00e5ren, men som fortfarande fascinerar.<\/p>\n<p>Fascinerar g\u00f6r ocks\u00e5 Ohla S\u00f6derlunds f\u00e4rgstarka husm\u00e5lningar. De triggar verkligen ig\u00e5ng fantasin.<\/p>\n<p>&nbsp;<\/p>\n<p><a title=\"Ohla S\u00f6derlunds hus och Ulla Nermans skator\" href=\"https:\/\/www.flickr.com\/photos\/kultursidan\/35462348885\/in\/album-72157685259791776\/\"><img loading=\"lazy\" decoding=\"async\" src=\"https:\/\/c1.staticflickr.com\/5\/4284\/35462348885_4d2b27a01e.jpg\" alt=\"Ohla S\u00f6derlunds hus och Ulla Nermans skator\" width=\"500\" height=\"300\" \/><\/a><br \/>\n<em>F\u00e5gelperspektiv. Ulla Nermans flock med skator har slagit sig ner invid Ohla S\u00f6derlunds hus.<\/em><\/p>\n<p>&nbsp;<\/p>\n<p><strong>Alla konstn\u00e4rerna \u00e4r inte n\u00e4mnda men ingen \u00e4r d\u00e4rf\u00f6r gl\u00f6md.<\/strong> Sammanlagt \u00e4r BlandArts sommarutst\u00e4llning omv\u00e4xlande, med b\u00e5de seri\u00f6sa, vackra och roliga inslag.<\/p>\n<p>P\u00e5 f\u00f6rs\u00f6k kommer Galleriet att ha l\u00e4ngre \u00f6ppettider, till klockan l8.00, i sommar. Varje vecka \u00e4r det dessutom nya utst\u00e4llare i Lilla galleriet.<\/p>\n<p>\u00a9 <em>Text: Bibi Friedrichsen<br \/>\n<\/em>\u00a9 <em>Foto: Boy Svedberg <\/em><\/p>\n<p>BILDSPEL (FLASH) \u2013 KLICKA P\u00c5 BILDEN <em><br \/>\nALT\/MOBIL: SE BILDSPELET <a title=\"Bildspel\" href=\"https:\/\/www.flickr.com\/photos\/kultursidan\/sets\/72157685259791776\/show\/\" target=\"_blank\" rel=\"noopener\">H\u00c4R<\/a><\/em><br \/>\n<object width=\"400\" height=\"300\"><param name=\"flashvars\" value=\"offsite=true&amp;lang=en-us&amp;page_show_url=%2Fphotos%2Fkultursidan%2Fsets%2F72157685259791776%2Fshow%2F&amp;page_show_back_url=%2Fphotos%2Fkultursidan%2Fsets%2F72157685259791776%2F&amp;set_id=72157685259791776&amp;jump_to=\" \/><param name=\"movie\" value=\"https:\/\/www.flickr.com\/apps\/slideshow\/show.swf?v=1811922554\" \/><param name=\"allowFullScreen\" value=\"true\" \/><\/object><\/p>\n<blockquote>\n<h3><em>GALLERI R\u00c5DHUSET S\u00f6derk\u00f6ping<\/em><\/h3>\n<p>17 juni \u2013 27 augusti 2017<\/p>\n<p><em>STORA GALLERIET<\/em><em><br \/>\n<strong>BlandArts<\/strong> <strong>Sommarutst\u00e4llning<\/strong><br \/>\nKonst &amp; konsthantverk<br \/>\n<\/em><\/p>\n<p style=\"padding-left: 30px;\"><em>UTST\u00c4LLARE<br \/>\n<\/em><em>Kerstin Danielsson<\/em><em><br \/>\nUlf Ekervik<br \/>\nAnders Fredin<br \/>\nPer Lindqvist<br \/>\nLasse Malm<br \/>\nLena Neander<br \/>\nUlla Nerman<br \/>\nOla Niklasson<br \/>\nK\u00e5ge Olsson<br \/>\nOhla S\u00f6derlund <\/em><\/p>\n<h3><em>LILLA GALLERIET, R\u00c5DHUSET S\u00f6derk\u00f6ping<\/em><\/h3>\n<p>19 \u2013 25 juni 2017<em><br \/>\n<strong>Per Josefsson<\/strong><\/em><\/p>\n<p>26 juni \u2013 2 juli<em><br \/>\n<\/em><strong><em>Lena<\/em><em> Neander<\/em><\/strong><\/p>\n<p>3 \u2013 9 juli<strong><em><br \/>\nAnders Fredin<\/em><\/strong><\/p>\n<p>10 \u2013 16 juli<em><br \/>\n<\/em><strong><em>Ulf<\/em><em> Ekervik<\/em><\/strong><\/p>\n<p>17 \u2013 23 juli<em><br \/>\n<\/em><strong><em>Ohla S\u00f6derlund<\/em><\/strong><\/p>\n<p>24 \u2013 30 juli<em><br \/>\n<\/em><strong><em>Ola Niklasson<\/em><\/strong><\/p>\n<p>31 juli \u2013 6 augusti<em><br \/>\n<\/em><strong><em>Per Lindqvist<\/em><\/strong><\/p>\n<p>7 \u2013 13 augusti<em><br \/>\n<\/em><strong><em>Ulla Nerman<\/em><\/strong><\/p>\n<p>14 \u2013 20 augusti<em><br \/>\n<\/em><strong><em>Lars Malm &amp; Hanna<\/em><\/strong><\/p>\n<p>21 \u2013 27 augusti<em><br \/>\n<\/em><strong><em>K\u00e5ge Olsson &amp; Bj\u00f6rn Nystr\u00f6m<\/em><\/strong><\/p><\/blockquote>\n<p>L\u00c4NKAR<br \/>\nBlandArt <a href=\"http:\/\/www.blandart.com\" target=\"_blank\" rel=\"noopener\">hemsida<\/a> <a href=\"https:\/\/www.facebook.com\/pages\/BlandArt\/309889599061583?fref=ts\" target=\"_blank\" rel=\"noopener\">Facebook<\/a><br \/>\nPer Josefsson g\u00e4star Galleri R\u00e5dhuset <a href=\"https:\/\/www.kultursidan.nu\/?p=31278\" target=\"_blank\" rel=\"noopener\">reportage<\/a> Kultursidan.nu 20\/6 2017<\/p>\n","protected":false},"excerpt":{"rendered":"<p>S\u00d6DERK\u00d6PING Fluffiga v\u00e4ggryor och glada skator. BlandArts sommarutst\u00e4llning \u00e4r omv\u00e4xlande, med b\u00e5de seri\u00f6sa, vackra och roliga inslag. Medlemmarna har bjudit in tv\u00e5 g\u00e4ster, en som vet var sk\u00e5pet ska st\u00e5 och en som blickar tillbaka mot \u00e4ldre konst. <a class=\"continue-reading-link\" href=\"https:\/\/www.kultursidan.nu\/?p=31297\">L\u00e4s mer <span class=\"meta-nav\">&rarr; <\/span><\/a><\/p>\n","protected":false},"author":1001006,"featured_media":0,"comment_status":"closed","ping_status":"open","sticky":false,"template":"","format":"standard","meta":{"_jetpack_memberships_contains_paid_content":false,"footnotes":""},"categories":[6],"tags":[14,47],"class_list":["post-31297","post","type-post","status-publish","format-standard","hentry","category-soderkoping","tag-konst","tag-utstallning"],"jetpack_featured_media_url":"","jetpack_sharing_enabled":true,"_links":{"self":[{"href":"https:\/\/www.kultursidan.nu\/index.php?rest_route=\/wp\/v2\/posts\/31297","targetHints":{"allow":["GET"]}}],"collection":[{"href":"https:\/\/www.kultursidan.nu\/index.php?rest_route=\/wp\/v2\/posts"}],"about":[{"href":"https:\/\/www.kultursidan.nu\/index.php?rest_route=\/wp\/v2\/types\/post"}],"author":[{"embeddable":true,"href":"https:\/\/www.kultursidan.nu\/index.php?rest_route=\/wp\/v2\/users\/1001006"}],"replies":[{"embeddable":true,"href":"https:\/\/www.kultursidan.nu\/index.php?rest_route=%2Fwp%2Fv2%2Fcomments&post=31297"}],"version-history":[{"count":0,"href":"https:\/\/www.kultursidan.nu\/index.php?rest_route=\/wp\/v2\/posts\/31297\/revisions"}],"wp:attachment":[{"href":"https:\/\/www.kultursidan.nu\/index.php?rest_route=%2Fwp%2Fv2%2Fmedia&parent=31297"}],"wp:term":[{"taxonomy":"category","embeddable":true,"href":"https:\/\/www.kultursidan.nu\/index.php?rest_route=%2Fwp%2Fv2%2Fcategories&post=31297"},{"taxonomy":"post_tag","embeddable":true,"href":"https:\/\/www.kultursidan.nu\/index.php?rest_route=%2Fwp%2Fv2%2Ftags&post=31297"}],"curies":[{"name":"wp","href":"https:\/\/api.w.org\/{rel}","templated":true}]}}