{"id":31355,"date":"2017-06-29T11:16:03","date_gmt":"2017-06-29T10:16:03","guid":{"rendered":"https:\/\/intelligent-friend-7861.standoutwp.com\/?p=31355"},"modified":"2017-06-29T11:23:41","modified_gmt":"2017-06-29T10:23:41","slug":"bravalla-skindred-bamse-publiken-recension","status":"publish","type":"post","link":"https:\/\/www.kultursidan.nu\/?p=31355","title":{"rendered":"Br\u00e5valla: Skindred, Bamse &#038; publiken (recension)"},"content":{"rendered":"<p><img loading=\"lazy\" decoding=\"async\" class=\"alignnone size-medium wp-image-31356\" src=\"https:\/\/www.kultursidan.nu\/wp-content\/uploads\/2017\/06\/Skindred-0-567x376.jpg\" alt=\"\" width=\"567\" height=\"376\" srcset=\"https:\/\/www.kultursidan.nu\/wp-content\/uploads\/2017\/06\/Skindred-0-567x376.jpg 567w, https:\/\/www.kultursidan.nu\/wp-content\/uploads\/2017\/06\/Skindred-0-768x509.jpg 768w, https:\/\/www.kultursidan.nu\/wp-content\/uploads\/2017\/06\/Skindred-0-1024x678.jpg 1024w, https:\/\/www.kultursidan.nu\/wp-content\/uploads\/2017\/06\/Skindred-0-503x333.jpg 503w, https:\/\/www.kultursidan.nu\/wp-content\/uploads\/2017\/06\/Skindred-0-150x99.jpg 150w, https:\/\/www.kultursidan.nu\/wp-content\/uploads\/2017\/06\/Skindred-0.jpg 1280w\" sizes=\"auto, (max-width: 567px) 100vw, 567px\" \/><br \/>\n<em>Folkr\u00f6relse. Skindreds fans kunde ocks\u00e5 lyfta p\u00e5 armarna \u00e4ven om Bamse strax d\u00e4rp\u00e5 verkligen fick fart p\u00e5 publiken.<\/em><\/p>\n<p>&nbsp;<\/p>\n<h1><span style=\"color: #ff0000;\">&#8221;Vi ser fram emot att se nya band&#8221;<\/span><\/h1>\n<p>&nbsp;<\/p>\n<p>RECENSION\/NORRK\u00d6PING <strong>Bredd och styrka i starten.<\/strong> Att starta med Skindred fr\u00e5n Wales, som mixar metal, hiphop, reggae och pop, \u00e4r n\u00e4stan som att ge hela Br\u00e5vallas bredd i en enda konsert. F\u00f6ljd av en smalare, fast starkare, alls\u00e5ngskonsert med nostalgi av Bamsem\u00e5tt.<\/p>\n<blockquote>\n<h3 style=\"text-align: right;\"><em>BR\u00c5VALLA FESTIVAL Norrk\u00f6ping<\/em><\/h3>\n<p style=\"text-align: right;\">28 juni 2017<br \/>\n<em>\u2028Scen: Panorama<br \/>\n<strong>\u2028Skindred <\/strong><\/em><br \/>\n<em>reggae\/nu metal\/hip\/hop-mix<\/em><\/p>\n<h3 style=\"text-align: right;\"><em>BR\u00c5VALLA FESTIVAL Norrk\u00f6ping<\/em><\/h3>\n<p style=\"text-align: right;\">28 juni 2017 \u2028<em><br \/>\nScen: Sensation<br \/>\n<strong>Bamse och hans v\u00e4nner<\/strong><br \/>\nBarndomsnostalgi<\/em><\/p><\/blockquote>\n<p>&nbsp;<\/p>\n<p><a title=\"Skindred\" href=\"https:\/\/www.flickr.com\/photos\/kultursidan\/35567599616\/in\/album-72157683539664730\/\"><img loading=\"lazy\" decoding=\"async\" src=\"https:\/\/c1.staticflickr.com\/5\/4233\/35567599616_ec365a7307.jpg\" alt=\"Skindred\" width=\"331\" height=\"500\" \/><\/a><br \/>\n<em>Benig. Benji Webbe \u00e4r walesiska reggae\/nu metalbandet Skindreds lead singer.<\/em><\/p>\n<p>&nbsp;<\/p>\n<p><strong>Br\u00e5valla 2017 har kickat ig\u00e5ng och dagar med musik av alla dess slag v\u00e4ntar.<\/strong> F\u00f6rst ut p\u00e5 Panorama var <em><strong>Skindred<\/strong><\/em>, som genom att kombinera metal med andra musikstilar lockade b\u00e5de trogna fans och en hel del andra nyfikna till scenen. Den mest genomg\u00e5ende blandningen f\u00f6r detta walesiska band \u00e4r den mellan metal och hiphop, men det g\u00e5r \u00e4ven att h\u00f6ra inslag av b\u00e5de reggae och poptoner.<\/p>\n<p>Det \u00e4r ett unikt uttryck som styrktes upp av bandets fina publikkontakt. F\u00f6r publikengagemanget var h\u00f6gt, h\u00e4nder viftades i luften och under spelningens g\u00e5ng blev vi matade med slingor att sjunga. Det sk\u00e4mtas friskt med publiken men med l\u00e5ttitlar som <em>Kill the Power<\/em> finns en samh\u00e4llskritisk underton under upptr\u00e4dandet.<\/p>\n<p>&nbsp;<\/p>\n<p><a title=\"Bamse\" href=\"https:\/\/www.flickr.com\/photos\/kultursidan\/35438226342\/in\/album-72157682535480622\/\"><img loading=\"lazy\" decoding=\"async\" src=\"https:\/\/c1.staticflickr.com\/5\/4097\/35438226342_dce4800bea.jpg\" alt=\"Bamse\" width=\"500\" height=\"331\" \/><\/a><br \/>\n<em>Nostalgispelning. Barnsligt kul med Bamse, som stora delar av Br\u00e5vallapubliken vuxit upp med. 2013 firade Bamse 40 \u00e5r som veckotidning men \u00e4r \u00e4ldre \u00e4n s\u00e5. <\/em><\/p>\n<p>&nbsp;<\/p>\n<p><strong><em>Bamse och hans v\u00e4nner<\/em> inledde p\u00e5 Sensation och lockade stora barn som ljudligt sj\u00f6ng med till klassiska barnvisor<\/strong>. S\u00e5nger som Huvud, axlar kn\u00e4 och t\u00e5 och Imse vimse spindel bj\u00f6d in publiken till dans med sina tillh\u00f6rande r\u00f6relser. Ingen lockar fram barnasinnet lika bra som v\u00e4rldens starkaste bj\u00f6rn som fr\u00e5n start satte ett leende p\u00e5 allas l\u00e4ppar. Den gl\u00e4dje som spreds vid scenen toppades fint av det soliga sommarv\u00e4dret.<\/p>\n<p>Bamse och hans v\u00e4nner gjorde festivaldebut och upptr\u00e4dandet var \u00e4ven startskottet p\u00e5 en Sverigeturn\u00e9, d\u00e4r m\u00e4nniskor runtom i landet \u00e4ven de ska f\u00e5 chansen att sjunga de mest \u00e4lskansv\u00e4rda visorna tillsammans med Bamse.<\/p>\n<p>&nbsp;<\/p>\n<p><a title=\"Minibuss\" href=\"https:\/\/www.flickr.com\/photos\/kultursidan\/35220093500\/in\/album-72157685547025386\/\"><img loading=\"lazy\" decoding=\"async\" src=\"https:\/\/c1.staticflickr.com\/5\/4187\/35220093500_93405e6ba0.jpg\" alt=\"Minibuss\" width=\"500\" height=\"331\" \/><\/a><br \/>\n<em>Minibuss. Det \u00e4r s\u00e5dana h\u00e4r sm\u00e5 \u00f6gonf\u00e4gnare som Br\u00e5valla \u00e4r s\u00e5 bra p\u00e5. \u00c4ven l\u00e4mpligt f\u00f6r tr\u00f6tta f\u00f6tter.<\/em><\/p>\n<p>&nbsp;<\/p>\n<p><strong>Bes\u00f6karna \u00e4r f\u00f6rv\u00e4ntansfulla och glada f\u00f6r att festivalen \u00e4ntligen \u00e4r ig\u00e5ng.<\/strong> Frida \u00c5nman och Erik Lyding har \u00e5kt fr\u00e5n Gislaved f\u00f6r att vara p\u00e5 plats. De har b\u00e5de varit p\u00e5 Br\u00e5valla f\u00f6rut och tycker att m\u00e5ngfalden \u00e4r det b\u00e4sta.<\/p>\n<p>\u2013 Det finns band som spelar m\u00e5nga olika genrer och folket h\u00e4r \u00e4r i m\u00e5nga olika \u00e5ldrar, s\u00e4ger Frida.<\/p>\n<p>I \u00e5r ser de b\u00e5da mest fram emot att se <em><strong>The Killers<\/strong><\/em>, som spelar p\u00e5 l\u00f6rdag.<\/p>\n<p><strong>I deras v\u00e4ntan p\u00e5 Hoffmaestro, som spelar sent p\u00e5 kv\u00e4llen, m\u00f6ter jag Johnny och Linda Astland, som har bes\u00f6kt Br\u00e5valla varje \u00e5r sen det startade.<\/strong> \u00c4ven de pekar ut bredden som festivalens styrka. Linda utvecklar:<\/p>\n<p>\u2013 \u00c5lder spelar ingen roll h\u00e4r. Ett \u00e5r tog vi med v\u00e5r son, som \u00e4r 14 \u00e5r och det fanns n\u00e5got att se f\u00f6r oss alla.<\/p>\n<p>F\u00f6rutom fortsatt bra v\u00e4der ser de fram emot att f\u00e5 h\u00f6ra mycket ny musik.<\/p>\n<p>\u2013 Vi ser fram emot att se nya band. Vi har inte planerat att se s\u00e5 m\u00e5nga specifika band utan vi vill hitta nya guldkorn p\u00e5 v\u00e4gen, f\u00f6rklarar de.<\/p>\n<p><em>\u00a9 Text: Kajsa Jansson<\/em><br \/>\n<em> \u00a9 Foto: Samuel Sandelin<\/em><\/p>\n<p>F\u00d6RSTA BES\u00d6KARNA P\u00c5 BR\u00c5VALLA \u2013 BILDSPEL (FLASH) \u2013 KLICKA P\u00c5 BILDEN \u2028ALT\/MOBIL: SE BILDSPELET <a title=\"Bildspel\" href=\"https:\/\/www.flickr.com\/photos\/kultursidan\/sets\/72157685547025386\/show\/\" target=\"_blank\" rel=\"noopener\">H\u00c4R<\/a><br \/>\n<em> <object width=\"400\" height=\"300\"><param name=\"flashvars\" value=\"offsite=true&amp;lang=en-us&amp;page_show_url=%2Fphotos%2Fkultursidan%2Fsets%2F72157685547025386%2Fshow%2F&amp;page_show_back_url=%2Fphotos%2Fkultursidan%2Fsets%2F72157685547025386%2F&amp;set_id=72157685547025386&amp;jump_to=\" \/><param name=\"movie\" value=\"https:\/\/www.flickr.com\/apps\/slideshow\/show.swf?v=1811922554\" \/><param name=\"allowFullScreen\" value=\"true\" \/><\/object><\/em><\/p>\n<p>SKINDRED \u2013 BILDSPEL (FLASH) \u2013 KLICKA P\u00c5 BILDEN <em>\u2028ALT\/MOBIL: SE BILDSPELET <a title=\"Bildspel\" href=\"https:\/\/www.flickr.com\/photos\/kultursidan\/sets\/72157683539664730\/show\/\" target=\"_blank\" rel=\"noopener\">H\u00c4R<\/a><\/em><br \/>\n<object width=\"400\" height=\"300\"><param name=\"flashvars\" value=\"offsite=true&amp;lang=en-us&amp;page_show_url=%2Fphotos%2Fkultursidan%2Fsets%2F72157683539664730%2Fshow%2F&amp;page_show_back_url=%2Fphotos%2Fkultursidan%2Fsets%2F72157683539664730%2F&amp;set_id=72157683539664730&amp;jump_to=\" \/><param name=\"movie\" value=\"https:\/\/www.flickr.com\/apps\/slideshow\/show.swf?v=1811922554\" \/><param name=\"allowFullScreen\" value=\"true\" \/><\/object><\/p>\n<p>BAMSE OCH HANS V\u00c4NNER \u2013 BILDSPEL (FLASH) \u2013 KLICKA P\u00c5 BILDEN <em>\u2028ALT\/MOBIL: SE BILDSPELET <a title=\"Bildspel\" href=\"https:\/\/www.flickr.com\/photos\/kultursidan\/sets\/72157682535480622\/show\/\" target=\"_blank\" rel=\"noopener\">H\u00c4R<\/a><\/em><br \/>\n<object width=\"400\" height=\"300\"><param name=\"flashvars\" value=\"offsite=true&amp;lang=en-us&amp;page_show_url=%2Fphotos%2Fkultursidan%2Fsets%2F72157682535480622%2Fshow%2F&amp;page_show_back_url=%2Fphotos%2Fkultursidan%2Fsets%2F72157682535480622%2F&amp;set_id=72157682535480622&amp;jump_to=\" \/><param name=\"movie\" value=\"https:\/\/www.flickr.com\/apps\/slideshow\/show.swf?v=1811922554\" \/><param name=\"allowFullScreen\" value=\"true\" \/><\/object><\/p>\n<p>L\u00c4NKAR<br \/>\nBr\u00e5valla Festival <a href=\"http:\/\/www.bravallafestival.se\" target=\"_blank\" rel=\"noopener noreferrer\">hemsida<\/a> <a href=\"http:\/\/www.bravallafestival.se\/biljetter.html\" target=\"_blank\" rel=\"noopener noreferrer\">biljetter<\/a>\u00a0 <a href=\"https:\/\/www.facebook.com\/bravallafestivalen\/?fref=ts\" target=\"_blank\" rel=\"noopener noreferrer\">Facebook<\/a>\u00a0 <a href=\"https:\/\/www.facebook.com\/events\/1235720856494135\/\" target=\"_blank\" rel=\"noopener noreferrer\">FB-evenemang<\/a><\/p>\n<p>BR\u00c5VALLA \u2013 INF\u00d6R FESTIVALEN<br \/>\nFemte Br\u00e5vallafestivalen lyfter igen <a href=\"https:\/\/www.kultursidan.nu\/?p=31347\" target=\"_blank\" rel=\"noopener\">reportage<\/a> Kultursidan.nu 28\/6 2017<br \/>\nH\u00e5kan Hellstr\u00f6m Br\u00e5vallas sista headline <a href=\"https:\/\/www.kultursidan.nu\/?p=30488\" target=\"_blank\" rel=\"noopener\">KortNytt<\/a> Kultursidan.nu 23\/4 2017<br \/>\nBamse med v\u00e4nner inleder p\u00e5 Br\u00e5valla <a href=\"https:\/\/www.kultursidan.nu\/?p=29578\" target=\"_blank\" rel=\"noopener\">KortNytt<\/a> Kultursidan.nu 24\/2 2017<br \/>\nLaleh tillbaka till Br\u00e5valla i sommar <a href=\"https:\/\/www.kultursidan.nu\/?p=28971\" target=\"_blank\" rel=\"noopener\">KortNytt<\/a> Kultursidan.nu 25\/1 2016<br \/>\nEllie Goulding till Br\u00e5valla festival <a href=\"https:\/\/www.kultursidan.nu\/?p=28459\" target=\"_blank\" rel=\"noopener\">KortNytt<\/a> Kultursidan.nu 19\/12 2016<br \/>\nBr\u00e5valla festival firar fem med fyra och sex <a href=\"https:\/\/www.kultursidan.nu\/?p=28231\" target=\"_blank\" rel=\"noopener\">artikel<\/a> Kultursidan.nu 5\/12 2016<\/p>\n","protected":false},"excerpt":{"rendered":"<p> NORRK\u00d6PING Bredd och styrka i starten. Att starta med Skindred fr\u00e5n Wales, som mixar metal, hiphop, reggae och pop, \u00e4r n\u00e4stan som att ge hela Br\u00e5vallas bredd i en enda konsert. F\u00f6ljd av en smalare, fast starkare, alls\u00e5ngskonsert med nostalgi av Bamsem\u00e5tt. <a class=\"continue-reading-link\" href=\"https:\/\/www.kultursidan.nu\/?p=31355\">L\u00e4s mer <span class=\"meta-nav\">&rarr; <\/span><\/a><\/p>\n","protected":false},"author":1001006,"featured_media":0,"comment_status":"closed","ping_status":"open","sticky":false,"template":"","format":"standard","meta":{"_jetpack_memberships_contains_paid_content":false,"footnotes":""},"categories":[7],"tags":[29,13],"class_list":["post-31355","post","type-post","status-publish","format-standard","hentry","category-norrkoping","tag-festival","tag-musik"],"jetpack_featured_media_url":"","jetpack_sharing_enabled":true,"_links":{"self":[{"href":"https:\/\/www.kultursidan.nu\/index.php?rest_route=\/wp\/v2\/posts\/31355","targetHints":{"allow":["GET"]}}],"collection":[{"href":"https:\/\/www.kultursidan.nu\/index.php?rest_route=\/wp\/v2\/posts"}],"about":[{"href":"https:\/\/www.kultursidan.nu\/index.php?rest_route=\/wp\/v2\/types\/post"}],"author":[{"embeddable":true,"href":"https:\/\/www.kultursidan.nu\/index.php?rest_route=\/wp\/v2\/users\/1001006"}],"replies":[{"embeddable":true,"href":"https:\/\/www.kultursidan.nu\/index.php?rest_route=%2Fwp%2Fv2%2Fcomments&post=31355"}],"version-history":[{"count":9,"href":"https:\/\/www.kultursidan.nu\/index.php?rest_route=\/wp\/v2\/posts\/31355\/revisions"}],"predecessor-version":[{"id":31365,"href":"https:\/\/www.kultursidan.nu\/index.php?rest_route=\/wp\/v2\/posts\/31355\/revisions\/31365"}],"wp:attachment":[{"href":"https:\/\/www.kultursidan.nu\/index.php?rest_route=%2Fwp%2Fv2%2Fmedia&parent=31355"}],"wp:term":[{"taxonomy":"category","embeddable":true,"href":"https:\/\/www.kultursidan.nu\/index.php?rest_route=%2Fwp%2Fv2%2Fcategories&post=31355"},{"taxonomy":"post_tag","embeddable":true,"href":"https:\/\/www.kultursidan.nu\/index.php?rest_route=%2Fwp%2Fv2%2Ftags&post=31355"}],"curies":[{"name":"wp","href":"https:\/\/api.w.org\/{rel}","templated":true}]}}