{"id":31366,"date":"2017-06-29T15:04:38","date_gmt":"2017-06-29T14:04:38","guid":{"rendered":"https:\/\/intelligent-friend-7861.standoutwp.com\/?p=31366"},"modified":"2017-06-29T16:34:02","modified_gmt":"2017-06-29T15:34:02","slug":"bravalla-sabaton-i-krigets-larm-och-damm-recension","status":"publish","type":"post","link":"https:\/\/www.kultursidan.nu\/?p=31366","title":{"rendered":"Br\u00e5valla: Sabaton i krigets larm och damm (recension)"},"content":{"rendered":"<p><img loading=\"lazy\" decoding=\"async\" class=\"alignnone size-medium wp-image-31367\" src=\"https:\/\/www.kultursidan.nu\/wp-content\/uploads\/2017\/06\/Sabaton-2-567x376.jpg\" alt=\"\" width=\"567\" height=\"376\" srcset=\"https:\/\/www.kultursidan.nu\/wp-content\/uploads\/2017\/06\/Sabaton-2-567x376.jpg 567w, https:\/\/www.kultursidan.nu\/wp-content\/uploads\/2017\/06\/Sabaton-2-768x509.jpg 768w, https:\/\/www.kultursidan.nu\/wp-content\/uploads\/2017\/06\/Sabaton-2-1024x678.jpg 1024w, https:\/\/www.kultursidan.nu\/wp-content\/uploads\/2017\/06\/Sabaton-2-503x333.jpg 503w, https:\/\/www.kultursidan.nu\/wp-content\/uploads\/2017\/06\/Sabaton-2-150x99.jpg 150w, https:\/\/www.kultursidan.nu\/wp-content\/uploads\/2017\/06\/Sabaton-2.jpg 1280w\" sizes=\"auto, (max-width: 567px) 100vw, 567px\" \/><br \/>\n<em>L\u00fctzendimma? Sabaton kom, sj\u00f6ng och fick ge sig f\u00f6r publiken som visade att det var svenska l\u00e5tar som g\u00e4llde f\u00f6r det internationella power metal-bandet fr\u00e5n Falun.<\/em><\/p>\n<p>&nbsp;<\/p>\n<h1><span style=\"color: #ff0000;\">Publiken vill och kan diktera spellistan<\/span><\/h1>\n<p>&nbsp;<\/p>\n<p>RECENSION\/NORRK\u00d6PING <strong>Pansarvagn p\u00e5 scenen.<\/strong> Power metal-bandet <em><strong>Sabaton<\/strong><\/em> eldar p\u00e5 med krigsromantik. Att musikakten g\u00e4stade m\u00e4sshallarna nyligen har inte f\u00e5tt publikgl\u00f6den att svalna. Tv\u00e4rtom.<\/p>\n<blockquote>\n<h3 style=\"text-align: right;\"><em>BR\u00c5VALLA FESTIVAL Norrk\u00f6ping<\/em><\/h3>\n<p style=\"text-align: right;\">28 juni 2017<br \/>\n<em>Scen: Panorama \u2028<\/em><br \/>\n<em><strong>Sabaton \u2028<\/strong><\/em><br \/>\n<em>Power metal<\/em><\/p><\/blockquote>\n<p>&nbsp;<\/p>\n<p><strong>Det \u00e4r andra g\u00e5ngen <em>Sabaton<\/em> spelar p\u00e5 Br\u00e5valla och f\u00f6r bara n\u00e5gra m\u00e5nader sedan spelade bandet i m\u00e4sshallarna h\u00e4r i Norrk\u00f6ping.<\/strong> Med den bakgrunden skulle vi kunna anta att intresset inf\u00f6r deras framtr\u00e4dande p\u00e5 \u00e5rets festival skulle vara svalt. Men icke.<\/p>\n<p>Publiken sl\u00f6t upp \u00e4ven en solig onsdagkv\u00e4ll som denna och klappade ig\u00e5ng en bra stund innan akten skulle b\u00f6rja och under spelningen fylldes bara planen framf\u00f6r armen Panorama p\u00e5 av tillkommande.<\/p>\n<p>&nbsp;<\/p>\n<p><a title=\"Sabaton\" href=\"https:\/\/www.flickr.com\/photos\/kultursidan\/35223094490\/in\/album-72157685650801045\/\"><img loading=\"lazy\" decoding=\"async\" src=\"https:\/\/c1.staticflickr.com\/5\/4221\/35223094490_6b401cc235.jpg\" alt=\"Sabaton\" width=\"500\" height=\"331\" \/><\/a><br \/>\n<em>Solen skiner p\u00e5 Sabaton. Backdropen visade b\u00e5de n\u00e4rbilder p\u00e5 bandmedlemmarna och speglade den stora publiken.<\/em><\/p>\n<p>&nbsp;<\/p>\n<p><strong>Sabaton \u00e4r ett bra svenskt power-metalband i stark internationell klass.<\/strong> Det \u00e4r \u00e4nd\u00e5 de svenska l\u00e5tarna som imponerar mest p\u00e5 b\u00e5de mig och publiken tycks det som.<\/p>\n<p>Efter n\u00e5gra \u00f6ppningsnummer av l\u00e5tar p\u00e5 engelska och en pyroteknik, som trots allt annat inte h\u00e5ller v\u00e4rldsklass, kommer den f\u00f6rsta svenska l\u00e5ten till publikens jubel f\u00f6r att sedan \u00f6verg\u00e5 till ytterligare n\u00e5gra engelska titlar.<\/p>\n<p>Under ett mellansnack b\u00f6rjar publiken spontansjunga starkt p\u00e5hejade av den relativt nya gitarristen Tommy Johansson.<\/p>\n<p>\u2013 Det \u00e4r Swedish Pagans, konstaterat s\u00e5ngaren och s\u00e4ger att det inte kommer att h\u00e4nda.<\/p>\n<p><strong>Han f\u00f6rs\u00f6ker forts\u00e4tta sitt mellansnack, men blir snart avbruten av publiken som \u00e5ter tar ton.\u00a0\u2028<\/strong>Det \u00e4r som om publiken vill och kan diktera spellistan, vilket visar p\u00e5 den \u00f6dmjukhet och k\u00e4rlek Sabaton visar sina fans.<\/p>\n<p>\u2013 Tommy, nu n\u00e4r du f\u00e5tt tusen m\u00e4nniskor att sjunga s\u00e5 kan vi inte bara l\u00e5ta bli att sjunga l\u00e5ten, s\u00e4ger s\u00e5ngaren Joakim Brod\u00e9n och kickar ig\u00e5ng ett segment som n\u00e4stan v\u00e4lter scenen.<\/p>\n<p>&nbsp;<\/p>\n<p><a title=\"Sabaton\" href=\"https:\/\/www.flickr.com\/photos\/kultursidan\/35479280371\/in\/album-72157685650801045\/\"><img loading=\"lazy\" decoding=\"async\" src=\"https:\/\/c1.staticflickr.com\/5\/4263\/35479280371_c04569437c.jpg\" alt=\"Sabaton\" width=\"331\" height=\"500\" \/><\/a><br \/>\n<em> \u00d6verste. Hannes Van Dahl sitter p\u00e5 pansarvagnens topp.<\/em><\/p>\n<p>&nbsp;<\/p>\n<p><strong>Till kuliss har bandet en pansarvagn som skjuter ut \u00f6ver scenen. <\/strong>Trummisen sitter p\u00e5 den n\u00e4r han spelar. Det passar bra till ett band vars namn \u00e4r den delen p\u00e5 rustningen som t\u00e4cker foten, harneskskon, och d\u00e4rmed milit\u00e4rt inspirerat.<\/p>\n<p>Sabaton har i sin tur m\u00e5nga l\u00e5tar som handlar just om olika historiska slag i krig vilket utm\u00e4rker deras tyngd.\u2028 Det \u00e4r fornstora dagars musik som jag \u00e4r \u00f6vertygad om att Gustav II Adolf hade velat ha med sig i ryggen under trettio\u00e5riga kriget.<\/p>\n<p><em> \u00a9 Text: Carl Adam Tillberg<\/em><br \/>\n<em> \u00a9 Foto: Samuel Sandelin<\/em><\/p>\n<p>BILDSPEL (FLASH) \u2013 KLICKA P\u00c5 BILDEN <em>\u2028ALT\/MOBIL: SE BILDSPELET <a title=\"Bildspel\" href=\"https:\/\/www.flickr.com\/photos\/kultursidan\/sets\/72157685650801045\/show\/\" target=\"_blank\" rel=\"noopener\">H\u00c4R<\/a><\/em><br \/>\n<object width=\"400\" height=\"300\"><param name=\"flashvars\" value=\"offsite=true&amp;lang=en-us&amp;page_show_url=%2Fphotos%2Fkultursidan%2Fsets%2F72157685650801045%2Fshow%2F&amp;page_show_back_url=%2Fphotos%2Fkultursidan%2Fsets%2F72157685650801045%2F&amp;set_id=72157685650801045&amp;jump_to=\" \/><param name=\"movie\" value=\"https:\/\/www.flickr.com\/apps\/slideshow\/show.swf?v=1811922554\" \/><param name=\"allowFullScreen\" value=\"true\" \/><\/object><\/p>\n<p>L\u00c4NKAR<br \/>\nSabaton <a href=\"http:\/\/www.sabaton.net\" target=\"_blank\" rel=\"noopener\">hemsida<\/a> <a href=\"https:\/\/www.facebook.com\/sabaton\/\" target=\"_blank\" rel=\"noopener\">Facebook<\/a><br \/>\nBr\u00e5valla Festival <a href=\"http:\/\/www.bravallafestival.se\" target=\"_blank\" rel=\"noopener noreferrer\">hemsida<\/a> <a href=\"http:\/\/www.bravallafestival.se\/biljetter.html\" target=\"_blank\" rel=\"noopener noreferrer\">biljetter<\/a>\u00a0 <a href=\"https:\/\/www.facebook.com\/bravallafestivalen\/?fref=ts\" target=\"_blank\" rel=\"noopener noreferrer\">Facebook<\/a>\u00a0 <a href=\"https:\/\/www.facebook.com\/events\/1235720856494135\/\" target=\"_blank\" rel=\"noopener noreferrer\">FB-evenemang<\/a><\/p>\n<p>ONSDAG 28 JUNI<br \/>\nBr\u00e5valla: Skindred, Bamse &amp; publiken <a href=\"https:\/\/www.kultursidan.nu\/?p=31355\" target=\"_blank\" rel=\"noopener\">recension<\/a> Kultursidan.nu 29\/6 2017<\/p>\n<p>BR\u00c5VALLA \u2013 INF\u00d6R FESTIVALEN<br \/>\nFemte Br\u00e5vallafestivalen lyfter igen <a href=\"https:\/\/www.kultursidan.nu\/?p=31347\" target=\"_blank\" rel=\"noopener\">reportage<\/a> Kultursidan.nu 28\/6 2017<br \/>\nH\u00e5kan Hellstr\u00f6m Br\u00e5vallas sista headline <a href=\"https:\/\/www.kultursidan.nu\/?p=30488\" target=\"_blank\" rel=\"noopener\">KortNytt<\/a> Kultursidan.nu 23\/4 2017<br \/>\nBamse med v\u00e4nner inleder p\u00e5 Br\u00e5valla <a href=\"https:\/\/www.kultursidan.nu\/?p=29578\" target=\"_blank\" rel=\"noopener\">KortNytt<\/a> Kultursidan.nu 24\/2 2017<br \/>\nLaleh tillbaka till Br\u00e5valla i sommar <a href=\"https:\/\/www.kultursidan.nu\/?p=28971\" target=\"_blank\" rel=\"noopener\">KortNytt<\/a> Kultursidan.nu 25\/1 2016<br \/>\nEllie Goulding till Br\u00e5valla festival <a href=\"https:\/\/www.kultursidan.nu\/?p=28459\" target=\"_blank\" rel=\"noopener\">KortNytt<\/a> Kultursidan.nu 19\/12 2016<br \/>\nBr\u00e5valla festival firar fem med fyra och sex <a href=\"https:\/\/www.kultursidan.nu\/?p=28231\" target=\"_blank\" rel=\"noopener\">artikel<\/a> Kultursidan.nu 5\/12 2016<\/p>\n","protected":false},"excerpt":{"rendered":"<p> NORRK\u00d6PING Pansarvagn p\u00e5 scenen. Power metal-bandet Sabaton eldar p\u00e5 med krigsromantik. Att musikakten g\u00e4stade m\u00e4sshallarna nyligen har inte f\u00e5tt publikgl\u00f6den att svalna. Tv\u00e4rtom. <a class=\"continue-reading-link\" href=\"https:\/\/www.kultursidan.nu\/?p=31366\">L\u00e4s mer <span class=\"meta-nav\">&rarr; <\/span><\/a><\/p>\n","protected":false},"author":1001006,"featured_media":0,"comment_status":"closed","ping_status":"open","sticky":false,"template":"","format":"standard","meta":{"_jetpack_memberships_contains_paid_content":false,"footnotes":""},"categories":[7],"tags":[29,13],"class_list":["post-31366","post","type-post","status-publish","format-standard","hentry","category-norrkoping","tag-festival","tag-musik"],"jetpack_featured_media_url":"","jetpack_sharing_enabled":true,"_links":{"self":[{"href":"https:\/\/www.kultursidan.nu\/index.php?rest_route=\/wp\/v2\/posts\/31366","targetHints":{"allow":["GET"]}}],"collection":[{"href":"https:\/\/www.kultursidan.nu\/index.php?rest_route=\/wp\/v2\/posts"}],"about":[{"href":"https:\/\/www.kultursidan.nu\/index.php?rest_route=\/wp\/v2\/types\/post"}],"author":[{"embeddable":true,"href":"https:\/\/www.kultursidan.nu\/index.php?rest_route=\/wp\/v2\/users\/1001006"}],"replies":[{"embeddable":true,"href":"https:\/\/www.kultursidan.nu\/index.php?rest_route=%2Fwp%2Fv2%2Fcomments&post=31366"}],"version-history":[{"count":5,"href":"https:\/\/www.kultursidan.nu\/index.php?rest_route=\/wp\/v2\/posts\/31366\/revisions"}],"predecessor-version":[{"id":31374,"href":"https:\/\/www.kultursidan.nu\/index.php?rest_route=\/wp\/v2\/posts\/31366\/revisions\/31374"}],"wp:attachment":[{"href":"https:\/\/www.kultursidan.nu\/index.php?rest_route=%2Fwp%2Fv2%2Fmedia&parent=31366"}],"wp:term":[{"taxonomy":"category","embeddable":true,"href":"https:\/\/www.kultursidan.nu\/index.php?rest_route=%2Fwp%2Fv2%2Fcategories&post=31366"},{"taxonomy":"post_tag","embeddable":true,"href":"https:\/\/www.kultursidan.nu\/index.php?rest_route=%2Fwp%2Fv2%2Ftags&post=31366"}],"curies":[{"name":"wp","href":"https:\/\/api.w.org\/{rel}","templated":true}]}}