{"id":31372,"date":"2017-06-29T17:00:08","date_gmt":"2017-06-29T16:00:08","guid":{"rendered":"https:\/\/intelligent-friend-7861.standoutwp.com\/?p=31372"},"modified":"2017-06-29T21:25:43","modified_gmt":"2017-06-29T20:25:43","slug":"bravalla-scooters-trista-strippklubb-recension","status":"publish","type":"post","link":"https:\/\/www.kultursidan.nu\/?p=31372","title":{"rendered":"Br\u00e5valla: Scooters trista strippklubb (recension)"},"content":{"rendered":"<p><img loading=\"lazy\" decoding=\"async\" class=\"alignnone size-medium wp-image-31373\" src=\"https:\/\/www.kultursidan.nu\/wp-content\/uploads\/2017\/06\/Scooter-01-567x376.jpg\" alt=\"\" width=\"567\" height=\"376\" srcset=\"https:\/\/www.kultursidan.nu\/wp-content\/uploads\/2017\/06\/Scooter-01-567x376.jpg 567w, https:\/\/www.kultursidan.nu\/wp-content\/uploads\/2017\/06\/Scooter-01-768x509.jpg 768w, https:\/\/www.kultursidan.nu\/wp-content\/uploads\/2017\/06\/Scooter-01-1024x678.jpg 1024w, https:\/\/www.kultursidan.nu\/wp-content\/uploads\/2017\/06\/Scooter-01-503x333.jpg 503w, https:\/\/www.kultursidan.nu\/wp-content\/uploads\/2017\/06\/Scooter-01-150x99.jpg 150w, https:\/\/www.kultursidan.nu\/wp-content\/uploads\/2017\/06\/Scooter-01.jpg 1280w\" sizes=\"auto, (max-width: 567px) 100vw, 567px\" \/><br \/>\n<em> Sunkigt. Lite senare tog scentjejerna fram piskorna. Att de tillh\u00f6rde Scooter framgick tydligt. I andra delar av showen minskade m\u00e4ngden tyg medan r\u00f6relserna ut\u00f6kades.<br \/>\n<\/em><\/p>\n<p>&nbsp;<\/p>\n<h1><span style=\"color: #ff0000;\">Den unga publiken \u00e4r mycket h\u00e4ngiven<\/span><\/h1>\n<p>&nbsp;<\/p>\n<p>NORRK\u00d6PING <strong>Besvikelsen blir stor.<\/strong> Eurodiscobandet Scooter avslutade Br\u00e5vallas f\u00f6rsta dag p\u00e5 Sensationscenen. 15 \u00e5r efter tophitsen har musiken f\u00f6rhandlats till trista slingor. Scenshowen andas tysk Reeperbahn l\u00e5ng v\u00e4g.<\/p>\n<blockquote>\n<h3 style=\"text-align: right;\">BR\u00c5VALLA FESTIVAL Norrk\u00f6ping<\/h3>\n<p style=\"text-align: right;\">28 juni 2017<br \/>\n<em>Scen: Sensation<br \/>\n<strong>\u2028Scooter<\/strong><br \/>\nEurodisco<\/em><\/p><\/blockquote>\n<p>&nbsp;<\/p>\n<p><strong>Scooter \u00e4r sista akten p\u00e5 f\u00f6rsta dagen av Br\u00e5valla och jag t\u00e4nker mig att det ska bli en hejdundrande show<\/strong> f\u00f6r det stora publikhavet som redan inne p\u00e5 campingen b\u00f6rjade skr\u00e5la eurodiscol\u00e4ten p\u00e5 v\u00e4g till spelplatsen som heter Sensation. Och Scooter g\u00f6r verkligen sk\u00e4l f\u00f6r scenens namn, f\u00f6r det \u00e4r <em>sensationellt<\/em> d\u00e5ligt.<\/p>\n<p>&nbsp;<\/p>\n<p><a title=\"Scooter\"><img loading=\"lazy\" decoding=\"async\" src=\"https:\/\/c1.staticflickr.com\/5\/4278\/35224277570_eb6b594ed2.jpg\" alt=\"Scooter\" width=\"331\" height=\"500\" \/><\/a><br \/>\n<em>Remixproducent. Phil Speiser, med en gedigen bakgrund inom dansmusiken, gick in i Scooter 2014.<\/em><\/p>\n<p>&nbsp;<\/p>\n<p><strong>Besvikelsen \u00e4r stor n\u00e4r jag st\u00e5r och lyssnar p\u00e5 bandet jag uppt\u00e4ckte i b\u00f6rjan av 2000-talet<\/strong> och blev fr\u00e4lst p\u00e5 under en skolresa d\u00e5 l\u00e5tar som <em>Nessaja<\/em> och <em>C\u2019est blue<\/em> str\u00f6mmade ur bilstereon. Dock sl\u00e5r det mig att publiken \u00e4r mycket h\u00e4ngiven trots att medel\u00e5ldern \u00e4r 20 och n\u00e5got och d\u00e4rmed inte kan vara en publik som \u00e4r d\u00e4r av helt nostalgiska sk\u00e4l. Och huruvida de dansar p\u00e5 grund av att de faktiskt tycker om de varierande slingor av samma som rullar ut fr\u00e5n h\u00f6gtalarna eller f\u00f6r att det just \u00e4r festival l\u00e5ter jag vara osagt.<\/p>\n<p>Efter otaliga utrop av ordet \u201dhardcore\u201d tycker jag och mitt s\u00e4llskap att det b\u00f6rjar bli l\u00f6jligt och misstr\u00f6star det sorgesamma f\u00f6rs\u00f6ket till att vara n\u00e5got som helst med i v\u00e5r tid.<\/p>\n<p><strong>\u00c4ven scenshowen talar sitt tydliga spr\u00e5k och andas tysk Reeperbahn l\u00e5ng v\u00e4g.<\/strong> P\u00e5 ett riktigt sunkigt misogynt man\u00e9r som m\u00f6jligtvis s\u00e5gs l\u00e4ttare p\u00e5 under nittiotalet, men som idag h\u00f6r grottfolket till, visar tv\u00e5 kvinnor med bikinis som knappt \u00e4r m\u00e4rkbara upp sig med piska i hand eller tyngdlyfter p\u00e5 ett s\u00e4tt, med putande rumpor, som jag aldrig f\u00f6rut sett n\u00e5gon tyngdlyfta p\u00e5. En <em>show off<\/em> direkt h\u00e4mtad fr\u00e5n n\u00e4rmaste strippklubb. Det \u00e4r inte ens ett f\u00f6rs\u00f6k till n\u00e5gon form av dans.<\/p>\n<p>Det sker dock n\u00e4r de tv\u00e5 killarna, som d\u00e5 och d\u00e5 dyker upp p\u00e5 scenen, visar graci\u00f6sa, men enkla, dansnummer.<\/p>\n<p>&nbsp;<\/p>\n<p><a title=\"Scooter\" href=\"https:\/\/www.flickr.com\/photos\/kultursidan\/35442738092\/in\/album-72157683547413300\/\"><img loading=\"lazy\" decoding=\"async\" src=\"https:\/\/c1.staticflickr.com\/5\/4067\/35442738092_b25f4d4e66.jpg\" alt=\"Scooter\" width=\"500\" height=\"331\" \/><\/a><br \/>\n<em> Bleknande minnen. H.P. Baxxter frontar Scooter sedan 1993. Han \u00e4r den ende medlemmen som varit med fr\u00e5n b\u00f6rjan.<\/em><\/p>\n<p>&nbsp;<\/p>\n<p><strong>Scooter har med andra ord gjort sitt \u00e5tminstone p\u00e5 den svenska musikscenen,<\/strong> men f\u00f6rhoppningsvis ocks\u00e5 \u00f6verhuvudtaget. Jag g\u00e5r djupt besviken ut ur det brajluktande publikhavet och styr mina steg hem\u00e5t.<\/p>\n<p><em>\u00a9 Text: Carl Adam Tillberg<\/em><br \/>\n<em> \u00a9 Foto: Samuel Sandelin<\/em><\/p>\n<p>BILDSPEL (FLASH) \u2013 KLICKA P\u00c5 BILDEN \u2028ALT\/MOBIL: SE BILDSPELET<em> <a title=\"Bildspel\" href=\"https:\/\/www.flickr.com\/photos\/kultursidan\/sets\/72157683547413300\/show\/\" target=\"_blank\" rel=\"noopener\">H\u00c4R<\/a><\/em><br \/>\n<em> <object width=\"400\" height=\"300\"><param name=\"flashvars\" value=\"offsite=true&amp;lang=en-us&amp;page_show_url=%2Fphotos%2Fkultursidan%2Fsets%2F72157683547413300%2Fshow%2F&amp;page_show_back_url=%2Fphotos%2Fkultursidan%2Fsets%2F72157683547413300%2F&amp;set_id=72157683547413300&amp;jump_to=\" \/><param name=\"movie\" value=\"https:\/\/www.flickr.com\/apps\/slideshow\/show.swf?v=1811922554\" \/><param name=\"allowFullScreen\" value=\"true\" \/><\/object><\/em><\/p>\n<p>L\u00c4NKAR<br \/>\nScooter <a href=\"http:\/\/scootertechno.com\" target=\"_blank\" rel=\"noopener\">hemsida<\/a> <a href=\"https:\/\/www.facebook.com\/scooterofficial\/?fref=ts\" target=\"_blank\" rel=\"noopener\">Facebook<br \/>\n<\/a>Br\u00e5valla Festival <a href=\"http:\/\/www.bravallafestival.se\" target=\"_blank\" rel=\"noopener noreferrer\">hemsida<\/a> <a href=\"http:\/\/www.bravallafestival.se\/biljetter.html\" target=\"_blank\" rel=\"noopener noreferrer\">biljetter<\/a>\u00a0 <a href=\"https:\/\/www.facebook.com\/bravallafestivalen\/?fref=ts\" target=\"_blank\" rel=\"noopener noreferrer\">Facebook<\/a>\u00a0 <a href=\"https:\/\/www.facebook.com\/events\/1235720856494135\/\" target=\"_blank\" rel=\"noopener noreferrer\">FB-evenemang<\/a><\/p>\n<p>ONSDAG 28 JUNI<br \/>\nBr\u00e5valla: Sabaton i krigets larm och damm <a href=\"https:\/\/www.kultursidan.nu\/?p=31366\" target=\"_blank\" rel=\"noopener\">recension<\/a> Kultursidan.nu 29\/6 2017<br \/>\nBr\u00e5valla: Skindred, Bamse &amp; publiken <a href=\"https:\/\/www.kultursidan.nu\/?p=31355\" target=\"_blank\" rel=\"noopener\">recension<\/a> Kultursidan.nu 29\/6 2017<\/p>\n<p>BR\u00c5VALLA \u2013 INF\u00d6R FESTIVALEN<br \/>\nFemte Br\u00e5vallafestivalen lyfter igen <a href=\"https:\/\/www.kultursidan.nu\/?p=31347\" target=\"_blank\" rel=\"noopener\">reportage<\/a> Kultursidan.nu 28\/6 2017<br \/>\nH\u00e5kan Hellstr\u00f6m Br\u00e5vallas sista headline <a href=\"https:\/\/www.kultursidan.nu\/?p=30488\" target=\"_blank\" rel=\"noopener\">KortNytt<\/a> Kultursidan.nu 23\/4 2017<br \/>\nBamse med v\u00e4nner inleder p\u00e5 Br\u00e5valla <a href=\"https:\/\/www.kultursidan.nu\/?p=29578\" target=\"_blank\" rel=\"noopener\">KortNytt<\/a> Kultursidan.nu 24\/2 2017<br \/>\nLaleh tillbaka till Br\u00e5valla i sommar <a href=\"https:\/\/www.kultursidan.nu\/?p=28971\" target=\"_blank\" rel=\"noopener\">KortNytt<\/a> Kultursidan.nu 25\/1 2016<br \/>\nEllie Goulding till Br\u00e5valla festival <a href=\"https:\/\/www.kultursidan.nu\/?p=28459\" target=\"_blank\" rel=\"noopener\">KortNytt<\/a> Kultursidan.nu 19\/12 2016<br \/>\nBr\u00e5valla festival firar fem med fyra och sex <a href=\"https:\/\/www.kultursidan.nu\/?p=28231\" target=\"_blank\" rel=\"noopener\">artikel<\/a> Kultursidan.nu 5\/12 2016<\/p>\n","protected":false},"excerpt":{"rendered":"<p> NORRK\u00d6PING Besvikelsen blir stor. Eurodiscobandet Scooter avslutade Br\u00e5vallas f\u00f6rsta dag p\u00e5 Sensationscenen. 15 \u00e5r efter topphitsen har musiken f\u00f6rhandlats till trista slingor. Scenshowen andas tysk Reeperbahn l\u00e5ng v\u00e4g. <a class=\"continue-reading-link\" href=\"https:\/\/www.kultursidan.nu\/?p=31372\">L\u00e4s mer <span class=\"meta-nav\">&rarr; <\/span><\/a><\/p>\n","protected":false},"author":1001006,"featured_media":0,"comment_status":"closed","ping_status":"open","sticky":false,"template":"","format":"standard","meta":{"_jetpack_memberships_contains_paid_content":false,"footnotes":""},"categories":[7],"tags":[29,13],"class_list":["post-31372","post","type-post","status-publish","format-standard","hentry","category-norrkoping","tag-festival","tag-musik"],"jetpack_featured_media_url":"","jetpack_sharing_enabled":true,"_links":{"self":[{"href":"https:\/\/www.kultursidan.nu\/index.php?rest_route=\/wp\/v2\/posts\/31372","targetHints":{"allow":["GET"]}}],"collection":[{"href":"https:\/\/www.kultursidan.nu\/index.php?rest_route=\/wp\/v2\/posts"}],"about":[{"href":"https:\/\/www.kultursidan.nu\/index.php?rest_route=\/wp\/v2\/types\/post"}],"author":[{"embeddable":true,"href":"https:\/\/www.kultursidan.nu\/index.php?rest_route=\/wp\/v2\/users\/1001006"}],"replies":[{"embeddable":true,"href":"https:\/\/www.kultursidan.nu\/index.php?rest_route=%2Fwp%2Fv2%2Fcomments&post=31372"}],"version-history":[{"count":6,"href":"https:\/\/www.kultursidan.nu\/index.php?rest_route=\/wp\/v2\/posts\/31372\/revisions"}],"predecessor-version":[{"id":31389,"href":"https:\/\/www.kultursidan.nu\/index.php?rest_route=\/wp\/v2\/posts\/31372\/revisions\/31389"}],"wp:attachment":[{"href":"https:\/\/www.kultursidan.nu\/index.php?rest_route=%2Fwp%2Fv2%2Fmedia&parent=31372"}],"wp:term":[{"taxonomy":"category","embeddable":true,"href":"https:\/\/www.kultursidan.nu\/index.php?rest_route=%2Fwp%2Fv2%2Fcategories&post=31372"},{"taxonomy":"post_tag","embeddable":true,"href":"https:\/\/www.kultursidan.nu\/index.php?rest_route=%2Fwp%2Fv2%2Ftags&post=31372"}],"curies":[{"name":"wp","href":"https:\/\/api.w.org\/{rel}","templated":true}]}}