{"id":31380,"date":"2017-06-29T17:58:06","date_gmt":"2017-06-29T16:58:06","guid":{"rendered":"https:\/\/intelligent-friend-7861.standoutwp.com\/?p=31380"},"modified":"2017-06-29T18:05:08","modified_gmt":"2017-06-29T17:05:08","slug":"bravalla-gavin-james-i-vemodets-dunkel-recension","status":"publish","type":"post","link":"https:\/\/www.kultursidan.nu\/?p=31380","title":{"rendered":"Br\u00e5valla: Gavin James i vemodets dunkel (recension)"},"content":{"rendered":"<p><img loading=\"lazy\" decoding=\"async\" class=\"alignnone size-medium wp-image-31381\" src=\"https:\/\/www.kultursidan.nu\/wp-content\/uploads\/2017\/06\/IMG_5240-567x378.jpg\" alt=\"\" width=\"567\" height=\"378\" srcset=\"https:\/\/www.kultursidan.nu\/wp-content\/uploads\/2017\/06\/IMG_5240-567x378.jpg 567w, https:\/\/www.kultursidan.nu\/wp-content\/uploads\/2017\/06\/IMG_5240-768x512.jpg 768w, https:\/\/www.kultursidan.nu\/wp-content\/uploads\/2017\/06\/IMG_5240-1024x682.jpg 1024w, https:\/\/www.kultursidan.nu\/wp-content\/uploads\/2017\/06\/IMG_5240-500x333.jpg 500w, https:\/\/www.kultursidan.nu\/wp-content\/uploads\/2017\/06\/IMG_5240-150x100.jpg 150w, https:\/\/www.kultursidan.nu\/wp-content\/uploads\/2017\/06\/IMG_5240.jpg 1280w\" sizes=\"auto, (max-width: 567px) 100vw, 567px\" \/><br \/>\n<em>Sorgmod. Gavin James i Junot\u00e4ltets dunkel. Borta \u00e4r det stora musikakternas larm, en man och hans akustiska gitarr som f\u00f6rm\u00e5r r\u00f6ra publikens hj\u00e4rtan.<\/em><\/p>\n<p>&nbsp;<\/p>\n<h1><span style=\"color: #ff0000;\">Det k\u00e4nns som om utvecklingen g\u00e5r bakl\u00e4nges<\/span><\/h1>\n<p>&nbsp;<\/p>\n<p>RECENSION\/NORRK\u00d6PING <strong>Han g\u00e5r upp i falsett. <em>Gavin James<\/em><\/strong> har lockat in merparten av den yngre kvinnliga Br\u00e5vallapubliken i t\u00e4ltdunklet. \u00c4r det t\u00e5rar som bl\u00e4nker n\u00e4r han besjunger sin sorg och sin ensamhet. Men varf\u00f6r \u00f6kar Br\u00e5valla p\u00e5 \u00f6lutbudet?<\/p>\n<p>&nbsp;<\/p>\n<blockquote>\n<h3 style=\"text-align: right;\"><em>BR\u00c5VALLA FESTIVAL Norrk\u00f6ping<\/em><\/h3>\n<p style=\"text-align: right;\">29 juni 2017<br \/>\n<em>Scen: Juno<\/em><br \/>\n<strong><em>\u2028Gavin James<\/em><\/strong><br \/>\n<em>\u2028singer\/songwriter<\/em><\/p><\/blockquote>\n<p>&nbsp;<\/p>\n<p><strong>Fr\u00e5n \u00f6verproducerad platta till ensam man med gitarr.<\/strong> N\u00e4stan. Han har en klaviaturspelare bakom ryggen. Men borta \u00e4r alla trummor och k\u00f6rer med \u00f6verdriven auto-tune. I st\u00e4llet har vi en mysig engelsman som inte s\u00e5 lite p\u00e5minner om Ed Sheeran. Ja, han har ju turnerat med honom, s\u00e5 j\u00e4mf\u00f6relsen \u00e4r inte l\u00e5ngs\u00f6kt.<\/p>\n<p>&nbsp;<\/p>\n<p><a title=\"Gavin James\" href=\"https:\/\/www.flickr.com\/photos\/kultursidan\/35225971240\/in\/album-72157685656682905\/\"><img loading=\"lazy\" decoding=\"async\" src=\"https:\/\/c1.staticflickr.com\/5\/4044\/35225971240_f1bf723e57.jpg\" alt=\"Gavin James\" width=\"500\" height=\"375\" \/><\/a><br \/>\n<em>Stilla ljus. Junot\u00e4ltet ger en intim scen f\u00f6r mindre akter.<\/em><\/p>\n<p>&nbsp;<\/p>\n<p><strong>\u00c4r det inte ocks\u00e5 \u00f6verv\u00e4gande unga flickor i publiken?<\/strong> Som lockats hit av hans vemodiga k\u00e4rlekss\u00e5nger. Det \u00e4r sv\u00e5rt att se i m\u00f6rkret p\u00e5 scenen Juno. \u00c4nd\u00e5 \u00e4r det solljus och mitt p\u00e5 dagen. Men i \u00e5r har man best\u00e4mt att den ska vara en t\u00e4ltscen, och en m\u00f6rk s\u00e5dan. Den kommer att bli popul\u00e4r under morgondagens ih\u00e5llande regnande. Det \u00e4r en prognos jag st\u00e4ller.<\/p>\n<p><strong>En annan nyhet f\u00f6r i \u00e5r \u00e4r att man har slutat hyckla.<\/strong> I st\u00e4llet har man valt den cyniska v\u00e4gen. Jag ser n\u00e4mligen att man har en bar i h\u00f6rnet. Tidigare har man varit tvungen att ta sig till omr\u00e5dets centrala del f\u00f6r den enda baren. Men nu ska h\u00e4r kr\u00e4ngas mer b\u00e4rs!<\/p>\n<p>Fast det \u00e4r inget Gavin lider av i denna tidiga timme. Den unga publiken har sina \u00f6gon riktade mot scenen och suckar djupt varje g\u00e5ng han g\u00e5r upp i falsett. Och n\u00e4r han i <em>Remember me<\/em> sjunger:<\/p>\n<p style=\"padding-left: 60px;\"><em>\u2013 I was yours and you were mine<\/em><br \/>\n<em> Now I just sleep all day<\/em><br \/>\n<em> Dreaming that you&#8217;ll steal me away<\/em><\/p>\n<p>\u2026ja, d\u00e5 tycker jag det bl\u00e4nker lite t\u00e5rar i m\u00f6rkret. Och n\u00e4r han i <em>Nervous (The Ooooh song)<\/em> ska ha publiken att sjunga\u2026 (ja, gissa) d\u00e5 blir jag lite nerv\u00f6s. Kanske \u00e4r det f\u00f6r sockers\u00f6tt f\u00f6r min diabetes. Kanske beror det p\u00e5 att bob hund spelar p\u00e5 en scen l\u00e4ngre bort. Fotografen har tagit r\u00e4tt beslut och g\u00e5tt dit i st\u00e4llet. Varf\u00f6r ska jag st\u00e5 h\u00e4r i m\u00f6rkret med myror i kroppen?<\/p>\n<p>&nbsp;<\/p>\n<p><a title=\"Gavin James\" href=\"https:\/\/www.flickr.com\/photos\/kultursidan\/35612547545\/in\/album-72157685656682905\/\"><img loading=\"lazy\" decoding=\"async\" src=\"https:\/\/c1.staticflickr.com\/5\/4149\/35612547545_6f59c1522a.jpg\" alt=\"Gavin James\" width=\"500\" height=\"375\" \/><\/a><br \/>\n<em>S\u00e4kerhet och ordning. Vakterna skyddar artisterna mot o\u00f6nskade bes\u00f6k uppe p\u00e5 scenen.<\/em><\/p>\n<p>&nbsp;<\/p>\n<p><strong>P\u00e5 Luna har <em>bob hund<\/em> spelat s\u00e5 att str\u00f6mmen har g\u00e5tt, s\u00e5 jag har inte missat s\u00e5 mycket.<\/strong> Thomas \u00d6berg \u00e4r i h\u00f6gform och staplar h\u00f6gtalare p\u00e5 varandra f\u00f6r att ha n\u00e5got att kl\u00e4ttra p\u00e5. Dagen till \u00e4ra har han tagit p\u00e5 l\u00e4ppstift. Mitt lyckliga leende hakar upp sig i ett f\u00e5nigt flin. Det \u00e4r inte l\u00e4tt att beh\u00e4rska en publik i solsken, men det kan det h\u00e4r g\u00e4nget.<\/p>\n<p>H\u00e4r uppt\u00e4cker jag \u00e4nnu en nyhet f\u00f6r i \u00e5r \u2013 man f\u00e5r numera ta med sig \u00f6l till det inh\u00e4gnade omr\u00e5det n\u00e4rmast scenen. \u00c4r det s\u00e5 Br\u00e5vallafestivalen g\u00f6r f\u00f6r att bek\u00e4mpa fylla och o\u00f6nskat tafsande? Det k\u00e4nns som om utvecklingen g\u00e5r bakl\u00e4nges.<\/p>\n<p>\u2013 Demokratin \u00e4r inte d\u00f6d, den bara luktar konstigt.<\/p>\n<p>Och efter det kommer <em>Nu \u00e4r det v\u00e4l \u00e4nd\u00e5 revolution p\u00e5 g\u00e5ng?<\/em> Deras texter kan verka kryptiska, men i mellansnacket \u00e4r bob hund politiska. Och att de sedan som sista extranummer spelar <em>Tralala, Lilla Molntuss<\/em> (en l\u00e5t de under m\u00e5nga \u00e5r aldrig spelade live), d\u00e5 \u00e4r det fler \u00e4n jag som ler stort.<\/p>\n<p>Men det var ju inte dem jag skulle recensera\u2026 det var ju Gavin James. Han var s\u00e4kert bra.<\/p>\n<p>Och nu g\u00e5r jag till <strong><em>Of Mice and Men<\/em><\/strong>\u2026 n\u00e4h\u00e4, det var inst\u00e4llt.<\/p>\n<p><em>\u00a9 Text och foto: Michael Strandhed<\/em><\/p>\n<p>BILDSPEL (FLASH) \u2013 KLICKA P\u00c5 BILDEN <em>\u2028ALT\/MOBIL: SE BILDSPELET <a title=\"Bildspel\" href=\"https:\/\/www.flickr.com\/photos\/kultursidan\/sets\/72157685656682905\/show\/\" target=\"_blank\" rel=\"noopener\">H\u00c4R<\/a><\/em><br \/>\n<object width=\"400\" height=\"300\"><param name=\"flashvars\" value=\"offsite=true&amp;lang=en-us&amp;page_show_url=%2Fphotos%2Fkultursidan%2Fsets%2F72157685656682905%2Fshow%2F&amp;page_show_back_url=%2Fphotos%2Fkultursidan%2Fsets%2F72157685656682905%2F&amp;set_id=72157685656682905&amp;jump_to=\" \/><param name=\"movie\" value=\"https:\/\/www.flickr.com\/apps\/slideshow\/show.swf?v=1811922554\" \/><param name=\"allowFullScreen\" value=\"true\" \/><\/object><\/p>\n<p>L\u00c4NKAR<br \/>\nGavin James <a href=\"http:\/\/www.gavinjamesmusic.com\" target=\"_blank\" rel=\"noopener\">hemsida<\/a> <a href=\"https:\/\/www.facebook.com\/gavinjamesmusic\" target=\"_blank\" rel=\"noopener\">Facebook<\/a><br \/>\nBr\u00e5valla Festival <a href=\"http:\/\/www.bravallafestival.se\" target=\"_blank\" rel=\"noopener noreferrer\">hemsida<\/a> <a href=\"http:\/\/www.bravallafestival.se\/biljetter.html\" target=\"_blank\" rel=\"noopener noreferrer\">biljetter<\/a>\u00a0 <a href=\"https:\/\/www.facebook.com\/bravallafestivalen\/?fref=ts\" target=\"_blank\" rel=\"noopener noreferrer\">Facebook<\/a>\u00a0 <a href=\"https:\/\/www.facebook.com\/events\/1235720856494135\/\" target=\"_blank\" rel=\"noopener noreferrer\">FB-evenemang<\/a><\/p>\n<p>ONSDAG 28 JUNI<br \/>\nBr\u00e5valla: Scooters trista stripklubb <a href=\"https:\/\/www.kultursidan.nu\/?p=31372\" target=\"_blank\" rel=\"noopener\">recension<\/a> Kultursidan.nu 29\/6 2017<br \/>\nBr\u00e5valla: Sabaton i krigets larm och damm <a href=\"https:\/\/www.kultursidan.nu\/?p=31366\" target=\"_blank\" rel=\"noopener\">recension<\/a> Kultursidan.nu 29\/6 2017<br \/>\nBr\u00e5valla: Skindred, Bamse &amp; publiken <a href=\"https:\/\/www.kultursidan.nu\/?p=31355\" target=\"_blank\" rel=\"noopener\">recension<\/a> Kultursidan.nu 29\/6 2017<\/p>\n<p>BR\u00c5VALLA \u2013 INF\u00d6R FESTIVALEN<br \/>\nFemte Br\u00e5vallafestivalen lyfter igen <a href=\"https:\/\/www.kultursidan.nu\/?p=31347\" target=\"_blank\" rel=\"noopener\">reportage<\/a> Kultursidan.nu 28\/6 2017<br \/>\nH\u00e5kan Hellstr\u00f6m Br\u00e5vallas sista headline <a href=\"https:\/\/www.kultursidan.nu\/?p=30488\" target=\"_blank\" rel=\"noopener\">KortNytt<\/a> Kultursidan.nu 23\/4 2017<br \/>\nBamse med v\u00e4nner inleder p\u00e5 Br\u00e5valla <a href=\"https:\/\/www.kultursidan.nu\/?p=29578\" target=\"_blank\" rel=\"noopener\">KortNytt<\/a> Kultursidan.nu 24\/2 2017<br \/>\nLaleh tillbaka till Br\u00e5valla i sommar <a href=\"https:\/\/www.kultursidan.nu\/?p=28971\" target=\"_blank\" rel=\"noopener\">KortNytt<\/a> Kultursidan.nu 25\/1 2016<br \/>\nEllie Goulding till Br\u00e5valla festival <a href=\"https:\/\/www.kultursidan.nu\/?p=28459\" target=\"_blank\" rel=\"noopener\">KortNytt<\/a> Kultursidan.nu 19\/12 2016<br \/>\nBr\u00e5valla festival firar fem med fyra och sex <a href=\"https:\/\/www.kultursidan.nu\/?p=28231\" target=\"_blank\" rel=\"noopener\">artikel<\/a> Kultursidan.nu 5\/12 2016<\/p>\n","protected":false},"excerpt":{"rendered":"<p>NORRK\u00d6PING Han g\u00e5r upp i falsett. Gavin James har lockat in merparten av den yngre kvinnliga Br\u00e5vallapubliken i t\u00e4ltdunklet. \u00c4r det t\u00e5rar som bl\u00e4nker n\u00e4r han besjunger sin sorg och sin ensamhet. Men varf\u00f6r \u00f6kar Br\u00e5valla p\u00e5 \u00f6lutbudet? <a class=\"continue-reading-link\" href=\"https:\/\/www.kultursidan.nu\/?p=31380\">L\u00e4s mer <span class=\"meta-nav\">&rarr; <\/span><\/a><\/p>\n","protected":false},"author":1001006,"featured_media":0,"comment_status":"closed","ping_status":"open","sticky":false,"template":"","format":"standard","meta":{"_jetpack_memberships_contains_paid_content":false,"footnotes":""},"categories":[7],"tags":[],"class_list":["post-31380","post","type-post","status-publish","format-standard","hentry","category-norrkoping"],"jetpack_featured_media_url":"","jetpack_sharing_enabled":true,"_links":{"self":[{"href":"https:\/\/www.kultursidan.nu\/index.php?rest_route=\/wp\/v2\/posts\/31380","targetHints":{"allow":["GET"]}}],"collection":[{"href":"https:\/\/www.kultursidan.nu\/index.php?rest_route=\/wp\/v2\/posts"}],"about":[{"href":"https:\/\/www.kultursidan.nu\/index.php?rest_route=\/wp\/v2\/types\/post"}],"author":[{"embeddable":true,"href":"https:\/\/www.kultursidan.nu\/index.php?rest_route=\/wp\/v2\/users\/1001006"}],"replies":[{"embeddable":true,"href":"https:\/\/www.kultursidan.nu\/index.php?rest_route=%2Fwp%2Fv2%2Fcomments&post=31380"}],"version-history":[{"count":3,"href":"https:\/\/www.kultursidan.nu\/index.php?rest_route=\/wp\/v2\/posts\/31380\/revisions"}],"predecessor-version":[{"id":31384,"href":"https:\/\/www.kultursidan.nu\/index.php?rest_route=\/wp\/v2\/posts\/31380\/revisions\/31384"}],"wp:attachment":[{"href":"https:\/\/www.kultursidan.nu\/index.php?rest_route=%2Fwp%2Fv2%2Fmedia&parent=31380"}],"wp:term":[{"taxonomy":"category","embeddable":true,"href":"https:\/\/www.kultursidan.nu\/index.php?rest_route=%2Fwp%2Fv2%2Fcategories&post=31380"},{"taxonomy":"post_tag","embeddable":true,"href":"https:\/\/www.kultursidan.nu\/index.php?rest_route=%2Fwp%2Fv2%2Ftags&post=31380"}],"curies":[{"name":"wp","href":"https:\/\/api.w.org\/{rel}","templated":true}]}}