{"id":31403,"date":"2017-06-30T12:57:57","date_gmt":"2017-06-30T11:57:57","guid":{"rendered":"https:\/\/intelligent-friend-7861.standoutwp.com\/?p=31403"},"modified":"2017-06-30T13:14:46","modified_gmt":"2017-06-30T12:14:46","slug":"bravalla-norrkopingskorens-bob-hund-recension","status":"publish","type":"post","link":"https:\/\/www.kultursidan.nu\/?p=31403","title":{"rendered":"Br\u00e5valla: Norrk\u00f6pingsk\u00f6rens bob hund (recension)"},"content":{"rendered":"<p><img loading=\"lazy\" decoding=\"async\" class=\"alignnone size-medium wp-image-31404\" src=\"https:\/\/www.kultursidan.nu\/wp-content\/uploads\/2017\/06\/bob-hund7-567x378.jpg\" alt=\"\" width=\"567\" height=\"378\" srcset=\"https:\/\/www.kultursidan.nu\/wp-content\/uploads\/2017\/06\/bob-hund7-567x378.jpg 567w, https:\/\/www.kultursidan.nu\/wp-content\/uploads\/2017\/06\/bob-hund7-768x512.jpg 768w, https:\/\/www.kultursidan.nu\/wp-content\/uploads\/2017\/06\/bob-hund7-1024x682.jpg 1024w, https:\/\/www.kultursidan.nu\/wp-content\/uploads\/2017\/06\/bob-hund7-500x333.jpg 500w, https:\/\/www.kultursidan.nu\/wp-content\/uploads\/2017\/06\/bob-hund7-150x100.jpg 150w, https:\/\/www.kultursidan.nu\/wp-content\/uploads\/2017\/06\/bob-hund7.jpg 1280w\" sizes=\"auto, (max-width: 567px) 100vw, 567px\" \/><br \/>\n<em> Plats. Norrk\u00f6pings ungdomsk\u00f6r sj\u00f6ng tillsammans med bob hund p\u00e5 Br\u00e5valla, h\u00e4r med s\u00e5ngaren Thomas \u00d6berg som f\u00f6rs\u00f6ker sitta vackert.<\/em><\/p>\n<p>&nbsp;<\/p>\n<h1><span style=\"color: #ff0000;\">Sitter vackert b\u00e5de med och utan str\u00f6m<\/span><\/h1>\n<p>&nbsp;<\/p>\n<p>RECENSION\/NORRK\u00d6PING <strong>Ett minne f\u00f6r livet.<\/strong> Bob hund satsade p\u00e5 en stor flock p\u00e5 scenen. Norrk\u00f6pings ungdomsk\u00f6r fr\u00e5n Kulturskolan sj\u00f6ng med och det gjorde ocks\u00e5 norska g\u00e4startisten Silja Sol. Sedan gick str\u00f6mmen.<\/p>\n<blockquote>\n<p style=\"text-align: right;\"><em>BR\u00c5VALLA FESTIVAL Norrk\u00f6ping<\/em><\/p>\n<p style=\"text-align: right;\">29 juni 2017<br \/>\n<em>Scen: Luna\u2028<\/em><br \/>\n<em><strong>bob hund<\/strong> \u2028<\/em><br \/>\n<em>Indierock<\/em><\/p><\/blockquote>\n<p>&nbsp;<\/p>\n<p><strong>Bob hund \u00f6ppnade upp f\u00f6r torsdagens f\u00f6rsta spelning p\u00e5 Luna tillsammans med Norrk\u00f6pings ungdomsk\u00f6r fr\u00e5n Kulturskolan. <\/strong>S\u00e5ngaren Thomas \u00d6berg h\u00e4lsar publiken godkv\u00e4ll och tillst\u00e5r att h\u00e4r p\u00e5 Br\u00e5valla \u00e4r det st\u00e4ndigt kv\u00e4ll och tackar publiken som kommit hit denna okristliga tid p\u00e5 dygnet.<\/p>\n<p>De startar med en melodi som b\u00e5de g\u00e5r fort och strax \u00e4r \u00f6ver.<\/p>\n<p><strong>D\u00e4rp\u00e5 bjuds den norska g\u00e4startisten Silja Sol in p\u00e5 scenen<\/strong> tillsammans med ungdomsk\u00f6ren som medverkar p\u00e5 m\u00e5nga av l\u00e5tarna och g\u00f6r det med bravur.<\/p>\n<p>Att Norrk\u00f6ping odlar fram musikaliska ungdomar som redan f\u00e5r st\u00e5 p\u00e5 en av Br\u00e5vallas st\u00f6rsta scener ger goda utsikter f\u00f6r stadens tillv\u00e4xt av duktiga musiker.<\/p>\n<p>&nbsp;<\/p>\n<p><em><a title=\"bob hund med g\u00e4startisten Silja Sola\"><img loading=\"lazy\" decoding=\"async\" src=\"https:\/\/farm5.staticflickr.com\/4040\/34786023704_0df663155a.jpg\" alt=\"bob hund med g\u00e4startisten Silja Sola\" width=\"500\" height=\"336\" \/><br \/>\nStr\u00e5lande. Norska g\u00e4startisten Silja Sol, som samarbetat med bob hund tidigare, ingick ocks\u00e5 i bandets flock p\u00e5 scenen Luna.<br \/>\n<\/a><\/em><\/p>\n<p>&nbsp;<\/p>\n<p><strong>Efter bara en liten stund g\u00e5r str\u00f6mmen p\u00e5 Luna och vi i publiken tillsammans med bandet blir nog lika f\u00f6rv\u00e5nade innan de med stil kliver av scenen f\u00f6r en stund. <\/strong>N\u00e4r str\u00f6mmen likv\u00e4l som bob hund \u00e4r tillbaka s\u00e5 konstaterar \u00d6berg att bandet \u00e4r det f\u00f6rsta i festivalens historia som \u00e4r s\u00e5 elektriskt att str\u00f6mmen g\u00e5r till publikens stora f\u00f6rtjusning och jubel.<\/p>\n<p>En bit in i konserten glappar s\u00e5 n\u00e5gra kablar och ljudbilden f\u00f6rsvinner med j\u00e4mna mellanrum och p\u00e5 slutet \u00f6verr\u00f6stas de n\u00e4stan av soundchecken p\u00e5 Panorama som ligger strax intill. Sm\u00e5 miss\u00f6den som kunde ha sabbat hela upplevelsen.<\/p>\n<p>Men bob hunds publik \u00e4r djupt engagerad och h\u00e4ngiven samtidigt som bandet i sig sk\u00f6ter det med bravur, s\u00e5 det g\u00e5r n\u00e4st intill obem\u00e4rkt f\u00f6rbi.<\/p>\n<p><strong>Bob hund \u00e4r ett politiskt band med starka budskap.<\/strong> De vinner publikens och mitt hj\u00e4rta med \u00f6sig indierock som n\u00e4stan v\u00e4lter scenen under ett soligt Br\u00e5valla.<\/p>\n<p><em>\u00a9 Text: Carl Adam Tillberg<\/em><br \/>\n<em> \u2028\u00a9 Foto: Hanna Svensson<\/em><\/p>\n<p>BILDSPEL (FLASH) \u2013 KLICKA P\u00c5 BILDEN <em>\u2028ALT\/MOBIL: SE BILDSPELET <a title=\"Bildspel\" href=\"https:\/\/www.flickr.com\/photos\/kultursidan\/sets\/72157683328218551\/show\/\" target=\"_blank\" rel=\"noopener\">H\u00c4R<\/a><\/em><br \/>\n<object width=\"400\" height=\"300\"><param name=\"flashvars\" value=\"offsite=true&amp;lang=en-us&amp;page_show_url=%2Fphotos%2Fkultursidan%2Fsets%2F72157683328218551%2Fshow%2F&amp;page_show_back_url=%2Fphotos%2Fkultursidan%2Fsets%2F72157683328218551%2F&amp;set_id=72157683328218551&amp;jump_to=\" \/><param name=\"movie\" value=\"https:\/\/www.flickr.com\/apps\/slideshow\/show.swf?v=1811922554\" \/><param name=\"allowFullScreen\" value=\"true\" \/><\/object><\/p>\n<p>L\u00c4NKAR<br \/>\nBob hund <a href=\"https:\/\/www.bobhund.se\" target=\"_blank\" rel=\"noopener\">hemsida<\/a> <a href=\"https:\/\/www.facebook.com\/bobhund\/?fref=ts\" target=\"_blank\" rel=\"noopener\">Facebook<\/a><br \/>\nBr\u00e5valla Festival <a href=\"http:\/\/www.bravallafestival.se\" target=\"_blank\" rel=\"noopener noreferrer\">hemsida<\/a> <a href=\"http:\/\/www.bravallafestival.se\/biljetter.html\" target=\"_blank\" rel=\"noopener noreferrer\">biljetter<\/a>\u00a0 <a href=\"https:\/\/www.facebook.com\/bravallafestivalen\/?fref=ts\" target=\"_blank\" rel=\"noopener noreferrer\">Facebook<\/a>\u00a0 <a href=\"https:\/\/www.facebook.com\/events\/1235720856494135\/\" target=\"_blank\" rel=\"noopener noreferrer\">FB-evenemang<\/a><\/p>\n<p>TORSDAG 29 JUNI<br \/>\nBr\u00e5valla: Adept k\u00f6r h\u00e5rt s\u00e5 det ryker <a href=\"https:\/\/www.kultursidan.nu\/?p=31385\" target=\"_blank\" rel=\"noopener\">recension<\/a> Kultursidan.nu 29\/6 2017<br \/>\nBr\u00e5valla: Gavin James i vemodets dunkel <a href=\"https:\/\/www.kultursidan.nu\/?p=31380\" target=\"_blank\" rel=\"noopener\">recension<\/a> Kultursidan.nu 29\/6 2017<\/p>\n<p>ONSDAG 28 JUNI<br \/>\nBr\u00e5valla: Scooters trista stripklubb <a href=\"https:\/\/www.kultursidan.nu\/?p=31372\" target=\"_blank\" rel=\"noopener\">recension<\/a> Kultursidan.nu 29\/6 2017<br \/>\nBr\u00e5valla: Sabaton i krigets larm och damm <a href=\"https:\/\/www.kultursidan.nu\/?p=31366\" target=\"_blank\" rel=\"noopener\">recension<\/a> Kultursidan.nu 29\/6 2017<br \/>\nBr\u00e5valla: Skindred, Bamse &amp; publiken <a href=\"https:\/\/www.kultursidan.nu\/?p=31355\" target=\"_blank\" rel=\"noopener\">recension<\/a> Kultursidan.nu 29\/6 2017<\/p>\n<p>BR\u00c5VALLA \u2013 INF\u00d6R FESTIVALEN<br \/>\nFemte Br\u00e5vallafestivalen lyfter igen <a href=\"https:\/\/www.kultursidan.nu\/?p=31347\" target=\"_blank\" rel=\"noopener\">reportage<\/a> Kultursidan.nu 28\/6 2017<br \/>\nH\u00e5kan Hellstr\u00f6m Br\u00e5vallas sista headline <a href=\"https:\/\/www.kultursidan.nu\/?p=30488\" target=\"_blank\" rel=\"noopener\">KortNytt<\/a> Kultursidan.nu 23\/4 2017<br \/>\nBamse med v\u00e4nner inleder p\u00e5 Br\u00e5valla <a href=\"https:\/\/www.kultursidan.nu\/?p=29578\" target=\"_blank\" rel=\"noopener\">KortNytt<\/a> Kultursidan.nu 24\/2 2017<br \/>\nLaleh tillbaka till Br\u00e5valla i sommar <a href=\"https:\/\/www.kultursidan.nu\/?p=28971\" target=\"_blank\" rel=\"noopener\">KortNytt<\/a> Kultursidan.nu 25\/1 2016<br \/>\nEllie Goulding till Br\u00e5valla festival <a href=\"https:\/\/www.kultursidan.nu\/?p=28459\" target=\"_blank\" rel=\"noopener\">KortNytt<\/a> Kultursidan.nu 19\/12 2016<br \/>\nBr\u00e5valla festival firar fem med fyra och sex <a href=\"https:\/\/www.kultursidan.nu\/?p=28231\" target=\"_blank\" rel=\"noopener\">artikel<\/a> Kultursidan.nu 5\/12 2016<\/p>\n","protected":false},"excerpt":{"rendered":"<p> NORRK\u00d6PING Ett minne f\u00f6r livet. Bob hund satsade p\u00e5 en stor flock p\u00e5 scenen. Norrk\u00f6pings ungdomsk\u00f6r fr\u00e5n Kulturskolan sj\u00f6ng med och det gjorde ocks\u00e5 norska g\u00e4startisten Silja Sol. Sedan gick str\u00f6mmen. <a class=\"continue-reading-link\" href=\"https:\/\/www.kultursidan.nu\/?p=31403\">L\u00e4s mer <span class=\"meta-nav\">&rarr; <\/span><\/a><\/p>\n","protected":false},"author":1001006,"featured_media":0,"comment_status":"closed","ping_status":"open","sticky":false,"template":"","format":"standard","meta":{"_jetpack_memberships_contains_paid_content":false,"footnotes":""},"categories":[7],"tags":[29,13],"class_list":["post-31403","post","type-post","status-publish","format-standard","hentry","category-norrkoping","tag-festival","tag-musik"],"jetpack_featured_media_url":"","jetpack_sharing_enabled":true,"_links":{"self":[{"href":"https:\/\/www.kultursidan.nu\/index.php?rest_route=\/wp\/v2\/posts\/31403","targetHints":{"allow":["GET"]}}],"collection":[{"href":"https:\/\/www.kultursidan.nu\/index.php?rest_route=\/wp\/v2\/posts"}],"about":[{"href":"https:\/\/www.kultursidan.nu\/index.php?rest_route=\/wp\/v2\/types\/post"}],"author":[{"embeddable":true,"href":"https:\/\/www.kultursidan.nu\/index.php?rest_route=\/wp\/v2\/users\/1001006"}],"replies":[{"embeddable":true,"href":"https:\/\/www.kultursidan.nu\/index.php?rest_route=%2Fwp%2Fv2%2Fcomments&post=31403"}],"version-history":[{"count":7,"href":"https:\/\/www.kultursidan.nu\/index.php?rest_route=\/wp\/v2\/posts\/31403\/revisions"}],"predecessor-version":[{"id":31411,"href":"https:\/\/www.kultursidan.nu\/index.php?rest_route=\/wp\/v2\/posts\/31403\/revisions\/31411"}],"wp:attachment":[{"href":"https:\/\/www.kultursidan.nu\/index.php?rest_route=%2Fwp%2Fv2%2Fmedia&parent=31403"}],"wp:term":[{"taxonomy":"category","embeddable":true,"href":"https:\/\/www.kultursidan.nu\/index.php?rest_route=%2Fwp%2Fv2%2Fcategories&post=31403"},{"taxonomy":"post_tag","embeddable":true,"href":"https:\/\/www.kultursidan.nu\/index.php?rest_route=%2Fwp%2Fv2%2Ftags&post=31403"}],"curies":[{"name":"wp","href":"https:\/\/api.w.org\/{rel}","templated":true}]}}