{"id":31417,"date":"2017-06-30T14:40:34","date_gmt":"2017-06-30T13:40:34","guid":{"rendered":"https:\/\/intelligent-friend-7861.standoutwp.com\/?p=31417"},"modified":"2017-06-30T14:48:36","modified_gmt":"2017-06-30T13:48:36","slug":"31417","status":"publish","type":"post","link":"https:\/\/www.kultursidan.nu\/?p=31417","title":{"rendered":"Br\u00e5valla: Johan Hurtig st\u00e5r upp j\u00e4mlikt  (recension)"},"content":{"rendered":"<p><img loading=\"lazy\" decoding=\"async\" class=\"alignnone size-medium wp-image-31419\" src=\"https:\/\/www.kultursidan.nu\/wp-content\/uploads\/2017\/06\/johan-hurtig-567x396.jpg\" alt=\"\" width=\"567\" height=\"396\" srcset=\"https:\/\/www.kultursidan.nu\/wp-content\/uploads\/2017\/06\/johan-hurtig-567x396.jpg 567w, https:\/\/www.kultursidan.nu\/wp-content\/uploads\/2017\/06\/johan-hurtig-768x536.jpg 768w, https:\/\/www.kultursidan.nu\/wp-content\/uploads\/2017\/06\/johan-hurtig-1024x715.jpg 1024w, https:\/\/www.kultursidan.nu\/wp-content\/uploads\/2017\/06\/johan-hurtig-477x333.jpg 477w, https:\/\/www.kultursidan.nu\/wp-content\/uploads\/2017\/06\/johan-hurtig-150x105.jpg 150w, https:\/\/www.kultursidan.nu\/wp-content\/uploads\/2017\/06\/johan-hurtig.jpg 1280w\" sizes=\"auto, (max-width: 567px) 100vw, 567px\" \/><br \/>\n<em>Stand up. Humorscenen \u00e4r en viktig del av Br\u00e5valla musikfestival. Johan Hurtig har g\u00e4stat Norrk\u00f6ping f\u00f6rr. Nu kom han tillbaka.<\/em><\/p>\n<p>&nbsp;<\/p>\n<h1><span style=\"color: #ff0000;\">Nostalgisk humorakt tillbaka till altanen<\/span><\/h1>\n<p>&nbsp;<\/p>\n<p>RECENSION\/NORRK\u00d6PING <strong>Stilren och lite skrikig.<\/strong> St\u00e5 uppkomikern Johan Hurtig har ett viktigt budskap om sexualitet och j\u00e4mlikhet. Dessutom minns han barndomens iPad, platsen d\u00e4r allt h\u00e4nde, fast p\u00e5 riktigt.<\/p>\n<blockquote>\n<h3 style=\"text-align: right;\"><em>BR\u00c5VALLA FESTIVAL Norrk\u00f6ping<\/em><\/h3>\n<p style=\"text-align: right;\">29 juni 2017 \u2028<em><br \/>\nScen: Norrk\u00f6ping Lounge<br \/>\n<strong>Johan Hurtig<\/strong><br \/>\nStandup<\/em><\/p><\/blockquote>\n<p>&nbsp;<\/p>\n<p><strong>Johan Hurtig \u00e4r ett relativt ok\u00e4nt namn f\u00f6r mig, men ocks\u00e5 en st\u00e5uppkomiker som \u00f6verraskar.<\/strong> Han \u00e4r stilren och lite skrikig, men har ocks\u00e5 ett viktigt budskap om sexualitet och j\u00e4mlikhet bakom de l\u00e4ttsamma utropen.<\/p>\n<p>Han \u00e4r n\u00e4stan direkt of\u00f6rsk\u00e4md mot vissa i publiken, men kommer undan med det, kanske tack vare hans enligt egen utsago oskyldiga och lite mesiga yttre.<\/p>\n<p><strong>Det \u00e4r en nostalgisk akt tillbaka till altanen som var \u00e5ttiotalets ipad (allt h\u00e4nde d\u00e4r).<\/strong> Och p\u00e5minner om de eviga filmatiserade barndomsminnena som ska dras upp lagom till den viktigaste dagen i ens liv \u2013 br\u00f6llopsdagen.<\/p>\n<p>Hurtig \u00e4r inte en st\u00e5uppkomiker i v\u00e4rldsklass, men det \u00e4r f\u00e5 svenska som \u00e4r \u00e5 andra sidan. Dock s\u00e5 ser jag en enorm potential och ocks\u00e5 en viktig s\u00e5dan med budskapet han vill f\u00f6rmedla.<\/p>\n<p><em>\u00a9 Text: Carl Adam Tillberg\u2028<\/em><br \/>\n<em>\u00a9 Foto: Hanna Svensson<\/em><\/p>\n<p>L\u00c4NKAR<br \/>\nJohan Hurtig <a href=\"https:\/\/www.facebook.com\/denjohanhurtig?fref=ts\" target=\"_blank\" rel=\"noopener\">Facebook<\/a> <a href=\"https:\/\/twitter.com\/.denjohanhurtig\" target=\"_blank\" rel=\"noopener\">twitter <\/a><br \/>\nBr\u00e5valla Festival <a href=\"http:\/\/www.bravallafestival.se\" target=\"_blank\" rel=\"noopener noreferrer\">hemsida<\/a> <a href=\"http:\/\/www.bravallafestival.se\/biljetter.html\" target=\"_blank\" rel=\"noopener noreferrer\">biljetter<\/a>\u00a0 <a href=\"https:\/\/www.facebook.com\/bravallafestivalen\/?fref=ts\" target=\"_blank\" rel=\"noopener noreferrer\">Facebook<\/a>\u00a0 <a href=\"https:\/\/www.facebook.com\/events\/1235720856494135\/\" target=\"_blank\" rel=\"noopener noreferrer\">FB-evenemang<\/a><\/p>\n<p>TORSDAG 29 JUNI<br \/>\nBr\u00e5valla: Finst\u00e4md magi med Ane Brun <a href=\"https:\/\/www.kultursidan.nu\/?p=31412\" target=\"_blank\" rel=\"noopener\">recension<\/a> Kultursidan.nu 30\/6 2017<br \/>\nBr\u00e5valla: Norrk\u00f6pingsk\u00f6rens bob hund <a href=\"https:\/\/www.kultursidan.nu\/?p=31403\" target=\"_blank\" rel=\"noopener\">recension<\/a> Kultursidan.nu 30\/6 2017<br \/>\nBr\u00e5valla: Adept k\u00f6r h\u00e5rt s\u00e5 det ryker <a href=\"https:\/\/www.kultursidan.nu\/?p=31385\" target=\"_blank\" rel=\"noopener\">recension<\/a> Kultursidan.nu 29\/6 2017<br \/>\nBr\u00e5valla: Gavin James i vemodets dunkel <a href=\"https:\/\/www.kultursidan.nu\/?p=31380\" target=\"_blank\" rel=\"noopener\">recension<\/a> Kultursidan.nu 29\/6 2017<\/p>\n<p>ONSDAG 28 JUNI<br \/>\nBr\u00e5valla: Scooters trista stripklubb <a href=\"https:\/\/www.kultursidan.nu\/?p=31372\" target=\"_blank\" rel=\"noopener\">recension<\/a> Kultursidan.nu 29\/6 2017<br \/>\nBr\u00e5valla: Sabaton i krigets larm och damm <a href=\"https:\/\/www.kultursidan.nu\/?p=31366\" target=\"_blank\" rel=\"noopener\">recension<\/a> Kultursidan.nu 29\/6 2017<br \/>\nBr\u00e5valla: Skindred, Bamse &amp; publiken <a href=\"https:\/\/www.kultursidan.nu\/?p=31355\" target=\"_blank\" rel=\"noopener\">recension<\/a> Kultursidan.nu 29\/6 2017<\/p>\n<p>BR\u00c5VALLA \u2013 INF\u00d6R FESTIVALEN<br \/>\nFemte Br\u00e5vallafestivalen lyfter igen <a href=\"https:\/\/www.kultursidan.nu\/?p=31347\" target=\"_blank\" rel=\"noopener\">reportage<\/a> Kultursidan.nu 28\/6 2017<br \/>\nH\u00e5kan Hellstr\u00f6m Br\u00e5vallas sista headline <a href=\"https:\/\/www.kultursidan.nu\/?p=30488\" target=\"_blank\" rel=\"noopener\">KortNytt<\/a> Kultursidan.nu 23\/4 2017<br \/>\nBamse med v\u00e4nner inleder p\u00e5 Br\u00e5valla <a href=\"https:\/\/www.kultursidan.nu\/?p=29578\" target=\"_blank\" rel=\"noopener\">KortNytt<\/a> Kultursidan.nu 24\/2 2017<br \/>\nLaleh tillbaka till Br\u00e5valla i sommar <a href=\"https:\/\/www.kultursidan.nu\/?p=28971\" target=\"_blank\" rel=\"noopener\">KortNytt<\/a> Kultursidan.nu 25\/1 2016<br \/>\nEllie Goulding till Br\u00e5valla festival <a href=\"https:\/\/www.kultursidan.nu\/?p=28459\" target=\"_blank\" rel=\"noopener\">KortNytt<\/a> Kultursidan.nu 19\/12 2016<br \/>\nBr\u00e5valla festival firar fem med fyra och sex <a href=\"https:\/\/www.kultursidan.nu\/?p=28231\" target=\"_blank\" rel=\"noopener\">artikel<\/a> Kultursidan.nu 5\/12 2016<\/p>\n","protected":false},"excerpt":{"rendered":"<p> NORRK\u00d6PING Stilren och lite skrikig. St\u00e5 uppkomikern Johan Hurtig har ett viktigt budskap om sexualitet och j\u00e4mlikhet. Dessutom minns han barndomens iPad, platsen d\u00e4r allt h\u00e4nde, fast p\u00e5 riktigt. <a class=\"continue-reading-link\" href=\"https:\/\/www.kultursidan.nu\/?p=31417\">L\u00e4s mer <span class=\"meta-nav\">&rarr; <\/span><\/a><\/p>\n","protected":false},"author":1001006,"featured_media":0,"comment_status":"closed","ping_status":"open","sticky":false,"template":"","format":"standard","meta":{"_jetpack_memberships_contains_paid_content":false,"footnotes":""},"categories":[7],"tags":[29,12,19],"class_list":["post-31417","post","type-post","status-publish","format-standard","hentry","category-norrkoping","tag-festival","tag-teater","tag-standup"],"jetpack_featured_media_url":"","jetpack_sharing_enabled":true,"_links":{"self":[{"href":"https:\/\/www.kultursidan.nu\/index.php?rest_route=\/wp\/v2\/posts\/31417","targetHints":{"allow":["GET"]}}],"collection":[{"href":"https:\/\/www.kultursidan.nu\/index.php?rest_route=\/wp\/v2\/posts"}],"about":[{"href":"https:\/\/www.kultursidan.nu\/index.php?rest_route=\/wp\/v2\/types\/post"}],"author":[{"embeddable":true,"href":"https:\/\/www.kultursidan.nu\/index.php?rest_route=\/wp\/v2\/users\/1001006"}],"replies":[{"embeddable":true,"href":"https:\/\/www.kultursidan.nu\/index.php?rest_route=%2Fwp%2Fv2%2Fcomments&post=31417"}],"version-history":[{"count":3,"href":"https:\/\/www.kultursidan.nu\/index.php?rest_route=\/wp\/v2\/posts\/31417\/revisions"}],"predecessor-version":[{"id":31421,"href":"https:\/\/www.kultursidan.nu\/index.php?rest_route=\/wp\/v2\/posts\/31417\/revisions\/31421"}],"wp:attachment":[{"href":"https:\/\/www.kultursidan.nu\/index.php?rest_route=%2Fwp%2Fv2%2Fmedia&parent=31417"}],"wp:term":[{"taxonomy":"category","embeddable":true,"href":"https:\/\/www.kultursidan.nu\/index.php?rest_route=%2Fwp%2Fv2%2Fcategories&post=31417"},{"taxonomy":"post_tag","embeddable":true,"href":"https:\/\/www.kultursidan.nu\/index.php?rest_route=%2Fwp%2Fv2%2Ftags&post=31417"}],"curies":[{"name":"wp","href":"https:\/\/api.w.org\/{rel}","templated":true}]}}