{"id":31427,"date":"2017-06-30T17:01:25","date_gmt":"2017-06-30T16:01:25","guid":{"rendered":"https:\/\/intelligent-friend-7861.standoutwp.com\/?p=31427"},"modified":"2017-06-30T21:03:41","modified_gmt":"2017-06-30T20:03:41","slug":"bravalla-lps-starka-glod-varmer-publiken-recension","status":"publish","type":"post","link":"https:\/\/www.kultursidan.nu\/?p=31427","title":{"rendered":"Br\u00e5valla: LPs starka gl\u00f6d v\u00e4rmer publiken (recension)"},"content":{"rendered":"<p><img loading=\"lazy\" decoding=\"async\" class=\"alignnone size-medium wp-image-31428\" src=\"https:\/\/www.kultursidan.nu\/wp-content\/uploads\/2017\/06\/lp45-567x387.jpg\" alt=\"\" width=\"567\" height=\"387\" srcset=\"https:\/\/www.kultursidan.nu\/wp-content\/uploads\/2017\/06\/lp45-567x387.jpg 567w, https:\/\/www.kultursidan.nu\/wp-content\/uploads\/2017\/06\/lp45-768x524.jpg 768w, https:\/\/www.kultursidan.nu\/wp-content\/uploads\/2017\/06\/lp45-1024x698.jpg 1024w, https:\/\/www.kultursidan.nu\/wp-content\/uploads\/2017\/06\/lp45-488x333.jpg 488w, https:\/\/www.kultursidan.nu\/wp-content\/uploads\/2017\/06\/lp45-150x102.jpg 150w, https:\/\/www.kultursidan.nu\/wp-content\/uploads\/2017\/06\/lp45.jpg 1280w\" sizes=\"auto, (max-width: 567px) 100vw, 567px\" \/><br \/>\n<em>Gl\u00f6dande. LP, Laura Pergolizzi, g\u00f6mmer sig under ett rikligt h\u00e5rburr, p\u00e5 Junoscenen b\u00e4r hon keps. Men r\u00f6sten \u00e4r stark och h\u00f6g och publikkontakten varm.<\/em><\/p>\n<p>&nbsp;<\/p>\n<h1><span style=\"color: #ff0000;\">Det ligger en k\u00e4nsla av mystik i luften<\/span><\/h1>\n<p>&nbsp;<\/p>\n<p>RECENSION\/NORRK\u00d6PING <strong>\u201dNorrk\u00f6ping\u201d. Det \u00e4r inte l\u00e4tt att uttala men LP:s f\u00f6rs\u00f6k plockar hem publikpo\u00e4ng.<\/strong> Den framg\u00e5ngsrika l\u00e5tskrivaren sjunger med unik gl\u00f6d i r\u00f6sten. En frisk fl\u00e4kt p\u00e5 Br\u00e5valla.<\/p>\n<blockquote>\n<p style=\"text-align: right;\"><em>BR\u00c5VALLA FESTIVAL Norrk\u00f6ping<\/em><\/p>\n<p style=\"text-align: right;\">29 juni 2017<em><br \/>\nScen: Juno<br \/>\n<strong>\u2028LP<\/strong><br \/>\npop\/rock<\/em><\/p><\/blockquote>\n<p>&nbsp;<\/p>\n<p><strong>LP, Laura Pergolizzi, en artist som har en mycket originell framtoning.<\/strong> Efter att ha l\u00e4st om henne i Br\u00e5valla-appen v\u00e4cktes min nyfikenhet direkt. Hon har sl\u00e4ppt fyra stycken soloalbum och haft framg\u00e5ngar som l\u00e5tskrivare till en m\u00e4ngd k\u00e4nda artister som Cher, Rhianna och Christina Aguilera. F\u00f6dd 1981 i Brooklyn och hennes attityd k\u00e4nns typiskt New Yorkisk.<\/p>\n<p>Jag kan inte undg\u00e5 att notera att hon \u00e4r skr\u00e4mmande mager och g\u00f6mmer sig under ett rikligt h\u00e5rburr. Just ikv\u00e4ll har hon ocks\u00e5 p\u00e5 sig en keps som p\u00e5minner lite om den John Lennon s\u00e5gs b\u00e4ra under mitten av sextiotalet.<\/p>\n<p>&nbsp;<\/p>\n<p><a title=\"LP\" href=\"https:\/\/www.flickr.com\/photos\/kultursidan\/35631062925\/in\/album-72157682898755103\/\"><img loading=\"lazy\" decoding=\"async\" src=\"https:\/\/farm5.staticflickr.com\/4032\/35631062925_2d810cf484.jpg\" alt=\"LP\" width=\"500\" height=\"375\" \/><\/a><br \/>\n<em> Varm st\u00e4mning i Junot\u00e4ltet. Men varf\u00f6r f\u00f6rinspelade musikbakgrunder ut\u00f6ver bandets instrument?<\/em><\/p>\n<p>&nbsp;<\/p>\n<p><strong>Konserten b\u00f6rjar med en djup ton som ligger som en bordunst\u00e4mma till de n\u00e4stan rituella toner hon framkallar med sin r\u00f6st.<\/strong> Jag t\u00e4nker p\u00e5 indianer. Hon sl\u00e5r enstaka kraftfulla slag p\u00e5 tamburinen och tar ett och annat danssteg. Det ligger en k\u00e4nsla av mystik i luften.<\/p>\n<p>N\u00e4r s\u00e5 \u00f6ppningsl\u00e5ten rullar ig\u00e5ng h\u00f6r jag flera instrument som dessv\u00e4rre inte finns p\u00e5 scenen. Det \u00e4r tydligen s\u00e5 man g\u00f6r idag. Anv\u00e4nder f\u00f6rinspelade musikbakgrunder. Jag vet inte om det \u00e4r n\u00e5got publiken kr\u00e4ver. Att det ska l\u00e5ta som p\u00e5 skivorna. Personligen \u00e4r jag motst\u00e5ndare till att man g\u00f6r s\u00e5. Det finns f\u00e5 undantag d\u00e4r det \u00e4r befogat, men d\u00e5 ska det ocks\u00e5 tydligt visas.<\/p>\n<p><strong>Tillbaka till LP.<\/strong> Hon sjunger med en unik gl\u00f6d i r\u00f6sten. Hennes styrka \u00e4r att sl\u00e4ppa p\u00e5 f\u00f6r fullt och sjunga slingor best\u00e5ende av enbart vokaler. Det f\u00f6rekommer n\u00e4stan i varje l\u00e5t. Hon sjunger otroligt starkt och lyckas med att n\u00e5 upp till riktigt h\u00f6ga toner.<\/p>\n<p>Det syns att publiken gillar det de h\u00f6r. Kommentarerna runt d\u00e4r jag st\u00e5r \u00e4r enbart positiva. Jag ser flera som sjunger med i texterna och jag f\u00f6rst\u00e5r att LP har varit mer framg\u00e5ngsrik i Sverige \u00e4n jag trodde. F\u00f6r mig var hon en ny bekantskap.<\/p>\n<p>&nbsp;<\/p>\n<p><a title=\"LP\" href=\"https:\/\/www.flickr.com\/photos\/kultursidan\/34790040814\/in\/album-72157682898755103\/\"><img loading=\"lazy\" decoding=\"async\" src=\"https:\/\/farm5.staticflickr.com\/4104\/34790040814_cde0da2182.jpg\" alt=\"LP\" width=\"500\" height=\"328\" \/><\/a><br \/>\n<em>Gitarr. Dessutom spelar LP ukulele och munspel. Mest sjunger hon.<br \/>\n<\/em><\/p>\n<p>&nbsp;<\/p>\n<p><strong>Hon charmar publiken lite extra genom att f\u00f6rs\u00f6ka uttala &#8221;NORRK\u00d6PING&#8221;.<\/strong> Hon lyckas till slut, med hj\u00e4lp av oss i publiken f\u00e5 till tj-ljudet. Det lockar till skratt och st\u00e4mningen i t\u00e4ltet, d\u00e4r \u00e5rets Juno ligger, k\u00e4nns genast varmare. LP spelar ukulele till flera av l\u00e5tarna men visar ocks\u00e5 prov p\u00e5 sina kunskaper p\u00e5 s\u00e5v\u00e4l munspel som akustisk gitarr.<\/p>\n<p>Hennes band f\u00f6r kv\u00e4llen best\u00e5r av trummor, bas och gitarr, men det l\u00e4t som sagt som om betydligt fler befann sig p\u00e5 scenen.<\/p>\n<p><strong>Laura Pergolizzi \u00e4r en frisk fl\u00e4kt i genren singer &amp; songwriter<\/strong> och jag k\u00e4nner att jag vill lyssna mer p\u00e5 henne n\u00e4r jag kommer hem.<\/p>\n<p><em>\u00a9 Text: Bj\u00f6rn Eriksson<\/em><br \/>\n<em>\u2028\u00a9 Foto: Hanna Svensson och Michael Strandhed<\/em><\/p>\n<p>BILDSPEL (FLASH) \u2013 KLICKA P\u00c5 BILDEN <em>\u2028ALT\/MOBIL: SE BILDSPELET <a title=\"Bildspel\" href=\"https:\/\/www.flickr.com\/photos\/kultursidan\/sets\/72157682898755103\/show\/\" target=\"_blank\" rel=\"noopener\">H\u00c4R<\/a><\/em><br \/>\n<object width=\"400\" height=\"300\"><param name=\"flashvars\" value=\"offsite=true&amp;lang=en-us&amp;page_show_url=%2Fphotos%2Fkultursidan%2Fsets%2F72157682898755103%2Fshow%2F&amp;page_show_back_url=%2Fphotos%2Fkultursidan%2Fsets%2F72157682898755103%2F&amp;set_id=72157682898755103&amp;jump_to=\" \/><param name=\"movie\" value=\"https:\/\/www.flickr.com\/apps\/slideshow\/show.swf?v=1811922554\" \/><param name=\"allowFullScreen\" value=\"true\" \/><\/object><\/p>\n<p>L\u00c4NKAR<br \/>\nLP <a href=\"http:\/\/www.iamlp.com\" target=\"_blank\" rel=\"noopener\">hemsida<\/a> <a href=\"https:\/\/www.facebook.com\/iamLP\" target=\"_blank\" rel=\"noopener\">Facebook<\/a><br \/>\nBr\u00e5valla Festival <a href=\"http:\/\/www.bravallafestival.se\" target=\"_blank\" rel=\"noopener noreferrer\">hemsida<\/a> <a href=\"http:\/\/www.bravallafestival.se\/biljetter.html\" target=\"_blank\" rel=\"noopener noreferrer\">biljetter<\/a>\u00a0 <a href=\"https:\/\/www.facebook.com\/bravallafestivalen\/?fref=ts\" target=\"_blank\" rel=\"noopener noreferrer\">Facebook<\/a>\u00a0 <a href=\"https:\/\/www.facebook.com\/events\/1235720856494135\/\" target=\"_blank\" rel=\"noopener noreferrer\">FB-evenemang<\/a><\/p>\n<p>TORSDAG 29 JUNI<br \/>\nBr\u00e5valla: Johan Hurtig st\u00e5r upp j\u00e4mlikt <a href=\"https:\/\/www.kultursidan.nu\/?p=31417\" target=\"_blank\" rel=\"noopener\">recension<\/a> Kultursidan.nu 30\/6 2017<br \/>\nBr\u00e5valla: Finst\u00e4md magi med Ane Brun <a href=\"https:\/\/www.kultursidan.nu\/?p=31412\" target=\"_blank\" rel=\"noopener\">recension<\/a> Kultursidan.nu 30\/6 2017<br \/>\nBr\u00e5valla: Norrk\u00f6pingsk\u00f6rens bob hund <a href=\"https:\/\/www.kultursidan.nu\/?p=31403\" target=\"_blank\" rel=\"noopener\">recension<\/a> Kultursidan.nu 30\/6 2017<br \/>\nBr\u00e5valla: Adept k\u00f6r h\u00e5rt s\u00e5 det ryker <a href=\"https:\/\/www.kultursidan.nu\/?p=31385\" target=\"_blank\" rel=\"noopener\">recension<\/a> Kultursidan.nu 29\/6 2017<br \/>\nBr\u00e5valla: Gavin James i vemodets dunkel <a href=\"https:\/\/www.kultursidan.nu\/?p=31380\" target=\"_blank\" rel=\"noopener\">recension<\/a> Kultursidan.nu 29\/6 2017<\/p>\n<p>ONSDAG 28 JUNI<br \/>\nBr\u00e5valla: Scooters trista stripklubb <a href=\"https:\/\/www.kultursidan.nu\/?p=31372\" target=\"_blank\" rel=\"noopener\">recension<\/a> Kultursidan.nu 29\/6 2017<br \/>\nBr\u00e5valla: Sabaton i krigets larm och damm <a href=\"https:\/\/www.kultursidan.nu\/?p=31366\" target=\"_blank\" rel=\"noopener\">recension<\/a> Kultursidan.nu 29\/6 2017<br \/>\nBr\u00e5valla: Skindred, Bamse &amp; publiken <a href=\"https:\/\/www.kultursidan.nu\/?p=31355\" target=\"_blank\" rel=\"noopener\">recension<\/a> Kultursidan.nu 29\/6 2017<\/p>\n<p>BR\u00c5VALLA \u2013 INF\u00d6R FESTIVALEN<br \/>\nFemte Br\u00e5vallafestivalen lyfter igen <a href=\"https:\/\/www.kultursidan.nu\/?p=31347\" target=\"_blank\" rel=\"noopener\">reportage<\/a> Kultursidan.nu 28\/6 2017<br \/>\nH\u00e5kan Hellstr\u00f6m Br\u00e5vallas sista headline <a href=\"https:\/\/www.kultursidan.nu\/?p=30488\" target=\"_blank\" rel=\"noopener\">KortNytt<\/a> Kultursidan.nu 23\/4 2017<br \/>\nBamse med v\u00e4nner inleder p\u00e5 Br\u00e5valla <a href=\"https:\/\/www.kultursidan.nu\/?p=29578\" target=\"_blank\" rel=\"noopener\">KortNytt<\/a> Kultursidan.nu 24\/2 2017<br \/>\nLaleh tillbaka till Br\u00e5valla i sommar <a href=\"https:\/\/www.kultursidan.nu\/?p=28971\" target=\"_blank\" rel=\"noopener\">KortNytt<\/a> Kultursidan.nu 25\/1 2016<br \/>\nEllie Goulding till Br\u00e5valla festival <a href=\"https:\/\/www.kultursidan.nu\/?p=28459\" target=\"_blank\" rel=\"noopener\">KortNytt<\/a> Kultursidan.nu 19\/12 2016<br \/>\nBr\u00e5valla festival firar fem med fyra och sex <a href=\"https:\/\/www.kultursidan.nu\/?p=28231\" target=\"_blank\" rel=\"noopener\">artikel<\/a> Kultursidan.nu 5\/12 2016<\/p>\n","protected":false},"excerpt":{"rendered":"<p> NORRK\u00d6PING \u201dNorrk\u00f6ping\u201d. Det \u00e4r inte l\u00e4tt att uttala men LP:s f\u00f6rs\u00f6k plockar hem publikpo\u00e4ng. Den framg\u00e5ngsrika l\u00e5tskrivaren sjunger med unik gl\u00f6d i r\u00f6sten. En frisk fl\u00e4kt p\u00e5 Br\u00e5valla. <a class=\"continue-reading-link\" href=\"https:\/\/www.kultursidan.nu\/?p=31427\">L\u00e4s mer <span class=\"meta-nav\">&rarr; <\/span><\/a><\/p>\n","protected":false},"author":1001006,"featured_media":0,"comment_status":"closed","ping_status":"open","sticky":false,"template":"","format":"standard","meta":{"_jetpack_memberships_contains_paid_content":false,"footnotes":""},"categories":[7],"tags":[29,13],"class_list":["post-31427","post","type-post","status-publish","format-standard","hentry","category-norrkoping","tag-festival","tag-musik"],"jetpack_featured_media_url":"","jetpack_sharing_enabled":true,"_links":{"self":[{"href":"https:\/\/www.kultursidan.nu\/index.php?rest_route=\/wp\/v2\/posts\/31427","targetHints":{"allow":["GET"]}}],"collection":[{"href":"https:\/\/www.kultursidan.nu\/index.php?rest_route=\/wp\/v2\/posts"}],"about":[{"href":"https:\/\/www.kultursidan.nu\/index.php?rest_route=\/wp\/v2\/types\/post"}],"author":[{"embeddable":true,"href":"https:\/\/www.kultursidan.nu\/index.php?rest_route=\/wp\/v2\/users\/1001006"}],"replies":[{"embeddable":true,"href":"https:\/\/www.kultursidan.nu\/index.php?rest_route=%2Fwp%2Fv2%2Fcomments&post=31427"}],"version-history":[{"count":3,"href":"https:\/\/www.kultursidan.nu\/index.php?rest_route=\/wp\/v2\/posts\/31427\/revisions"}],"predecessor-version":[{"id":31432,"href":"https:\/\/www.kultursidan.nu\/index.php?rest_route=\/wp\/v2\/posts\/31427\/revisions\/31432"}],"wp:attachment":[{"href":"https:\/\/www.kultursidan.nu\/index.php?rest_route=%2Fwp%2Fv2%2Fmedia&parent=31427"}],"wp:term":[{"taxonomy":"category","embeddable":true,"href":"https:\/\/www.kultursidan.nu\/index.php?rest_route=%2Fwp%2Fv2%2Fcategories&post=31427"},{"taxonomy":"post_tag","embeddable":true,"href":"https:\/\/www.kultursidan.nu\/index.php?rest_route=%2Fwp%2Fv2%2Ftags&post=31427"}],"curies":[{"name":"wp","href":"https:\/\/api.w.org\/{rel}","templated":true}]}}