{"id":31439,"date":"2017-07-01T10:38:21","date_gmt":"2017-07-01T09:38:21","guid":{"rendered":"https:\/\/intelligent-friend-7861.standoutwp.com\/?p=31439"},"modified":"2017-07-01T10:38:21","modified_gmt":"2017-07-01T09:38:21","slug":"bravalla-ozz-nujen-gar-ater-rakt-pa-sak-recension","status":"publish","type":"post","link":"https:\/\/www.kultursidan.nu\/?p=31439","title":{"rendered":"Br\u00e5valla: \u00d6zz N\u00fbjen g\u00e5r \u00e5ter rakt p\u00e5 sak (recension)"},"content":{"rendered":"<p><img loading=\"lazy\" decoding=\"async\" class=\"alignnone size-medium wp-image-31440\" src=\"https:\/\/www.kultursidan.nu\/wp-content\/uploads\/2017\/07\/oz-567x396.jpg\" alt=\"\" width=\"567\" height=\"396\" srcset=\"https:\/\/www.kultursidan.nu\/wp-content\/uploads\/2017\/07\/oz-567x396.jpg 567w, https:\/\/www.kultursidan.nu\/wp-content\/uploads\/2017\/07\/oz-768x536.jpg 768w, https:\/\/www.kultursidan.nu\/wp-content\/uploads\/2017\/07\/oz-1024x715.jpg 1024w, https:\/\/www.kultursidan.nu\/wp-content\/uploads\/2017\/07\/oz-477x333.jpg 477w, https:\/\/www.kultursidan.nu\/wp-content\/uploads\/2017\/07\/oz-150x105.jpg 150w, https:\/\/www.kultursidan.nu\/wp-content\/uploads\/2017\/07\/oz.jpg 1280w\" sizes=\"auto, (max-width: 567px) 100vw, 567px\" \/><br \/>\n<em>Big mac \u00e4r inte helt fel. Rutinerade st\u00e5uppkomikern \u00d6zz N\u00fbjen talade b\u00e5de om politik och om det absurda svenska spr\u00e5ket n\u00e4r han g\u00e4stade Br\u00e5valla. <\/em><\/p>\n<p>&nbsp;<\/p>\n<h1><span style=\"color: #ff0000;\">Benar ut det absurda svenska spr\u00e5ket<\/span><\/h1>\n<p>&nbsp;<\/p>\n<p>RECENSION\/NORRK\u00d6PING <strong>Som en Big mac, du vet vad du f\u00e5r.<\/strong> Den som kan sin \u00d6zz N\u00fbjen k\u00e4nde igen sig. Mycket av materialet kom fr\u00e5n hans show <em>Statsminister<\/em>. Komikern talar b\u00e5de politik och svenska.<\/p>\n<blockquote>\n<p style=\"text-align: right;\"><em>BR\u00c5VALLA FESTIVAL Norrk\u00f6ping<\/em><\/p>\n<p style=\"text-align: right; padding-left: 30px;\"><em><strong>29 juni 2017 \u2028<\/strong><br \/>\nScen: Norrk\u00f6ping Lounge<br \/>\n<strong>\u00d6zz N\u00fbjen \u2028<\/strong><br \/>\nStandup<\/em><\/p><\/blockquote>\n<p>&nbsp;<\/p>\n<p><strong>\u00d6zz \u00e4r som vanligt v\u00e4ldigt politisk och rak i sin akt p\u00e5 Br\u00e5valla.<\/strong> Det \u00e4r mycket gammalt material fr\u00e5n till exempel hans show <em>Statsminister<\/em> och jag kan dessv\u00e4rre inte sk\u00f6nja n\u00e5got nytt.<\/p>\n<p>Han \u00e4r en rutinerad komiker som jag uppskattar mycket, men att reprisera st\u00f6rre delen av materialet k\u00e4nns inte helt schysst.<\/p>\n<p><strong>Det \u00e4r mycket sk\u00e4mt om svenska ordspr\u00e5k och invandringspolitik.<\/strong> Eller f\u00f6r den delen samh\u00e4llet i stort j\u00e4mte ett och annat kurdsk\u00e4mt och \u00e5terigen en gliring till turkarna.<\/p>\n<p>N\u00e5got \u00d6zz bem\u00e4strar bra \u00e4r just det \u201dsvenska\u201d och att bena ut det svenska spr\u00e5ket till dess allra absurdaste roligheter.<\/p>\n<p><strong>Att g\u00e5 och se \u00d6zz N\u00fbjen p\u00e5 Br\u00e5valla<\/strong> ger s\u00e5ledes inget Kinder\u00e4gg med n\u00e5gon \u00f6verraskning, utan samma Big mac som jag f\u00e5tt tidigare.<\/p>\n<p><em>\u00a9 Text: Carl Adam Tillberg<\/em><br \/>\n<em>\u2028\u00a9 Foto: Hanna Svensson<\/em><\/p>\n<p>L\u00c4NKAR<br \/>\n\u00d6zz N\u00fbjen <a href=\"http:\/\/\u00f6zz.nu\" target=\"_blank\" rel=\"noopener\">hemsida<\/a> <a href=\"http:\/\/www.nujen.nu\" target=\"_blank\" rel=\"noopener\">artistinfo<\/a> <a href=\"https:\/\/twitter.com\/ozznujen\" target=\"_blank\" rel=\"noopener\">twitter<\/a><br \/>\nBr\u00e5valla Festival <a href=\"http:\/\/www.bravallafestival.se\" target=\"_blank\" rel=\"noopener noreferrer\">hemsida<\/a> <a href=\"http:\/\/www.bravallafestival.se\/biljetter.html\" target=\"_blank\" rel=\"noopener noreferrer\">biljetter<\/a>\u00a0 <a href=\"https:\/\/www.facebook.com\/bravallafestivalen\/?fref=ts\" target=\"_blank\" rel=\"noopener noreferrer\">Facebook<\/a>\u00a0 <a href=\"https:\/\/www.facebook.com\/events\/1235720856494135\/\" target=\"_blank\" rel=\"noopener noreferrer\">FB-evenemang<\/a><\/p>\n<p>TORSDAG 29 JUNI<br \/>\nBr\u00e5valla: Hiten lyfte vemodets Passenger <a href=\"https:\/\/www.kultursidan.nu\/?p=31431\" target=\"_blank\" rel=\"noopener\">recension<\/a> Kultursidan.nu 30\/6 2017<br \/>\nBr\u00e5valla: LP:s starka gl\u00f6d v\u00e4rmer publiken <a href=\"https:\/\/www.kultursidan.nu\/?p=31427\" target=\"_blank\" rel=\"noopener\">recension<\/a> Kultursidan.nu 30\/6 2017<br \/>\nBr\u00e5valla: Johan Hurtig st\u00e5r upp j\u00e4mlikt <a href=\"https:\/\/www.kultursidan.nu\/?p=31417\" target=\"_blank\" rel=\"noopener\">recension<\/a> Kultursidan.nu 30\/6 2017<br \/>\nBr\u00e5valla: Finst\u00e4md magi med Ane Brun <a href=\"https:\/\/www.kultursidan.nu\/?p=31412\" target=\"_blank\" rel=\"noopener\">recension<\/a> Kultursidan.nu 30\/6 2017<br \/>\nBr\u00e5valla: Norrk\u00f6pingsk\u00f6rens bob hund <a href=\"https:\/\/www.kultursidan.nu\/?p=31403\" target=\"_blank\" rel=\"noopener\">recension<\/a> Kultursidan.nu 30\/6 2017<br \/>\nBr\u00e5valla: Adept k\u00f6r h\u00e5rt s\u00e5 det ryker <a href=\"https:\/\/www.kultursidan.nu\/?p=31385\" target=\"_blank\" rel=\"noopener\">recension<\/a> Kultursidan.nu 29\/6 2017<br \/>\nBr\u00e5valla: Gavin James i vemodets dunkel <a href=\"https:\/\/www.kultursidan.nu\/?p=31380\" target=\"_blank\" rel=\"noopener\">recension<\/a> Kultursidan.nu 29\/6 2017<\/p>\n<p>ONSDAG 28 JUNI<br \/>\nBr\u00e5valla: Scooters trista stripklubb <a href=\"https:\/\/www.kultursidan.nu\/?p=31372\" target=\"_blank\" rel=\"noopener\">recension<\/a> Kultursidan.nu 29\/6 2017<br \/>\nBr\u00e5valla: Sabaton i krigets larm och damm <a href=\"https:\/\/www.kultursidan.nu\/?p=31366\" target=\"_blank\" rel=\"noopener\">recension<\/a> Kultursidan.nu 29\/6 2017<br \/>\nBr\u00e5valla: Skindred, Bamse &amp; publiken <a href=\"https:\/\/www.kultursidan.nu\/?p=31355\" target=\"_blank\" rel=\"noopener\">recension<\/a> Kultursidan.nu 29\/6 2017<\/p>\n<p>BR\u00c5VALLA \u2013 INF\u00d6R FESTIVALEN<br \/>\nFemte Br\u00e5vallafestivalen lyfter igen <a href=\"https:\/\/www.kultursidan.nu\/?p=31347\" target=\"_blank\" rel=\"noopener\">reportage<\/a> Kultursidan.nu 28\/6 2017<br \/>\nH\u00e5kan Hellstr\u00f6m Br\u00e5vallas sista headline <a href=\"https:\/\/www.kultursidan.nu\/?p=30488\" target=\"_blank\" rel=\"noopener\">KortNytt<\/a> Kultursidan.nu 23\/4 2017<br \/>\nBamse med v\u00e4nner inleder p\u00e5 Br\u00e5valla <a href=\"https:\/\/www.kultursidan.nu\/?p=29578\" target=\"_blank\" rel=\"noopener\">KortNytt<\/a> Kultursidan.nu 24\/2 2017<br \/>\nLaleh tillbaka till Br\u00e5valla i sommar <a href=\"https:\/\/www.kultursidan.nu\/?p=28971\" target=\"_blank\" rel=\"noopener\">KortNytt<\/a> Kultursidan.nu 25\/1 2016<br \/>\nEllie Goulding till Br\u00e5valla festival <a href=\"https:\/\/www.kultursidan.nu\/?p=28459\" target=\"_blank\" rel=\"noopener\">KortNytt<\/a> Kultursidan.nu 19\/12 2016<br \/>\nBr\u00e5valla festival firar fem med fyra och sex <a href=\"https:\/\/www.kultursidan.nu\/?p=28231\" target=\"_blank\" rel=\"noopener\">artikel<\/a> Kultursidan.nu 5\/12 2016<\/p>\n","protected":false},"excerpt":{"rendered":"<p>NORRK\u00d6PING Som en Big mac, du vet vad du f\u00e5r. Den som kan sin \u00d6zz N\u00fbjen k\u00e4nde igen sig. Mycket av materialet kom fr\u00e5n hans show Statsminister. Komikern talar b\u00e5de politik och svenska. <a class=\"continue-reading-link\" href=\"https:\/\/www.kultursidan.nu\/?p=31439\">L\u00e4s mer <span class=\"meta-nav\">&rarr; <\/span><\/a><\/p>\n","protected":false},"author":1001006,"featured_media":0,"comment_status":"closed","ping_status":"open","sticky":false,"template":"","format":"standard","meta":{"_jetpack_memberships_contains_paid_content":false,"footnotes":""},"categories":[7],"tags":[29,12,19],"class_list":["post-31439","post","type-post","status-publish","format-standard","hentry","category-norrkoping","tag-festival","tag-teater","tag-standup"],"jetpack_featured_media_url":"","jetpack_sharing_enabled":true,"_links":{"self":[{"href":"https:\/\/www.kultursidan.nu\/index.php?rest_route=\/wp\/v2\/posts\/31439","targetHints":{"allow":["GET"]}}],"collection":[{"href":"https:\/\/www.kultursidan.nu\/index.php?rest_route=\/wp\/v2\/posts"}],"about":[{"href":"https:\/\/www.kultursidan.nu\/index.php?rest_route=\/wp\/v2\/types\/post"}],"author":[{"embeddable":true,"href":"https:\/\/www.kultursidan.nu\/index.php?rest_route=\/wp\/v2\/users\/1001006"}],"replies":[{"embeddable":true,"href":"https:\/\/www.kultursidan.nu\/index.php?rest_route=%2Fwp%2Fv2%2Fcomments&post=31439"}],"version-history":[{"count":6,"href":"https:\/\/www.kultursidan.nu\/index.php?rest_route=\/wp\/v2\/posts\/31439\/revisions"}],"predecessor-version":[{"id":31446,"href":"https:\/\/www.kultursidan.nu\/index.php?rest_route=\/wp\/v2\/posts\/31439\/revisions\/31446"}],"wp:attachment":[{"href":"https:\/\/www.kultursidan.nu\/index.php?rest_route=%2Fwp%2Fv2%2Fmedia&parent=31439"}],"wp:term":[{"taxonomy":"category","embeddable":true,"href":"https:\/\/www.kultursidan.nu\/index.php?rest_route=%2Fwp%2Fv2%2Fcategories&post=31439"},{"taxonomy":"post_tag","embeddable":true,"href":"https:\/\/www.kultursidan.nu\/index.php?rest_route=%2Fwp%2Fv2%2Ftags&post=31439"}],"curies":[{"name":"wp","href":"https:\/\/api.w.org\/{rel}","templated":true}]}}