{"id":31447,"date":"2017-07-01T15:51:54","date_gmt":"2017-07-01T14:51:54","guid":{"rendered":"https:\/\/intelligent-friend-7861.standoutwp.com\/?p=31447"},"modified":"2017-07-01T15:51:54","modified_gmt":"2017-07-01T14:51:54","slug":"valdtakt-satter-stopp-for-bravalla-2018","status":"publish","type":"post","link":"https:\/\/www.kultursidan.nu\/?p=31447","title":{"rendered":"V\u00e5ldt\u00e4kt s\u00e4tter stopp f\u00f6r Br\u00e5valla 2018"},"content":{"rendered":"<p><img loading=\"lazy\" decoding=\"async\" class=\"alignnone size-medium wp-image-31448\" src=\"https:\/\/www.kultursidan.nu\/wp-content\/uploads\/2017\/07\/Sabaton-8-567x376.jpg\" alt=\"\" width=\"567\" height=\"376\" srcset=\"https:\/\/www.kultursidan.nu\/wp-content\/uploads\/2017\/07\/Sabaton-8-567x376.jpg 567w, https:\/\/www.kultursidan.nu\/wp-content\/uploads\/2017\/07\/Sabaton-8-768x509.jpg 768w, https:\/\/www.kultursidan.nu\/wp-content\/uploads\/2017\/07\/Sabaton-8-1024x678.jpg 1024w, https:\/\/www.kultursidan.nu\/wp-content\/uploads\/2017\/07\/Sabaton-8-503x333.jpg 503w, https:\/\/www.kultursidan.nu\/wp-content\/uploads\/2017\/07\/Sabaton-8-150x99.jpg 150w, https:\/\/www.kultursidan.nu\/wp-content\/uploads\/2017\/07\/Sabaton-8.jpg 1280w\" sizes=\"auto, (max-width: 567px) 100vw, 567px\" \/><br \/>\n<em>N\u00e5gonstans p\u00e5 Br\u00e5valla. P\u00e5 fredagen polisanm\u00e4ldes en v\u00e5ldt\u00e4kt som \u00e4gt rum p\u00e5 Br\u00e5vallafestivalen. Arrang\u00f6rernas svar blev att st\u00e4lla in festivalen n\u00e4sta \u00e5r.<\/em><\/p>\n<p>&nbsp;<\/p>\n<h1><span style=\"color: #ff0000;\">&#8221;En \u00e4r en f\u00f6r mycket!&#8221;<\/span><\/h1>\n<p>&nbsp;<\/p>\n<p>NORRK\u00d6PING <strong>En v\u00e5ldt\u00e4kt blev en f\u00f6r mycket.<\/strong> FKP Scorpio punktmarkerar s\u00e5 det skakar i festivalernas Sverige \u2013 och kanske utanf\u00f6r landets gr\u00e4nser. Det blir ingen festival n\u00e4sta \u00e5r.<\/p>\n<p>\u2013 Tror alla snackar om det nu, s\u00e4ger tv\u00e5 killar och skyndar vidare p\u00e5 v\u00e4g till Miriam Bryants spelning.<\/p>\n<p><strong>\u2013 I have had it.<\/strong> Violence kills the festival experience and the love for music, and \u2013 first and foremost: people are getting hurt. One is one too much!, s\u00e4ger Folkert Koopmans, FKP Scorpios \u00e4gare och grundare av Br\u00e5valla Festival.<\/p>\n<p>Folkert Koopmans har f\u00e5tt nog. V\u00e5ld d\u00f6dar festivalupplevelsen och k\u00e4rleken till musiken. Framf\u00f6r allt skadar det m\u00e4nniskor. En \u00e4r en f\u00f6r mycket!<\/p>\n<p><strong>Efter fredagens festival polisanm\u00e4ldes en v\u00e5ldt\u00e4kt.<\/strong> Dessutom har flera sexuella ofredanden anm\u00e4lts. Detta under den hittills lugnaste festivalen m\u00e4tt i antalet anm\u00e4lda brott, enligt arrang\u00f6rerna.<\/p>\n<p>\u2013 S\u00e4kerheten har funkat bra. Det har till exempel inte varit n\u00e5gra incidenter vid toaletterna som tidigare \u00e5r, bekr\u00e4ftar tv\u00e5 ordningsvakter som tar sin fikapaus.<\/p>\n<p>Fast de tycker att det st\u00e5r mycket om polisen men n\u00e4stan ingenting om dem. De jobbar h\u00e5rt och lika mycket som polisen, men kanske skulle uppskatta lite mer cred.<\/p>\n<p><strong>V\u00e5ldt\u00e4kter och sexuella ofredanden \u00e4r ett samh\u00e4llsproblem.<\/strong> Allts\u00e5 f\u00f6rekommer det \u00e4ven p\u00e5, men inte specifikt p\u00e5, festivaler.<\/p>\n<p>\u2013 P\u00e5 Br\u00e5valla har vi f\u00f6rhoppningsvis, i all mots\u00e4gelsefullhet, bidragit till att lyfta det h\u00e4r genom att aktivt p\u00e5tala vikten av att anm\u00e4la och uppmanat v\u00e5ra bes\u00f6kare att prata om det med oss och varandra. Men vissa m\u00e4n, f\u00f6r det \u00e4r m\u00e4n, kan tydligen inte bete sig. Det \u00e4r en skam, skriver arrang\u00f6rerna i ett pressmeddelande.<\/p>\n<p><strong>\u2013 Vi kommer ta ett steg tillbaka.<\/strong> Detta \u00e4r inte p\u00e5 grund av ett enskilt brott eller n\u00e5gon enskild h\u00e4ndelse. Det handlar inte om att vi inte kan hantera problemet eller att problemet bor i festivaler, det handlar om att g\u00f6ra ett tydligt st\u00e4llningstagande. Vi som arbetar med Br\u00e5valla ser festivalen som f\u00f6retagets hj\u00e4rta och \u00e4r otroligt stolta \u00f6ver festivalen och det arbete som vi varje dag l\u00e4gger ner p\u00e5 att skapa en plattform f\u00f6r musik\u00e4lskare att m\u00f6tas, s\u00e4ger Kajsa Apelqvist, presschef f\u00f6r FKP Scorpio Sverige.<\/p>\n<p><strong>Det \u00e4r l\u00e4tt att s\u00e4ga att en v\u00e5ldt\u00e4kt \u00e4r en f\u00f6r mycket \u2013 men oftast sv\u00e5rt att g\u00f6ra n\u00e5got \u00e5t de som utf\u00f6r dem.<\/strong> N\u00e4r nu FKP Scorpio punktmarkerar s\u00e5 det skakar i festivalernas Sverige, l\u00e4gger ner den allra st\u00f6rsta under ett \u00e5r, kommer det att eka l\u00e4nge och l\u00e5ngt utanf\u00f6r landets gr\u00e4nser.<\/p>\n<p>\u2013 Det \u00e4r f\u00f6r dj\u00e4vligt att det (\u00f6vergreppen) ska f\u00e5 f\u00f6rst\u00f6ra s\u00e5 mycket, tycker tv\u00e5 tjejer, n\u00e5gra av l\u00f6rdagens m\u00e5nga tusen festivalbes\u00f6kare.<\/p>\n<p>\u2013 Vad ska vi s\u00e4ga liksom? Om det verkligen \u00e4r d\u00e4rf\u00f6r? L\u00e5ter konstigt att det enbart skulle l\u00e4gga ner f\u00f6r \u00f6vergreppen eftersom det \u00e4r ett stort samh\u00e4llsproblem som de sj\u00e4lva skriver.\u00a0 Det \u00e4r ju mycket pengar som g\u00e5r f\u00f6rlorade.<\/p>\n<p><strong>Beslutet kostar \u2013 Br\u00e5valla \u00e4r en aff\u00e4r som hela Sverige r\u00e4knar med.<\/strong> Festivalen ger inkomster till fler \u00e4n banden (100 \u2013 150 miljoner bara det), biljettf\u00f6rs\u00e4ljarna (FKP Scorpio som med 10-\u00e5rsavtalet 2015 \u00e4ntligen s\u00e5g fram\u00e5t mot att g\u00e5 med vinst) och popuprestaurangerna p\u00e5 Br\u00e5vallaf\u00e4ltet.<\/p>\n<p>Lokala hotell, aff\u00e4rer och nationella trafikbolag har int\u00e4kter i m\u00e5ngmiljonklass, som i sin tur ger skatteint\u00e4kter.<\/p>\n<p><strong>I pressmeddelandet ing\u00e5r kommentarer fr\u00e5n andra akt\u00f6rer.<\/strong> Kommunstyrelsens ordf\u00f6rande Lars Stjernqvist tycker det \u00e4r ett sorgligt besked.<\/p>\n<p>\u2013 Det \u00e4r ett sorgligt besked men jag har respekt f\u00f6r beslutet. Alla vi som har varit p\u00e5 Br\u00e5valla kan intyga att detta har varit en fantastisk musikfest som har gett Norrk\u00f6ping v\u00e4ldigt mycket gl\u00e4dje. Det \u00e4r otroligt tr\u00e5kigt att det h\u00e4r har \u00f6verskuggat festivalen.<\/p>\n<p>Nattskiftets Lisen Andreasson Florman vittnar om hur budskapet om att ta hand om varandra g\u00e5tt in. Svensk Lives Joppe Pihlgren st\u00e4ller sig bakom beslutet samtidigt som han talar f\u00f6r \u00f6ppna m\u00f6tesplatser i ett \u00f6ppet samh\u00e4lle.<\/p>\n<p><strong>\u2013 Det finns inte n\u00e5gon quick fix, utan det \u00e4r ett l\u00e5ngsiktigt arbete, s\u00e4ger Pelle Ullholm, RFSU.<\/strong> Ofredanden, kr\u00e4nkningar och trakasserier finns i alla milj\u00f6er i samh\u00e4llet, men vi tycker att Br\u00e5vallafestivalen och andra arrang\u00f6rer av svensk livemusik idag visar att de har gjort n\u00e5got mycket positivt d\u00e5 de bjudit in oss och flera andra akt\u00f6rer. Festivaler \u00e4r en bra milj\u00f6 att diskutera normer med unga och hur vi tar hand om varandra och det finns m\u00f6jlighet f\u00f6r artisterna att markera. Vi forts\u00e4tter v\u00e5rt l\u00e5ngsiktiga arbete, p\u00e5 festivaler och i andra milj\u00f6er.<\/p>\n<p>Fast inte p\u00e5 Br\u00e5vallafestivalen 2018. FKP Scorpio har gjort ett st\u00e4llningstagande, med all \u00f6nskv\u00e4rd tydlighet.<\/p>\n<p><strong>Det \u00e4r inte n\u00e5got kontraktsbrott.<\/strong> FKP Scorpio har r\u00e4tt att avst\u00e5 fr\u00e5n Br\u00e5valla ett \u00e5r under tio\u00e5rsperioden.<\/p>\n<p>2017 \u00e5rs festival forts\u00e4tter som planerat i eftermiddag och ikv\u00e4ll.<\/p>\n<p><em>\u00a9 Text: Ann-Charlotte Sandelin och Carl Adam Tillberg<br \/>\n\u00a9 Foto: Samuel Sandelin<br \/>\n<\/em><\/p>\n<p>L\u00c4NKAR<br \/>\nPlanera f\u00f6r Br\u00e5vallafestival i tio \u00e5r till <a href=\"https:\/\/www.kultursidan.nu\/?p=20295\" target=\"_blank\" rel=\"noopener\">kr\u00f6nika<\/a> Kultursidan.nu 24\/6 2015<\/p>\n<p>Br\u00e5valla Festival <a href=\"http:\/\/www.bravallafestival.se\" target=\"_blank\" rel=\"noopener noreferrer\">hemsida<\/a> <a href=\"http:\/\/www.bravallafestival.se\/biljetter.html\" target=\"_blank\" rel=\"noopener noreferrer\">biljetter<\/a>\u00a0 <a href=\"https:\/\/www.facebook.com\/bravallafestivalen\/?fref=ts\" target=\"_blank\" rel=\"noopener noreferrer\">Facebook<\/a>\u00a0 <a href=\"https:\/\/www.facebook.com\/events\/1235720856494135\/\" target=\"_blank\" rel=\"noopener noreferrer\">FB-evenemang<\/a><\/p>\n<p>TORSDAG 29 JUNI<br \/>\nBr\u00e5valla: \u00d6zz N\u00fbjen g\u00e5r \u00e5ter rakt p\u00e5 sak <a href=\"https:\/\/www.kultursidan.nu\/?p=31439\" target=\"_blank\" rel=\"noopener\">recension<\/a> Kultursidan.nu 1\/7 2017<br \/>\nBr\u00e5valla: Hiten lyfte vemodets Passenger <a href=\"https:\/\/www.kultursidan.nu\/?p=31431\" target=\"_blank\" rel=\"noopener\">recension<\/a> Kultursidan.nu 30\/6 2017<br \/>\nBr\u00e5valla: LP:s starka gl\u00f6d v\u00e4rmer publiken <a href=\"https:\/\/www.kultursidan.nu\/?p=31427\" target=\"_blank\" rel=\"noopener\">recension<\/a> Kultursidan.nu 30\/6 2017<br \/>\nBr\u00e5valla: Johan Hurtig st\u00e5r upp j\u00e4mlikt <a href=\"https:\/\/www.kultursidan.nu\/?p=31417\" target=\"_blank\" rel=\"noopener\">recension<\/a> Kultursidan.nu 30\/6 2017<br \/>\nBr\u00e5valla: Finst\u00e4md magi med Ane Brun <a href=\"https:\/\/www.kultursidan.nu\/?p=31412\" target=\"_blank\" rel=\"noopener\">recension<\/a> Kultursidan.nu 30\/6 2017<br \/>\nBr\u00e5valla: Norrk\u00f6pingsk\u00f6rens bob hund <a href=\"https:\/\/www.kultursidan.nu\/?p=31403\" target=\"_blank\" rel=\"noopener\">recension<\/a> Kultursidan.nu 30\/6 2017<br \/>\nBr\u00e5valla: Adept k\u00f6r h\u00e5rt s\u00e5 det ryker <a href=\"https:\/\/www.kultursidan.nu\/?p=31385\" target=\"_blank\" rel=\"noopener\">recension<\/a> Kultursidan.nu 29\/6 2017<br \/>\nBr\u00e5valla: Gavin James i vemodets dunkel <a href=\"https:\/\/www.kultursidan.nu\/?p=31380\" target=\"_blank\" rel=\"noopener\">recension<\/a> Kultursidan.nu 29\/6 2017<\/p>\n<p>ONSDAG 28 JUNI<br \/>\nBr\u00e5valla: Scooters trista stripklubb <a href=\"https:\/\/www.kultursidan.nu\/?p=31372\" target=\"_blank\" rel=\"noopener\">recension<\/a> Kultursidan.nu 29\/6 2017<br \/>\nBr\u00e5valla: Sabaton i krigets larm och damm <a href=\"https:\/\/www.kultursidan.nu\/?p=31366\" target=\"_blank\" rel=\"noopener\">recension<\/a> Kultursidan.nu 29\/6 2017<br \/>\nBr\u00e5valla: Skindred, Bamse &amp; publiken <a href=\"https:\/\/www.kultursidan.nu\/?p=31355\" target=\"_blank\" rel=\"noopener\">recension<\/a> Kultursidan.nu 29\/6 2017<\/p>\n<p>BR\u00c5VALLA \u2013 INF\u00d6R FESTIVALEN<br \/>\nFemte Br\u00e5vallafestivalen lyfter igen <a href=\"https:\/\/www.kultursidan.nu\/?p=31347\" target=\"_blank\" rel=\"noopener\">reportage<\/a> Kultursidan.nu 28\/6 2017<br \/>\nH\u00e5kan Hellstr\u00f6m Br\u00e5vallas sista headline <a href=\"https:\/\/www.kultursidan.nu\/?p=30488\" target=\"_blank\" rel=\"noopener\">KortNytt<\/a> Kultursidan.nu 23\/4 2017<br \/>\nBamse med v\u00e4nner inleder p\u00e5 Br\u00e5valla <a href=\"https:\/\/www.kultursidan.nu\/?p=29578\" target=\"_blank\" rel=\"noopener\">KortNytt<\/a> Kultursidan.nu 24\/2 2017<br \/>\nLaleh tillbaka till Br\u00e5valla i sommar <a href=\"https:\/\/www.kultursidan.nu\/?p=28971\" target=\"_blank\" rel=\"noopener\">KortNytt<\/a> Kultursidan.nu 25\/1 2016<br \/>\nEllie Goulding till Br\u00e5valla festival <a href=\"https:\/\/www.kultursidan.nu\/?p=28459\" target=\"_blank\" rel=\"noopener\">KortNytt<\/a> Kultursidan.nu 19\/12 2016<br \/>\nBr\u00e5valla festival firar fem med fyra och sex <a href=\"https:\/\/www.kultursidan.nu\/?p=28231\" target=\"_blank\" rel=\"noopener\">artikel<\/a> Kultursidan.nu 5\/12 2016<\/p>\n","protected":false},"excerpt":{"rendered":"<p>NORRK\u00d6PING En v\u00e5ldt\u00e4kt blev en f\u00f6r mycket. FKP Scorpio punktmarkerar s\u00e5 det skakar i festivalernas Sverige \u2013 och kanske utanf\u00f6r landets gr\u00e4nser. Det blir ingen festival n\u00e4sta \u00e5r. <a class=\"continue-reading-link\" href=\"https:\/\/www.kultursidan.nu\/?p=31447\">L\u00e4s mer <span class=\"meta-nav\">&rarr; <\/span><\/a><\/p>\n","protected":false},"author":1001006,"featured_media":0,"comment_status":"closed","ping_status":"open","sticky":false,"template":"","format":"standard","meta":{"_jetpack_memberships_contains_paid_content":false,"footnotes":""},"categories":[7],"tags":[29,13,56],"class_list":["post-31447","post","type-post","status-publish","format-standard","hentry","category-norrkoping","tag-festival","tag-musik","tag-politik"],"jetpack_featured_media_url":"","jetpack_sharing_enabled":true,"_links":{"self":[{"href":"https:\/\/www.kultursidan.nu\/index.php?rest_route=\/wp\/v2\/posts\/31447","targetHints":{"allow":["GET"]}}],"collection":[{"href":"https:\/\/www.kultursidan.nu\/index.php?rest_route=\/wp\/v2\/posts"}],"about":[{"href":"https:\/\/www.kultursidan.nu\/index.php?rest_route=\/wp\/v2\/types\/post"}],"author":[{"embeddable":true,"href":"https:\/\/www.kultursidan.nu\/index.php?rest_route=\/wp\/v2\/users\/1001006"}],"replies":[{"embeddable":true,"href":"https:\/\/www.kultursidan.nu\/index.php?rest_route=%2Fwp%2Fv2%2Fcomments&post=31447"}],"version-history":[{"count":5,"href":"https:\/\/www.kultursidan.nu\/index.php?rest_route=\/wp\/v2\/posts\/31447\/revisions"}],"predecessor-version":[{"id":31453,"href":"https:\/\/www.kultursidan.nu\/index.php?rest_route=\/wp\/v2\/posts\/31447\/revisions\/31453"}],"wp:attachment":[{"href":"https:\/\/www.kultursidan.nu\/index.php?rest_route=%2Fwp%2Fv2%2Fmedia&parent=31447"}],"wp:term":[{"taxonomy":"category","embeddable":true,"href":"https:\/\/www.kultursidan.nu\/index.php?rest_route=%2Fwp%2Fv2%2Fcategories&post=31447"},{"taxonomy":"post_tag","embeddable":true,"href":"https:\/\/www.kultursidan.nu\/index.php?rest_route=%2Fwp%2Fv2%2Ftags&post=31447"}],"curies":[{"name":"wp","href":"https:\/\/api.w.org\/{rel}","templated":true}]}}