{"id":31454,"date":"2017-07-01T16:45:07","date_gmt":"2017-07-01T15:45:07","guid":{"rendered":"https:\/\/intelligent-friend-7861.standoutwp.com\/?p=31454"},"modified":"2017-07-01T16:45:07","modified_gmt":"2017-07-01T15:45:07","slug":"bravalla-hakan-hellstroms-revolverkonst","status":"publish","type":"post","link":"https:\/\/www.kultursidan.nu\/?p=31454","title":{"rendered":"Br\u00e5valla: H\u00e5kan Hellstr\u00f6ms revolverkonst"},"content":{"rendered":"<p><img loading=\"lazy\" decoding=\"async\" class=\"alignnone size-medium wp-image-31455\" src=\"https:\/\/www.kultursidan.nu\/wp-content\/uploads\/2017\/07\/IMG_5387-567x378.jpg\" alt=\"\" width=\"567\" height=\"378\" srcset=\"https:\/\/www.kultursidan.nu\/wp-content\/uploads\/2017\/07\/IMG_5387-567x378.jpg 567w, https:\/\/www.kultursidan.nu\/wp-content\/uploads\/2017\/07\/IMG_5387-768x512.jpg 768w, https:\/\/www.kultursidan.nu\/wp-content\/uploads\/2017\/07\/IMG_5387-1024x682.jpg 1024w, https:\/\/www.kultursidan.nu\/wp-content\/uploads\/2017\/07\/IMG_5387-500x333.jpg 500w, https:\/\/www.kultursidan.nu\/wp-content\/uploads\/2017\/07\/IMG_5387-150x100.jpg 150w, https:\/\/www.kultursidan.nu\/wp-content\/uploads\/2017\/07\/IMG_5387.jpg 1280w\" sizes=\"auto, (max-width: 567px) 100vw, 567px\" \/><br \/>\n<em>F\u00e4rgglad. H\u00e5kan Hellstr\u00f6m har designat sin egen Revolver med knut. Den avt\u00e4cktes i fredags, ett par timmar f\u00f6re spelningen p\u00e5 Br\u00e5valla festival.<\/em><\/p>\n<p>&nbsp;<\/p>\n<h1><span style=\"color: #ff0000;\">Peace N Luv f\u00f6r antiv\u00e5ld<\/span><\/h1>\n<p>&nbsp;<\/p>\n<p>NORRK\u00d6PING <strong>Oladdad och stolt.<\/strong> P\u00e5 fredagen, n\u00e5gra timmar f\u00f6re sin spelning p\u00e5 Br\u00e5vallafestivalen, avt\u00e4ckte H\u00e5kan Hellstr\u00f6m sin version av Carl Fredrik Reutersw\u00e4rds ikoniska skulptur <em>Revolver med knut.<\/em> D\u00e4rmed \u00e4r han ny svensk ambassad\u00f6r f\u00f6r Non-Violence Project.<\/p>\n<blockquote>\n<h3 style=\"text-align: right;\"><em>BR\u00c5VALLA FESTIVAL Norrk\u00f6ping<\/em><\/h3>\n<p style=\"text-align: right;\">30 juni 2017<br \/>\n<em>Scen: VIP Lounge \u2028<\/em><br \/>\n<strong><em>Peace N Luv\u2028<\/em><\/strong><br \/>\n<em>Skulptur av H\u00e5kan Hellstr\u00f6m<br \/>\nMedarr: Non-Violence Project Foundation ovh FKP Scorpio<br \/>\n<\/em><\/p><\/blockquote>\n<p>&nbsp;<\/p>\n<p><strong>Under \u00e5ren har en m\u00e4ngd framst\u00e5ende profiler visat st\u00f6d mot antiv\u00e5ldsfr\u00e5gor genom att skapa egna versioner av skulpturen Revolver med knut.<\/strong> P\u00e5 Br\u00e5valla var det H\u00e5kan Hellstr\u00f6ms tur att avt\u00e4cka sin egen version \u2013 <em>Peace N Luv<\/em>.<\/p>\n<p>Carl Fredrik Reutersw\u00e4rds <em>Revolver med knut<\/em> har kommit att bli en n\u00e4rmast ikonisk skulptur, representativ f\u00f6r antiv\u00e5lds-r\u00f6relsen. R\u00e4ttigheterna till statyn \u00e4gs idag av Non-Violence Project Foundation, som i \u00f6ver 20 \u00e5rs tid har arbetat med att utbilda unga i v\u00e5ldsrelaterade fr\u00e5gor. Hittills har de hunnit utbilda 8 miljoner unga i hela v\u00e4rlden och runt 8.000 i Sverige.<\/p>\n<p><strong>Rolf Skj\u00f6ldebrand, en av organisationens grundare i Sverige, \u00e4r p\u00e5 plats.<\/strong><\/p>\n<p>\u2013 Id\u00e9n bygger p\u00e5 att inspirera och motivera unga till att kunna diskutera utan att sl\u00e5 varandra p\u00e5 k\u00e4ften. Och f\u00f6r att kunna f\u00f6r\u00e4ndra attityder kr\u00e4vs det att f\u00f6rebilder st\u00e4ller sig bakom budskapet.<\/p>\n<p>&nbsp;<\/p>\n<p><a title=\"H\u00e5kan Hellstr\u00f6ms Peace N Luv\" href=\"https:\/\/www.flickr.com\/photos\/kultursidan\/35261537000\/in\/album-72157682938504763\/\"><img loading=\"lazy\" decoding=\"async\" src=\"https:\/\/farm5.staticflickr.com\/4047\/35261537000_7630a291f9.jpg\" alt=\"H\u00e5kan Hellstr\u00f6ms Peace N Luv\" width=\"471\" height=\"500\" \/><\/a><br \/>\n<em> Musikladdad. H\u00e5kan Hellstr\u00f6ms version av Revolver med knut \u00e4r t\u00e4tt f\u00f6rbunden med turn\u00e9n Rullande \u00c5ska.<\/em><\/p>\n<p>&nbsp;<\/p>\n<p><strong>H\u00e5kan sj\u00e4lv \u00e4r n\u00f6jd.<\/strong> B\u00e5de \u00f6ver hur tjusig skulpturen \u00e4r, men \u00e4ven \u00f6ver att vara ny kulturambassad\u00f6r f\u00f6r organisationen.<\/p>\n<p>\u2013 Det viktiga \u00e4r egentligen inte hur den ser ut utan vad den representerar. Jag \u00e4r stolt \u00f6ver att f\u00e5 representera den h\u00e4r stora saken och f\u00e5 dra ett litet str\u00e5 till peace and love r\u00f6relsen. Sen tycker jag att den blev v\u00e4ldigt fin ocks\u00e5.<\/p>\n<p><strong>H\u00e5kans f\u00e4rggranna skulptur kommer att kopieras i mindre exemplar och g\u00e5 till f\u00f6rs\u00e4ljning<\/strong>. Int\u00e4kterna kommer g\u00e5 till att st\u00f6tta Non-Violence Project Foundation i deras arbete med utbildningar i ickev\u00e5ldsfr\u00e5gor f\u00f6r barn och ungdomar.<\/p>\n<p><em>\u00a9 Text: Kajsa Jansson<br \/>\n\u00a9 Foto: Michael Strandhed och Kajsa Jansson<\/em><\/p>\n<p>L\u00c4NKAR<br \/>\nNon Violence Project Foundation <a href=\"http:\/\/www.nonviolence.com\" target=\"_blank\" rel=\"noopener\">hemsida<\/a> <a href=\"https:\/\/www.facebook.com\/NVPSweden\/\" target=\"_blank\" rel=\"noopener\">Facebook<\/a><br \/>\nH\u00e5kan Hellstr\u00f6m <a href=\"http:\/\/hakanhellstrom.se\" target=\"_blank\" rel=\"noopener\">hemsida<\/a> <a href=\"https:\/\/www.facebook.com\/hakanhellstrom\" target=\"_blank\" rel=\"noopener\">Facebook<\/a><br \/>\nBr\u00e5valla Festival <a href=\"http:\/\/www.bravallafestival.se\" target=\"_blank\" rel=\"noopener noreferrer\">hemsida<\/a> <a href=\"http:\/\/www.bravallafestival.se\/biljetter.html\" target=\"_blank\" rel=\"noopener noreferrer\">biljetter<\/a>\u00a0 <a href=\"https:\/\/www.facebook.com\/bravallafestivalen\/?fref=ts\" target=\"_blank\" rel=\"noopener noreferrer\">Facebook<\/a>\u00a0 <a href=\"https:\/\/www.facebook.com\/events\/1235720856494135\/\" target=\"_blank\" rel=\"noopener noreferrer\">FB-evenemang<\/a><\/p>\n<p>L\u00d6RDAG 1 JULI<br \/>\nV\u00e5ldt\u00e4kt s\u00e4tter stopp f\u00f6r Br\u00e5valla 2018 <a href=\"https:\/\/www.kultursidan.nu\/?p=31447\" target=\"_blank\" rel=\"noopener\">reportage<\/a> Kultursidan.nu 1\/7 2017<\/p>\n<p>FREDAG 30 JUNI<\/p>\n<p>TORSDAG 29 JUNI<br \/>\nBr\u00e5valla: \u00d6zz N\u00fbjen g\u00e5r \u00e5ter rakt p\u00e5 sak <a href=\"https:\/\/www.kultursidan.nu\/?p=31439\" target=\"_blank\" rel=\"noopener\">recension<\/a> Kultursidan.nu 1\/7 2017<br \/>\nBr\u00e5valla: Hiten lyfte vemodets Passenger <a href=\"https:\/\/www.kultursidan.nu\/?p=31431\" target=\"_blank\" rel=\"noopener\">recension<\/a> Kultursidan.nu 30\/6 2017<br \/>\nBr\u00e5valla: LP:s starka gl\u00f6d v\u00e4rmer publiken <a href=\"https:\/\/www.kultursidan.nu\/?p=31427\" target=\"_blank\" rel=\"noopener\">recension<\/a> Kultursidan.nu 30\/6 2017<br \/>\nBr\u00e5valla: Johan Hurtig st\u00e5r upp j\u00e4mlikt <a href=\"https:\/\/www.kultursidan.nu\/?p=31417\" target=\"_blank\" rel=\"noopener\">recension<\/a> Kultursidan.nu 30\/6 2017<br \/>\nBr\u00e5valla: Finst\u00e4md magi med Ane Brun <a href=\"https:\/\/www.kultursidan.nu\/?p=31412\" target=\"_blank\" rel=\"noopener\">recension<\/a> Kultursidan.nu 30\/6 2017<br \/>\nBr\u00e5valla: Norrk\u00f6pingsk\u00f6rens bob hund <a href=\"https:\/\/www.kultursidan.nu\/?p=31403\" target=\"_blank\" rel=\"noopener\">recension<\/a> Kultursidan.nu 30\/6 2017<br \/>\nBr\u00e5valla: Adept k\u00f6r h\u00e5rt s\u00e5 det ryker <a href=\"https:\/\/www.kultursidan.nu\/?p=31385\" target=\"_blank\" rel=\"noopener\">recension<\/a> Kultursidan.nu 29\/6 2017<br \/>\nBr\u00e5valla: Gavin James i vemodets dunkel <a href=\"https:\/\/www.kultursidan.nu\/?p=31380\" target=\"_blank\" rel=\"noopener\">recension<\/a> Kultursidan.nu 29\/6 2017<\/p>\n<p>ONSDAG 28 JUNI<br \/>\nBr\u00e5valla: Scooters trista stripklubb <a href=\"https:\/\/www.kultursidan.nu\/?p=31372\" target=\"_blank\" rel=\"noopener\">recension<\/a> Kultursidan.nu 29\/6 2017<br \/>\nBr\u00e5valla: Sabaton i krigets larm och damm <a href=\"https:\/\/www.kultursidan.nu\/?p=31366\" target=\"_blank\" rel=\"noopener\">recension<\/a> Kultursidan.nu 29\/6 2017<br \/>\nBr\u00e5valla: Skindred, Bamse &amp; publiken <a href=\"https:\/\/www.kultursidan.nu\/?p=31355\" target=\"_blank\" rel=\"noopener\">recension<\/a> Kultursidan.nu 29\/6 2017<\/p>\n<p>BR\u00c5VALLA \u2013 INF\u00d6R FESTIVALEN<br \/>\nFemte Br\u00e5vallafestivalen lyfter igen <a href=\"https:\/\/www.kultursidan.nu\/?p=31347\" target=\"_blank\" rel=\"noopener\">reportage<\/a> Kultursidan.nu 28\/6 2017<br \/>\nH\u00e5kan Hellstr\u00f6m Br\u00e5vallas sista headline <a href=\"https:\/\/www.kultursidan.nu\/?p=30488\" target=\"_blank\" rel=\"noopener\">KortNytt<\/a> Kultursidan.nu 23\/4 2017<br \/>\nBamse med v\u00e4nner inleder p\u00e5 Br\u00e5valla <a href=\"https:\/\/www.kultursidan.nu\/?p=29578\" target=\"_blank\" rel=\"noopener\">KortNytt<\/a> Kultursidan.nu 24\/2 2017<br \/>\nLaleh tillbaka till Br\u00e5valla i sommar <a href=\"https:\/\/www.kultursidan.nu\/?p=28971\" target=\"_blank\" rel=\"noopener\">KortNytt<\/a> Kultursidan.nu 25\/1 2016<br \/>\nEllie Goulding till Br\u00e5valla festival <a href=\"https:\/\/www.kultursidan.nu\/?p=28459\" target=\"_blank\" rel=\"noopener\">KortNytt<\/a> Kultursidan.nu 19\/12 2016<br \/>\nBr\u00e5valla festival firar fem med fyra och sex <a href=\"https:\/\/www.kultursidan.nu\/?p=28231\" target=\"_blank\" rel=\"noopener\">artikel<\/a> Kultursidan.nu 5\/12 2016<\/p>\n","protected":false},"excerpt":{"rendered":"<p>NORRK\u00d6PING Oladdad och stolt. P\u00e5 fredagen, n\u00e5gra timmar f\u00f6re spelningen p\u00e5 Br\u00e5vallafestivalen, avt\u00e4ckte H\u00e5kan Hellstr\u00f6m sin version av den ikoniska skulpturen Revolver med knut. D\u00e4rmed \u00e4r han ny svensk ambassad\u00f6r f\u00f6r Non-Violence Project.  <a class=\"continue-reading-link\" href=\"https:\/\/www.kultursidan.nu\/?p=31454\">L\u00e4s mer <span class=\"meta-nav\">&rarr; <\/span><\/a><\/p>\n","protected":false},"author":1001006,"featured_media":0,"comment_status":"closed","ping_status":"open","sticky":false,"template":"","format":"standard","meta":{"_jetpack_memberships_contains_paid_content":false,"footnotes":""},"categories":[7],"tags":[29,14,13,56],"class_list":["post-31454","post","type-post","status-publish","format-standard","hentry","category-norrkoping","tag-festival","tag-konst","tag-musik","tag-politik"],"jetpack_featured_media_url":"","jetpack_sharing_enabled":true,"_links":{"self":[{"href":"https:\/\/www.kultursidan.nu\/index.php?rest_route=\/wp\/v2\/posts\/31454","targetHints":{"allow":["GET"]}}],"collection":[{"href":"https:\/\/www.kultursidan.nu\/index.php?rest_route=\/wp\/v2\/posts"}],"about":[{"href":"https:\/\/www.kultursidan.nu\/index.php?rest_route=\/wp\/v2\/types\/post"}],"author":[{"embeddable":true,"href":"https:\/\/www.kultursidan.nu\/index.php?rest_route=\/wp\/v2\/users\/1001006"}],"replies":[{"embeddable":true,"href":"https:\/\/www.kultursidan.nu\/index.php?rest_route=%2Fwp%2Fv2%2Fcomments&post=31454"}],"version-history":[{"count":3,"href":"https:\/\/www.kultursidan.nu\/index.php?rest_route=\/wp\/v2\/posts\/31454\/revisions"}],"predecessor-version":[{"id":31458,"href":"https:\/\/www.kultursidan.nu\/index.php?rest_route=\/wp\/v2\/posts\/31454\/revisions\/31458"}],"wp:attachment":[{"href":"https:\/\/www.kultursidan.nu\/index.php?rest_route=%2Fwp%2Fv2%2Fmedia&parent=31454"}],"wp:term":[{"taxonomy":"category","embeddable":true,"href":"https:\/\/www.kultursidan.nu\/index.php?rest_route=%2Fwp%2Fv2%2Fcategories&post=31454"},{"taxonomy":"post_tag","embeddable":true,"href":"https:\/\/www.kultursidan.nu\/index.php?rest_route=%2Fwp%2Fv2%2Ftags&post=31454"}],"curies":[{"name":"wp","href":"https:\/\/api.w.org\/{rel}","templated":true}]}}