{"id":31464,"date":"2017-07-01T19:21:58","date_gmt":"2017-07-01T18:21:58","guid":{"rendered":"https:\/\/intelligent-friend-7861.standoutwp.com\/?p=31464"},"modified":"2017-07-01T19:21:58","modified_gmt":"2017-07-01T18:21:58","slug":"bravalla-linkin-park-blottar-sin-sjal-recension","status":"publish","type":"post","link":"https:\/\/www.kultursidan.nu\/?p=31464","title":{"rendered":"Br\u00e5valla: Linkin Park blottar sin sj\u00e4l (recension)"},"content":{"rendered":"<p><img loading=\"lazy\" decoding=\"async\" class=\"alignnone size-medium wp-image-31466\" src=\"https:\/\/www.kultursidan.nu\/wp-content\/uploads\/2017\/07\/IMGP4238-567x376.jpg\" alt=\"\" width=\"567\" height=\"376\" srcset=\"https:\/\/www.kultursidan.nu\/wp-content\/uploads\/2017\/07\/IMGP4238-567x376.jpg 567w, https:\/\/www.kultursidan.nu\/wp-content\/uploads\/2017\/07\/IMGP4238-768x509.jpg 768w, https:\/\/www.kultursidan.nu\/wp-content\/uploads\/2017\/07\/IMGP4238-1024x678.jpg 1024w, https:\/\/www.kultursidan.nu\/wp-content\/uploads\/2017\/07\/IMGP4238-503x333.jpg 503w, https:\/\/www.kultursidan.nu\/wp-content\/uploads\/2017\/07\/IMGP4238-150x99.jpg 150w, https:\/\/www.kultursidan.nu\/wp-content\/uploads\/2017\/07\/IMGP4238.jpg 1280w\" sizes=\"auto, (max-width: 567px) 100vw, 567px\" \/><br \/>\n<em>Storslaget och n\u00e4ra. Chester Bennington v\u00e4xlar mellan lugna l\u00e5tar och scream-s\u00e5ng.<\/em><\/p>\n<p>&nbsp;<\/p>\n<h1><span style=\"color: #ff0000;\">Det \u00e4r stilla och s\u00e5 s\u00e5 vackert<\/span><\/h1>\n<p>&nbsp;<\/p>\n<p>RECENSION\/NORRK\u00d6PING <strong>Sj\u00e4lsbl\u00e4strande rock.<\/strong> Linkin Park har alltid haft bra l\u00e5tar, ocks\u00e5 textm\u00e4ssigt. Det \u00e4r i de gamla l\u00e5tarna publiken blir vild. Chester Bennington sjunger nedtonat i Crawling och f\u00e5r en tr\u00f6stande klapp p\u00e5 axeln.<\/p>\n<blockquote>\n<h3 style=\"text-align: right;\"><em>BR\u00c5VALLA FESTIVAL Norrk\u00f6ping<\/em><\/h3>\n<p style=\"text-align: right;\">29 juni 2017<br \/>\n<em>Scen: Panorama\u2028<\/em><br \/>\n<strong><em>Linkin Park \u2028<\/em><\/strong><br \/>\n<em>Nu-metal\/Rapcore<\/em><\/p><\/blockquote>\n<p>&nbsp;<\/p>\n<p><strong>Linkin Park f\u00e5ngade mitt intresse med bandets f\u00f6rsta skiva \u201dHybrid Theory&#8221; som sl\u00e4pptes 2000.<\/strong> Sedan dess har den varit en av mina favoritskivor, av det slag som man inte lyssnar p\u00e5 ofta, men som n\u00e4r man v\u00e4l g\u00f6r det alltid sl\u00e5s av hur fantastisk den \u00e4r och att man borde lyssna mer p\u00e5 den.<\/p>\n<p>\u201dMeteora&#8221;, som kom 2003, hade ocks\u00e5 n\u00e5gra minnesv\u00e4rda l\u00e5tar men den fastnade inte lika mycket hos mig.<\/p>\n<p>&nbsp;<\/p>\n<p><a title=\"Linkin Park\" href=\"https:\/\/www.flickr.com\/photos\/kultursidan\/35613215396\/in\/album-72157685735830495\/\"><img loading=\"lazy\" decoding=\"async\" src=\"https:\/\/farm5.staticflickr.com\/4024\/35613215396_2697463c71.jpg\" alt=\"Linkin Park\" width=\"331\" height=\"500\" \/><\/a><br \/>\n<em>Multimusikern Mike Shinoda bidrar med s\u00e5ng, gitarr och keyboard.<\/em><\/p>\n<p>&nbsp;<\/p>\n<p><strong>Med detta i ryggen g\u00e5r jag med lite oro till spelningen.<\/strong> De verkar ha r\u00f6rt sig bort lite fr\u00e5n den genomtr\u00e4ngande, sj\u00e4lsbl\u00e4strade rock de b\u00f6rjade med till n\u00e5got som mer m\u00e5ste beskrivas som ett popsound. Detta har inte alltid mottagits v\u00e4l av fansen, f\u00e5r man nog p\u00e5st\u00e5. S\u00e5 inf\u00f6r spelningen p\u00e5 Br\u00e5vallas st\u00f6rsta scen, Panorama, \u00e4r jag lite sp\u00e4nd.<\/p>\n<p><strong>Jag beh\u00f6vde dock inte vara orolig l\u00e4nge.<\/strong> Linkin Park v\u00e4rmer snabbt upp publiken, och \u00e4ven deras lite nyare l\u00e5tar som jag inte \u00e4r vidare bekant med tas emot hyfsat v\u00e4l av publiken. Men det \u00e4r i de gamla l\u00e5tarna, som de k\u00f6r en hel del av, som publiken blir vild!<\/p>\n<p>De har alltid haft bra texter, och b\u00e5de musikaliskt och s\u00e5ngm\u00e4ssigt \u00e4r de fortfarande oerh\u00f6rt bra. S\u00e4rskilt m\u00e4rks detta i de lugnare l\u00e5tarna, d\u00e5 Chester Bennington f\u00e5r visa upp sin sk\u00f6ns\u00e5ng p\u00e5 riktigt. Att han kan v\u00e4xla mellan den och scream-s\u00e5ng b\u00e5de fort och effektfullt vet man om man lyssnat p\u00e5 ovan n\u00e4mnda album, men att h\u00f6ra honom sjunga hela l\u00e5tar rent \u00e4r nytt f\u00f6r mig, och jag gillar det.<\/p>\n<p>&nbsp;<\/p>\n<p><a title=\"Linkin Park\" href=\"https:\/\/www.flickr.com\/photos\/kultursidan\/35265622600\/in\/album-72157685735830495\/\"><img loading=\"lazy\" decoding=\"async\" src=\"https:\/\/farm5.staticflickr.com\/4218\/35265622600_99663322b3.jpg\" alt=\"Linkin Park\" width=\"500\" height=\"331\" \/><\/a><br \/>\n<em> Crawling. Chester Bennington kommer n\u00e4ra sin publik i en nedtonad version av l\u00e5ten.<\/em><\/p>\n<p>&nbsp;<\/p>\n<p><strong>Det blir lite att uppt\u00e4cka en r\u00f6st man lyssnat till p\u00e5 nytt igen.<\/strong> Det blir mer utl\u00e4mnat, starkare. N\u00e4r han g\u00e5r ner till publiken i en nedtonad och l\u00e5ngsammare version av <em>Crawling<\/em> och st\u00e5r och sjunger direkt till de n\u00e4rmsta fansen visas detta p\u00e5 storbildsk\u00e4rmarna s\u00e5 att alla kan ta del av n\u00e4rheten. Det \u00e4r naket, intimt och \u00f6mt som en blottad sj\u00e4l.<\/p>\n<p>Mot slutet \u00e4r det ingen som drar i honom l\u00e4ngre, det \u00e4r stilla och s\u00e5 s\u00e5 vackert. Man ser hur en kille som \u00e4r p\u00e5 arml\u00e4ngds avst\u00e5nd str\u00e4cker fram handen och klappar Chester rent ut sagt tr\u00f6stande p\u00e5 axeln. I det \u00f6gonblicket \u00e4ger de oss helt.<\/p>\n<p>&nbsp;<\/p>\n<p><a title=\"Linkin Park\" href=\"https:\/\/www.flickr.com\/photos\/kultursidan\/35265623080\/in\/album-72157685735830495\/\"><img loading=\"lazy\" decoding=\"async\" src=\"https:\/\/farm5.staticflickr.com\/4130\/35265623080_a7b7b20543.jpg\" alt=\"Linkin Park\" width=\"500\" height=\"331\" \/><\/a><br \/>\n<em>Rymdskeppsk\u00e4nsla. Trummisen Rob Bourdon har ett rej\u00e4lt batteri.<\/em><\/p>\n<p>&nbsp;<\/p>\n<p><strong>Sedan \u00f6ser de p\u00e5 igen, och mot slutet saktar tempot inte in f\u00f6r ett \u00f6gonblick.<\/strong> Allt l\u00e5ter precis som det ska, starkt, ilsket och k\u00e4nslom\u00e4ssigt, och de bjuder oss p\u00e5 en show som verkligen andas Linkin Park rakt igenom.<\/p>\n<p>Vi fotografer f\u00e5r g\u00e5 in och fota igen under den sista l\u00e5ten och i den stunden, n\u00e4r man st\u00e5r emellan publiken och bandet, k\u00e4nns kontakten de har sinsemellan tydligt. L\u00e5ter det svamligt? Well, jag antar att man m\u00e5ste ha varit d\u00e4r, i den stunden. Jag \u00e4r tacksam att jag f\u00e5tt det.<\/p>\n<p><em>\u00a9 Text och foto: Samuel Sandelin<\/em><\/p>\n<p>BILDSPEL (FLASH) \u2013 KLICKA P\u00c5 BILDEN <em>\u2028ALT\/MOBIL: SE BILDSPELET <a title=\"Bildspel\" href=\"https:\/\/www.flickr.com\/photos\/kultursidan\/sets\/72157685735830495\/show\/\" target=\"_blank\" rel=\"noopener\">H\u00c4R<\/a><\/em><br \/>\n<object width=\"400\" height=\"300\"><param name=\"flashvars\" value=\"offsite=true&amp;lang=en-us&amp;page_show_url=%2Fphotos%2Fkultursidan%2Fsets%2F72157685735830495%2Fshow%2F&amp;page_show_back_url=%2Fphotos%2Fkultursidan%2Fsets%2F72157685735830495%2F&amp;set_id=72157685735830495&amp;jump_to=\" \/><param name=\"movie\" value=\"https:\/\/www.flickr.com\/apps\/slideshow\/show.swf?v=1811922554\" \/><param name=\"allowFullScreen\" value=\"true\" \/><\/object><\/p>\n<p>L\u00c4NKAR<br \/>\nLinkin Park <a href=\"https:\/\/linkinpark.com\/?redirect=false\" target=\"_blank\" rel=\"noopener\">hemsida<\/a> <a href=\"https:\/\/www.facebook.com\/linkinpark\/?fref=ts\" target=\"_blank\" rel=\"noopener\">Facebook<br \/>\n<\/a>Br\u00e5valla Festival <a href=\"http:\/\/www.bravallafestival.se\" target=\"_blank\" rel=\"noopener noreferrer\">hemsida<\/a> <a href=\"http:\/\/www.bravallafestival.se\/biljetter.html\" target=\"_blank\" rel=\"noopener noreferrer\">biljetter<\/a>\u00a0 <a href=\"https:\/\/www.facebook.com\/bravallafestivalen\/?fref=ts\" target=\"_blank\" rel=\"noopener noreferrer\">Facebook<\/a>\u00a0 <a href=\"https:\/\/www.facebook.com\/events\/1235720856494135\/\" target=\"_blank\" rel=\"noopener noreferrer\">FB-evenemang<\/a><\/p>\n<p>L\u00d6RDAG 1 JULI<br \/>\nV\u00e5ldt\u00e4kt s\u00e4tter stopp f\u00f6r Br\u00e5valla 2018 <a href=\"https:\/\/www.kultursidan.nu\/?p=31447\" target=\"_blank\" rel=\"noopener\">reportage<\/a> Kultursidan.nu 1\/7 2017<\/p>\n<p>FREDAG 30 JUNI<br \/>\nBr\u00e5valla: H\u00e5kan Hellstr\u00f6m fick upp farten <a href=\"https:\/\/www.kultursidan.nu\/?p=31459\" target=\"_blank\" rel=\"noopener\">recension<\/a> Kultursidan.nu 1\/7 2017<br \/>\nBr\u00e5valla: H\u00e5kan Hellstr\u00f6ms revolverkonst <a href=\"https:\/\/www.kultursidan.nu\/?p=31454\" target=\"_blank\" rel=\"noopener\">reportage<\/a> Kultursidan.nu 1\/7 2017<\/p>\n<p>TORSDAG 29 JUNI<br \/>\nBr\u00e5valla: \u00d6zz N\u00fbjen g\u00e5r \u00e5ter rakt p\u00e5 sak <a href=\"https:\/\/www.kultursidan.nu\/?p=31439\" target=\"_blank\" rel=\"noopener\">recension<\/a> Kultursidan.nu 1\/7 2017<br \/>\nBr\u00e5valla: Hiten lyfte vemodets Passenger <a href=\"https:\/\/www.kultursidan.nu\/?p=31431\" target=\"_blank\" rel=\"noopener\">recension<\/a> Kultursidan.nu 30\/6 2017<br \/>\nBr\u00e5valla: LP:s starka gl\u00f6d v\u00e4rmer publiken <a href=\"https:\/\/www.kultursidan.nu\/?p=31427\" target=\"_blank\" rel=\"noopener\">recension<\/a> Kultursidan.nu 30\/6 2017<br \/>\nBr\u00e5valla: Johan Hurtig st\u00e5r upp j\u00e4mlikt <a href=\"https:\/\/www.kultursidan.nu\/?p=31417\" target=\"_blank\" rel=\"noopener\">recension<\/a> Kultursidan.nu 30\/6 2017<br \/>\nBr\u00e5valla: Finst\u00e4md magi med Ane Brun <a href=\"https:\/\/www.kultursidan.nu\/?p=31412\" target=\"_blank\" rel=\"noopener\">recension<\/a> Kultursidan.nu 30\/6 2017<br \/>\nBr\u00e5valla: Norrk\u00f6pingsk\u00f6rens bob hund <a href=\"https:\/\/www.kultursidan.nu\/?p=31403\" target=\"_blank\" rel=\"noopener\">recension<\/a> Kultursidan.nu 30\/6 2017<br \/>\nBr\u00e5valla: Adept k\u00f6r h\u00e5rt s\u00e5 det ryker <a href=\"https:\/\/www.kultursidan.nu\/?p=31385\" target=\"_blank\" rel=\"noopener\">recension<\/a> Kultursidan.nu 29\/6 2017<br \/>\nBr\u00e5valla: Gavin James i vemodets dunkel <a href=\"https:\/\/www.kultursidan.nu\/?p=31380\" target=\"_blank\" rel=\"noopener\">recension<\/a> Kultursidan.nu 29\/6 2017<\/p>\n<p>ONSDAG 28 JUNI<br \/>\nBr\u00e5valla: Scooters trista stripklubb <a href=\"https:\/\/www.kultursidan.nu\/?p=31372\" target=\"_blank\" rel=\"noopener\">recension<\/a> Kultursidan.nu 29\/6 2017<br \/>\nBr\u00e5valla: Sabaton i krigets larm och damm <a href=\"https:\/\/www.kultursidan.nu\/?p=31366\" target=\"_blank\" rel=\"noopener\">recension<\/a> Kultursidan.nu 29\/6 2017<br \/>\nBr\u00e5valla: Skindred, Bamse &amp; publiken <a href=\"https:\/\/www.kultursidan.nu\/?p=31355\" target=\"_blank\" rel=\"noopener\">recension<\/a> Kultursidan.nu 29\/6 2017<\/p>\n<p>BR\u00c5VALLA \u2013 INF\u00d6R FESTIVALEN<br \/>\nFemte Br\u00e5vallafestivalen lyfter igen <a href=\"https:\/\/www.kultursidan.nu\/?p=31347\" target=\"_blank\" rel=\"noopener\">reportage<\/a> Kultursidan.nu 28\/6 2017<br \/>\nH\u00e5kan Hellstr\u00f6m Br\u00e5vallas sista headline <a href=\"https:\/\/www.kultursidan.nu\/?p=30488\" target=\"_blank\" rel=\"noopener\">KortNytt<\/a> Kultursidan.nu 23\/4 2017<br \/>\nBamse med v\u00e4nner inleder p\u00e5 Br\u00e5valla <a href=\"https:\/\/www.kultursidan.nu\/?p=29578\" target=\"_blank\" rel=\"noopener\">KortNytt<\/a> Kultursidan.nu 24\/2 2017<br \/>\nLaleh tillbaka till Br\u00e5valla i sommar <a href=\"https:\/\/www.kultursidan.nu\/?p=28971\" target=\"_blank\" rel=\"noopener\">KortNytt<\/a> Kultursidan.nu 25\/1 2016<br \/>\nEllie Goulding till Br\u00e5valla festival <a href=\"https:\/\/www.kultursidan.nu\/?p=28459\" target=\"_blank\" rel=\"noopener\">KortNytt<\/a> Kultursidan.nu 19\/12 2016<br \/>\nBr\u00e5valla festival firar fem med fyra och sex <a href=\"https:\/\/www.kultursidan.nu\/?p=28231\" target=\"_blank\" rel=\"noopener\">artikel<\/a> Kultursidan.nu 5\/12 2016<\/p>\n","protected":false},"excerpt":{"rendered":"<p>NORRK\u00d6PING Sj\u00e4lsbl\u00e4strande rock. Linkin Park har alltid haft bra l\u00e5tar, ocks\u00e5 textm\u00e4ssigt. Det \u00e4r i de gamla l\u00e5tarna publiken blir vild. Chester Bennington sjunger nedtonat i Crawling och f\u00e5r en tr\u00f6stande klapp p\u00e5 axeln. <a class=\"continue-reading-link\" href=\"https:\/\/www.kultursidan.nu\/?p=31464\">L\u00e4s mer <span class=\"meta-nav\">&rarr; <\/span><\/a><\/p>\n","protected":false},"author":1001006,"featured_media":0,"comment_status":"closed","ping_status":"open","sticky":false,"template":"","format":"standard","meta":{"_jetpack_memberships_contains_paid_content":false,"footnotes":""},"categories":[7],"tags":[29,13],"class_list":["post-31464","post","type-post","status-publish","format-standard","hentry","category-norrkoping","tag-festival","tag-musik"],"jetpack_featured_media_url":"","jetpack_sharing_enabled":true,"_links":{"self":[{"href":"https:\/\/www.kultursidan.nu\/index.php?rest_route=\/wp\/v2\/posts\/31464","targetHints":{"allow":["GET"]}}],"collection":[{"href":"https:\/\/www.kultursidan.nu\/index.php?rest_route=\/wp\/v2\/posts"}],"about":[{"href":"https:\/\/www.kultursidan.nu\/index.php?rest_route=\/wp\/v2\/types\/post"}],"author":[{"embeddable":true,"href":"https:\/\/www.kultursidan.nu\/index.php?rest_route=\/wp\/v2\/users\/1001006"}],"replies":[{"embeddable":true,"href":"https:\/\/www.kultursidan.nu\/index.php?rest_route=%2Fwp%2Fv2%2Fcomments&post=31464"}],"version-history":[{"count":2,"href":"https:\/\/www.kultursidan.nu\/index.php?rest_route=\/wp\/v2\/posts\/31464\/revisions"}],"predecessor-version":[{"id":31468,"href":"https:\/\/www.kultursidan.nu\/index.php?rest_route=\/wp\/v2\/posts\/31464\/revisions\/31468"}],"wp:attachment":[{"href":"https:\/\/www.kultursidan.nu\/index.php?rest_route=%2Fwp%2Fv2%2Fmedia&parent=31464"}],"wp:term":[{"taxonomy":"category","embeddable":true,"href":"https:\/\/www.kultursidan.nu\/index.php?rest_route=%2Fwp%2Fv2%2Fcategories&post=31464"},{"taxonomy":"post_tag","embeddable":true,"href":"https:\/\/www.kultursidan.nu\/index.php?rest_route=%2Fwp%2Fv2%2Ftags&post=31464"}],"curies":[{"name":"wp","href":"https:\/\/api.w.org\/{rel}","templated":true}]}}