{"id":31472,"date":"2017-07-01T21:09:40","date_gmt":"2017-07-01T20:09:40","guid":{"rendered":"https:\/\/intelligent-friend-7861.standoutwp.com\/?p=31472"},"modified":"2017-07-01T21:09:40","modified_gmt":"2017-07-01T20:09:40","slug":"bravalla-marika-carlsson-lyfte-taltet-recension","status":"publish","type":"post","link":"https:\/\/www.kultursidan.nu\/?p=31472","title":{"rendered":"Br\u00e5valla: Marika Carlsson lyfte t\u00e4ltet (recension)"},"content":{"rendered":"<p><img loading=\"lazy\" decoding=\"async\" class=\"alignnone size-medium wp-image-31473\" src=\"https:\/\/www.kultursidan.nu\/wp-content\/uploads\/2017\/07\/IMGP3959-567x376.jpg\" alt=\"\" width=\"567\" height=\"376\" srcset=\"https:\/\/www.kultursidan.nu\/wp-content\/uploads\/2017\/07\/IMGP3959-567x376.jpg 567w, https:\/\/www.kultursidan.nu\/wp-content\/uploads\/2017\/07\/IMGP3959-768x509.jpg 768w, https:\/\/www.kultursidan.nu\/wp-content\/uploads\/2017\/07\/IMGP3959-1024x678.jpg 1024w, https:\/\/www.kultursidan.nu\/wp-content\/uploads\/2017\/07\/IMGP3959-503x333.jpg 503w, https:\/\/www.kultursidan.nu\/wp-content\/uploads\/2017\/07\/IMGP3959-150x99.jpg 150w, https:\/\/www.kultursidan.nu\/wp-content\/uploads\/2017\/07\/IMGP3959.jpg 1280w\" sizes=\"auto, (max-width: 567px) 100vw, 567px\" \/><br \/>\n<em>Publiken i sin hand. Marika Carlsson presenterade b\u00e5de \u00e4ldre och nyare material i sin humorakt p\u00e5 Br\u00e5valla.<\/em><\/p>\n<p>&nbsp;<\/p>\n<h1><span style=\"color: #ff0000;\">Publiken \u00e4lskar henne f\u00f6r det<\/span><\/h1>\n<p>&nbsp;<\/p>\n<p>NORRK\u00d6PING <strong>Tr\u00e4ffs\u00e4kert.<\/strong> St\u00e5uppkomikern Marika Carlsson har en n\u00e4rvaro och styrka som f\u00e5 kollegor. T\u00e4ltduken n\u00e4stan lyfter av publikens jubel.<\/p>\n<blockquote>\n<h3 style=\"text-align: right;\"><em>BR\u00c5VALLA FESTIVAL Norrk\u00f6ping<\/em><\/h3>\n<p style=\"text-align: right;\">29 juni 2017 <em><br \/>\nScen: Norrk\u00f6ping Lounge<br \/>\n<strong>\u2028Marika Carlsson<\/strong><br \/>\nStandup<\/em><\/p><\/blockquote>\n<p>&nbsp;<\/p>\n<p><strong>Marika Carlsson \u00e4r torsdagens stj\u00e4rna p\u00e5 Br\u00e5vallas st\u00e5 upp scen och det m\u00e4rks att hon har stor rutin i bagaget.<\/strong> Hon presenterar f\u00f6r mig mycket nytt material, men ocks\u00e5 en del gammalt fr\u00e5n hennes show <em>En negers uppv\u00e4xt<\/em>. Det \u00e4r tr\u00e4ffs\u00e4kert och publiken \u00e4lskar henne f\u00f6r det.<\/p>\n<p>Hon har en n\u00e4rvaro och en styrka som f\u00e5 svenska st\u00e5uppare har och det m\u00e4rks p\u00e5 publiktrycket d\u00e5 t\u00e4ltduken n\u00e4stan lyfter av alla appl\u00e5der och jubel. Och det \u00e4r inte enbart f\u00f6r att hon haft tre uppv\u00e4rmare f\u00f6re sig. Hon \u00e4r helt enkelt s\u00e5 bra!<\/p>\n<p>&nbsp;<\/p>\n<p><a title=\"Marika Carlsson\" href=\"https:\/\/www.flickr.com\/photos\/kultursidan\/35655182325\/in\/album-72157682859606814\/\"><img loading=\"lazy\" decoding=\"async\" src=\"https:\/\/farm5.staticflickr.com\/4283\/35655182325_890e08786e.jpg\" alt=\"Marika Carlsson\" width=\"331\" height=\"500\" \/><\/a><br \/>\n<em>Ett gott skratt. Med Marica Carlsson.<\/em><\/p>\n<p>&nbsp;<\/p>\n<p><strong>Liksom f\u00f6reg\u00e5ende akter st\u00f6rs hon, eller r\u00e4ttare sagt vi i publiken, av ljud fr\u00e5n de andra scenerna om det s\u00e5 \u00e4r spelningar eller soundcheck.<\/strong> Hon k\u00f6r p\u00e5 och l\u00e5ter inte det st\u00f6ra henne, vilket hon ska ha all heder f\u00f6r.<\/p>\n<p>Hade jag h\u00f6rt gn\u00e4ll om det \u00e5terigen s\u00e5 hade jag storknat, men Br\u00e5valla g\u00f6r klokt i att se \u00f6ver lokaliteterna tills n\u00e4sta \u00e5r.<\/p>\n<p><em>\u00a9 Text: Carl Adam Tillberg<\/em><br \/>\n<em>\u00a9 Foto: Samuel Sandelin<\/em><\/p>\n<p>L\u00c4NKAR<br \/>\nMarika Karlsson <a href=\"http:\/\/marikacarlsson.com\" target=\"_blank\" rel=\"noopener\">hemsida<\/a> <a href=\"https:\/\/www.facebook.com\/Marika-Carlsson-2061574113937604\/\" target=\"_blank\" rel=\"noopener\">Facebook<\/a><br \/>\nBr\u00e5valla Festival <a href=\"http:\/\/www.bravallafestival.se\" target=\"_blank\" rel=\"noopener noreferrer\">hemsida<\/a> <a href=\"http:\/\/www.bravallafestival.se\/biljetter.html\" target=\"_blank\" rel=\"noopener noreferrer\">biljetter<\/a>\u00a0 <a href=\"https:\/\/www.facebook.com\/bravallafestivalen\/?fref=ts\" target=\"_blank\" rel=\"noopener noreferrer\">Facebook<\/a>\u00a0 <a href=\"https:\/\/www.facebook.com\/events\/1235720856494135\/\" target=\"_blank\" rel=\"noopener noreferrer\">FB-evenemang<\/a><\/p>\n<p>L\u00d6RDAG 1 JULI<br \/>\nV\u00e5ldt\u00e4kt s\u00e4tter stopp f\u00f6r Br\u00e5valla 2018 <a href=\"https:\/\/www.kultursidan.nu\/?p=31447\" target=\"_blank\" rel=\"noopener\">reportage<\/a> Kultursidan.nu 1\/7 2017<\/p>\n<p>FREDAG 30 JUNI<br \/>\nBr\u00e5valla: H\u00e5kan Hellstr\u00f6m fick upp farten <a href=\"https:\/\/www.kultursidan.nu\/?p=31459\" target=\"_blank\" rel=\"noopener\">recension<\/a> Kultursidan.nu 1\/7 2017<br \/>\nBr\u00e5valla: H\u00e5kan Hellstr\u00f6ms revolverkonst <a href=\"https:\/\/www.kultursidan.nu\/?p=31454\" target=\"_blank\" rel=\"noopener\">reportage<\/a> Kultursidan.nu 1\/7 2017<\/p>\n<p>TORSDAG 29 JUNI<br \/>\nBr\u00e5valla: Obeskrivliga Gogol Bordello <a href=\"https:\/\/www.kultursidan.nu\/?p=31469\" target=\"_blank\" rel=\"noopener\">recension<\/a> Kultursidan.nu 1\/7 2017<br \/>\nBr\u00e5valla: Linkin Park blottar sin sj\u00e4l <a href=\"https:\/\/www.kultursidan.nu\/?p=31464\" target=\"_blank\" rel=\"noopener\">recension<\/a> Kultursidan.nu 1\/7 2017<br \/>\nBr\u00e5valla: \u00d6zz N\u00fbjen g\u00e5r \u00e5ter rakt p\u00e5 sak <a href=\"https:\/\/www.kultursidan.nu\/?p=31439\" target=\"_blank\" rel=\"noopener\">recension<\/a> Kultursidan.nu 1\/7 2017<br \/>\nBr\u00e5valla: Hiten lyfte vemodets Passenger <a href=\"https:\/\/www.kultursidan.nu\/?p=31431\" target=\"_blank\" rel=\"noopener\">recension<\/a> Kultursidan.nu 30\/6 2017<br \/>\nBr\u00e5valla: LP:s starka gl\u00f6d v\u00e4rmer publiken <a href=\"https:\/\/www.kultursidan.nu\/?p=31427\" target=\"_blank\" rel=\"noopener\">recension<\/a> Kultursidan.nu 30\/6 2017<br \/>\nBr\u00e5valla: Johan Hurtig st\u00e5r upp j\u00e4mlikt <a href=\"https:\/\/www.kultursidan.nu\/?p=31417\" target=\"_blank\" rel=\"noopener\">recension<\/a> Kultursidan.nu 30\/6 2017<br \/>\nBr\u00e5valla: Finst\u00e4md magi med Ane Brun <a href=\"https:\/\/www.kultursidan.nu\/?p=31412\" target=\"_blank\" rel=\"noopener\">recension<\/a> Kultursidan.nu 30\/6 2017<br \/>\nBr\u00e5valla: Norrk\u00f6pingsk\u00f6rens bob hund <a href=\"https:\/\/www.kultursidan.nu\/?p=31403\" target=\"_blank\" rel=\"noopener\">recension<\/a> Kultursidan.nu 30\/6 2017<br \/>\nBr\u00e5valla: Adept k\u00f6r h\u00e5rt s\u00e5 det ryker <a href=\"https:\/\/www.kultursidan.nu\/?p=31385\" target=\"_blank\" rel=\"noopener\">recension<\/a> Kultursidan.nu 29\/6 2017<br \/>\nBr\u00e5valla: Gavin James i vemodets dunkel <a href=\"https:\/\/www.kultursidan.nu\/?p=31380\" target=\"_blank\" rel=\"noopener\">recension<\/a> Kultursidan.nu 29\/6 2017<\/p>\n<p>ONSDAG 28 JUNI<br \/>\nBr\u00e5valla: Scooters trista stripklubb <a href=\"https:\/\/www.kultursidan.nu\/?p=31372\" target=\"_blank\" rel=\"noopener\">recension<\/a> Kultursidan.nu 29\/6 2017<br \/>\nBr\u00e5valla: Sabaton i krigets larm och damm <a href=\"https:\/\/www.kultursidan.nu\/?p=31366\" target=\"_blank\" rel=\"noopener\">recension<\/a> Kultursidan.nu 29\/6 2017<br \/>\nBr\u00e5valla: Skindred, Bamse &amp; publiken <a href=\"https:\/\/www.kultursidan.nu\/?p=31355\" target=\"_blank\" rel=\"noopener\">recension<\/a> Kultursidan.nu 29\/6 2017<\/p>\n<p>BR\u00c5VALLA \u2013 INF\u00d6R FESTIVALEN<br \/>\nFemte Br\u00e5vallafestivalen lyfter igen <a href=\"https:\/\/www.kultursidan.nu\/?p=31347\" target=\"_blank\" rel=\"noopener\">reportage<\/a> Kultursidan.nu 28\/6 2017<br \/>\nH\u00e5kan Hellstr\u00f6m Br\u00e5vallas sista headline <a href=\"https:\/\/www.kultursidan.nu\/?p=30488\" target=\"_blank\" rel=\"noopener\">KortNytt<\/a> Kultursidan.nu 23\/4 2017<br \/>\nBamse med v\u00e4nner inleder p\u00e5 Br\u00e5valla <a href=\"https:\/\/www.kultursidan.nu\/?p=29578\" target=\"_blank\" rel=\"noopener\">KortNytt<\/a> Kultursidan.nu 24\/2 2017<br \/>\nLaleh tillbaka till Br\u00e5valla i sommar <a href=\"https:\/\/www.kultursidan.nu\/?p=28971\" target=\"_blank\" rel=\"noopener\">KortNytt<\/a> Kultursidan.nu 25\/1 2016<br \/>\nEllie Goulding till Br\u00e5valla festival <a href=\"https:\/\/www.kultursidan.nu\/?p=28459\" target=\"_blank\" rel=\"noopener\">KortNytt<\/a> Kultursidan.nu 19\/12 2016<br \/>\nBr\u00e5valla festival firar fem med fyra och sex <a href=\"https:\/\/www.kultursidan.nu\/?p=28231\" target=\"_blank\" rel=\"noopener\">artikel<\/a> Kultursidan.nu 5\/12 2016<\/p>\n","protected":false},"excerpt":{"rendered":"<p>NORRK\u00d6PING Tr\u00e4ffs\u00e4kert. St\u00e5uppkomikern Marika Carlsson har en n\u00e4rvaro och styrka som f\u00e5 kollegor. T\u00e4ltduken n\u00e4stan lyfter av publikens jubel. <a class=\"continue-reading-link\" href=\"https:\/\/www.kultursidan.nu\/?p=31472\">L\u00e4s mer <span class=\"meta-nav\">&rarr; <\/span><\/a><\/p>\n","protected":false},"author":1001006,"featured_media":0,"comment_status":"closed","ping_status":"open","sticky":false,"template":"","format":"standard","meta":{"_jetpack_memberships_contains_paid_content":false,"footnotes":""},"categories":[7],"tags":[29,19],"class_list":["post-31472","post","type-post","status-publish","format-standard","hentry","category-norrkoping","tag-festival","tag-standup"],"jetpack_featured_media_url":"","jetpack_sharing_enabled":true,"_links":{"self":[{"href":"https:\/\/www.kultursidan.nu\/index.php?rest_route=\/wp\/v2\/posts\/31472","targetHints":{"allow":["GET"]}}],"collection":[{"href":"https:\/\/www.kultursidan.nu\/index.php?rest_route=\/wp\/v2\/posts"}],"about":[{"href":"https:\/\/www.kultursidan.nu\/index.php?rest_route=\/wp\/v2\/types\/post"}],"author":[{"embeddable":true,"href":"https:\/\/www.kultursidan.nu\/index.php?rest_route=\/wp\/v2\/users\/1001006"}],"replies":[{"embeddable":true,"href":"https:\/\/www.kultursidan.nu\/index.php?rest_route=%2Fwp%2Fv2%2Fcomments&post=31472"}],"version-history":[{"count":3,"href":"https:\/\/www.kultursidan.nu\/index.php?rest_route=\/wp\/v2\/posts\/31472\/revisions"}],"predecessor-version":[{"id":31476,"href":"https:\/\/www.kultursidan.nu\/index.php?rest_route=\/wp\/v2\/posts\/31472\/revisions\/31476"}],"wp:attachment":[{"href":"https:\/\/www.kultursidan.nu\/index.php?rest_route=%2Fwp%2Fv2%2Fmedia&parent=31472"}],"wp:term":[{"taxonomy":"category","embeddable":true,"href":"https:\/\/www.kultursidan.nu\/index.php?rest_route=%2Fwp%2Fv2%2Fcategories&post=31472"},{"taxonomy":"post_tag","embeddable":true,"href":"https:\/\/www.kultursidan.nu\/index.php?rest_route=%2Fwp%2Fv2%2Ftags&post=31472"}],"curies":[{"name":"wp","href":"https:\/\/api.w.org\/{rel}","templated":true}]}}