{"id":31553,"date":"2017-07-05T15:44:00","date_gmt":"2017-07-05T14:44:00","guid":{"rendered":"https:\/\/intelligent-friend-7861.standoutwp.com\/?p=31553"},"modified":"2017-07-05T16:17:37","modified_gmt":"2017-07-05T15:17:37","slug":"bravalla-inte-sabina-ddumbas-basta-dag-recension","status":"publish","type":"post","link":"https:\/\/www.kultursidan.nu\/?p=31553","title":{"rendered":"Br\u00e5valla: Inte Sabina Ddumbas b\u00e4sta dag (recension)"},"content":{"rendered":"<p><img loading=\"lazy\" decoding=\"async\" class=\"alignnone size-medium wp-image-31554\" src=\"https:\/\/www.kultursidan.nu\/wp-content\/uploads\/2017\/07\/ddumba-567x363.jpg\" alt=\"\" width=\"567\" height=\"363\" srcset=\"https:\/\/www.kultursidan.nu\/wp-content\/uploads\/2017\/07\/ddumba-567x363.jpg 567w, https:\/\/www.kultursidan.nu\/wp-content\/uploads\/2017\/07\/ddumba-768x492.jpg 768w, https:\/\/www.kultursidan.nu\/wp-content\/uploads\/2017\/07\/ddumba-1024x656.jpg 1024w, https:\/\/www.kultursidan.nu\/wp-content\/uploads\/2017\/07\/ddumba-520x333.jpg 520w, https:\/\/www.kultursidan.nu\/wp-content\/uploads\/2017\/07\/ddumba-150x96.jpg 150w, https:\/\/www.kultursidan.nu\/wp-content\/uploads\/2017\/07\/ddumba.jpg 1280w\" sizes=\"auto, (max-width: 567px) 100vw, 567px\" \/><br \/>\n<em>Sv\u00e4ng. Sabina Ddumbas \u00e5terkomst till Br\u00e5valla blev tr\u00e5kigare \u00e4n f\u00f6rv\u00e4ntat.<\/em><\/p>\n<p>&nbsp;<\/p>\n<h1><span style=\"color: #ff0000;\">Hon \u00e4r egentligen v\u00e4rd s\u00e5 mycket mer<\/span><\/h1>\n<p>&nbsp;<\/p>\n<p>RECENSION\/NORRK\u00d6PING <strong>F\u00f6rsenad i regnet.<\/strong> Sabina Ddumbas spelning p\u00e5 Br\u00e5valla blev tr\u00e5kig. Hon \u00e4r skicklig och publiken dansar men stressar p\u00e5 bandet. Hon \u00e4r v\u00e4rd s\u00e5 mycket mer men den h\u00e4r dagen var inte hennes dag.<\/p>\n<blockquote>\n<h3 style=\"text-align: right;\"><em>BR\u00c5VALLA FESTIVAL Norrk\u00f6ping<\/em><\/h3>\n<p style=\"text-align: right;\">30 juni 2017<br \/>\n<em>Scen: Panorama \u2028<\/em><br \/>\n<strong> <em>Sabina Ddumba \u2028<\/em><\/strong><br \/>\n<em>Pop\/Soul<\/em><\/p><\/blockquote>\n<p><strong>Sabina Ddumba kliver ut p\u00e5 scenen ganska mycket f\u00f6rsent.<\/strong> Om det \u00e4r teknikstrul p\u00e5 grund av det ih\u00e5llande regnet eller inte \u00e5terst\u00e5r att fundera p\u00e5, men sen \u00e4r hon i alla fall.<\/p>\n<p>Hon g\u00e5r ut till mikrofonen efter sitt band och b\u00f6rjar sjunga p\u00e5 f\u00f6rsta l\u00e5ten. Publiken gungar med och de \u00e4r d\u00e4r f\u00f6r att roa sig, trots v\u00e4dret, och klappar strax i takt med h\u00e4nderna h\u00f6gt \u00f6ver huvudet.<\/p>\n<p><strong>Jag vet inte om Sabina Ddumba fryser och vill av scenen s\u00e5 fort som m\u00f6jligt eller om det \u00e4r tidsbristen p\u00e5 grund av f\u00f6rseningen som stressar henne, f\u00f6r hon \u00e4r tr\u00e5kig.<\/strong> Det lilla hon s\u00e4ger mellan l\u00e5tarna \u00e4r ett kort tack och uppmanar bandet att k\u00f6ra ig\u00e5ng n\u00e4sta l\u00e5t. Det \u00e4r ingen intensitet i hennes scenframst\u00e4llan och ett tag funderar jag p\u00e5 om jag inte lika g\u00e4rna kunnat lyssna hemma i vardagsrummet och f\u00e5 samma upplevelse.<\/p>\n<p><strong>Ddumba \u00e4r skicklig, mycket skicklig p\u00e5 sin musik och det sv\u00e4nger verkligen.<\/strong> Publiken dansar, men jag st\u00e5r och tycker att det h\u00e4r inte var v\u00e4rt det att st\u00e5 i regnet som piskar mig i ansiktet f\u00f6r. Det \u00e4r tr\u00e5kigt att jag k\u00e4nner s\u00e5 f\u00f6r hon \u00e4r egentligen v\u00e4rd s\u00e5 mycket mer, det vet jag, men bara inte idag. Tyv\u00e4rr.<\/p>\n<p><em>\u00a9 Text: Carl Adam Tillberg <\/em><br \/>\n<em>\u2028\u00a9 Foto: Hanna Svensson<\/em><\/p>\n<p>L\u00c4NKAR<br \/>\nSabina Ddumba <a href=\"https:\/\/sv.wikipedia.org\/wiki\/Sabina_Ddumba\" target=\"_blank\" rel=\"noopener\">Wikipedia<\/a> <a href=\"https:\/\/www.facebook.com\/SabinaDdumbaOfficial\/?fref=ts\" target=\"_blank\" rel=\"noopener\">Facebook<\/a><br \/>\nBr\u00e5valla Festival <a href=\"http:\/\/www.bravallafestival.se\" target=\"_blank\" rel=\"noopener noreferrer\">hemsida<\/a> <a href=\"http:\/\/www.bravallafestival.se\/biljetter.html\" target=\"_blank\" rel=\"noopener noreferrer\">biljetter<\/a>\u00a0 <a href=\"https:\/\/www.facebook.com\/bravallafestivalen\/?fref=ts\" target=\"_blank\" rel=\"noopener noreferrer\">Facebook<\/a>\u00a0 <a href=\"https:\/\/www.facebook.com\/events\/1235720856494135\/\" target=\"_blank\" rel=\"noopener noreferrer\">FB-evenemang<\/a><\/p>\n<p>L\u00d6RDAG 1 JULI<br \/>\nV\u00e5ldt\u00e4kt s\u00e4tter stopp f\u00f6r Br\u00e5valla 2018 <a href=\"https:\/\/www.kultursidan.nu\/?p=31447\" target=\"_blank\" rel=\"noopener\">reportage<\/a> Kultursidan.nu 1\/7 2017<\/p>\n<p>FREDAG 30 JUNI<br \/>\nBr\u00e5valla: Filip &amp; Fredriks levande podcast <a href=\"https:\/\/www.kultursidan.nu\/?p=31547\" target=\"_blank\" rel=\"noopener\">recension<\/a> Kultursidan.nu 5\/7 2017<br \/>\nBr\u00e5valla: Mando Diaos sk\u00f6naste samspel <a href=\"https:\/\/www.kultursidan.nu\/?p=31542\" target=\"_blank\" rel=\"noopener\">recension<\/a> Kultursidan.nu 5\/7 2017<br \/>\nBr\u00e5valla: H\u00e5kan Hellstr\u00f6m fick upp farten <a href=\"https:\/\/www.kultursidan.nu\/?p=31459\" target=\"_blank\" rel=\"noopener\">recension<\/a> Kultursidan.nu 1\/7 2017<br \/>\nBr\u00e5valla: H\u00e5kan Hellstr\u00f6ms revolverkonst <a href=\"https:\/\/www.kultursidan.nu\/?p=31454\" target=\"_blank\" rel=\"noopener\">reportage<\/a> Kultursidan.nu 1\/7 2017<\/p>\n<p>TORSDAG 29 JUNI<br \/>\nBr\u00e5valla: Marika Carlsson lyfte t\u00e4ltet <a href=\"https:\/\/www.kultursidan.nu\/?p=31472\" target=\"_blank\" rel=\"noopener\">recension<\/a> Kultursidan.nu 1\/7 2017<br \/>\nBr\u00e5valla: Obeskrivliga Gogol Bordello <a href=\"https:\/\/www.kultursidan.nu\/?p=31469\" target=\"_blank\" rel=\"noopener\">recension<\/a> Kultursidan.nu 1\/7 2017<br \/>\nBr\u00e5valla: Linkin Park blottar sin sj\u00e4l <a href=\"https:\/\/www.kultursidan.nu\/?p=31464\" target=\"_blank\" rel=\"noopener\">recension<\/a> Kultursidan.nu 1\/7 2017<br \/>\nBr\u00e5valla: \u00d6zz N\u00fbjen g\u00e5r \u00e5ter rakt p\u00e5 sak <a href=\"https:\/\/www.kultursidan.nu\/?p=31439\" target=\"_blank\" rel=\"noopener\">recension<\/a> Kultursidan.nu 1\/7 2017<br \/>\nBr\u00e5valla: Hiten lyfte vemodets Passenger <a href=\"https:\/\/www.kultursidan.nu\/?p=31431\" target=\"_blank\" rel=\"noopener\">recension<\/a> Kultursidan.nu 30\/6 2017<br \/>\nBr\u00e5valla: LP:s starka gl\u00f6d v\u00e4rmer publiken <a href=\"https:\/\/www.kultursidan.nu\/?p=31427\" target=\"_blank\" rel=\"noopener\">recension<\/a> Kultursidan.nu 30\/6 2017<br \/>\nBr\u00e5valla: Johan Hurtig st\u00e5r upp j\u00e4mlikt <a href=\"https:\/\/www.kultursidan.nu\/?p=31417\" target=\"_blank\" rel=\"noopener\">recension<\/a> Kultursidan.nu 30\/6 2017<br \/>\nBr\u00e5valla: Finst\u00e4md magi med Ane Brun <a href=\"https:\/\/www.kultursidan.nu\/?p=31412\" target=\"_blank\" rel=\"noopener\">recension<\/a> Kultursidan.nu 30\/6 2017<br \/>\nBr\u00e5valla: Norrk\u00f6pingsk\u00f6rens bob hund <a href=\"https:\/\/www.kultursidan.nu\/?p=31403\" target=\"_blank\" rel=\"noopener\">recension<\/a> Kultursidan.nu 30\/6 2017<br \/>\nBr\u00e5valla: Adept k\u00f6r h\u00e5rt s\u00e5 det ryker <a href=\"https:\/\/www.kultursidan.nu\/?p=31385\" target=\"_blank\" rel=\"noopener\">recension<\/a> Kultursidan.nu 29\/6 2017<br \/>\nBr\u00e5valla: Gavin James i vemodets dunkel <a href=\"https:\/\/www.kultursidan.nu\/?p=31380\" target=\"_blank\" rel=\"noopener\">recension<\/a> Kultursidan.nu 29\/6 2017<\/p>\n<p>ONSDAG 28 JUNI<br \/>\nBr\u00e5valla: Scooters trista stripklubb <a href=\"https:\/\/www.kultursidan.nu\/?p=31372\" target=\"_blank\" rel=\"noopener\">recension<\/a> Kultursidan.nu 29\/6 2017<br \/>\nBr\u00e5valla: Sabaton i krigets larm och damm <a href=\"https:\/\/www.kultursidan.nu\/?p=31366\" target=\"_blank\" rel=\"noopener\">recension<\/a> Kultursidan.nu 29\/6 2017<br \/>\nBr\u00e5valla: Skindred, Bamse &amp; publiken <a href=\"https:\/\/www.kultursidan.nu\/?p=31355\" target=\"_blank\" rel=\"noopener\">recension<\/a> Kultursidan.nu 29\/6 2017<\/p>\n<p>BR\u00c5VALLA \u2013 INF\u00d6R FESTIVALEN<br \/>\nFemte Br\u00e5vallafestivalen lyfter igen <a href=\"https:\/\/www.kultursidan.nu\/?p=31347\" target=\"_blank\" rel=\"noopener\">reportage<\/a> Kultursidan.nu 28\/6 2017<br \/>\nH\u00e5kan Hellstr\u00f6m Br\u00e5vallas sista headline <a href=\"https:\/\/www.kultursidan.nu\/?p=30488\" target=\"_blank\" rel=\"noopener\">KortNytt<\/a> Kultursidan.nu 23\/4 2017<br \/>\nBamse med v\u00e4nner inleder p\u00e5 Br\u00e5valla <a href=\"https:\/\/www.kultursidan.nu\/?p=29578\" target=\"_blank\" rel=\"noopener\">KortNytt<\/a> Kultursidan.nu 24\/2 2017<br \/>\nLaleh tillbaka till Br\u00e5valla i sommar <a href=\"https:\/\/www.kultursidan.nu\/?p=28971\" target=\"_blank\" rel=\"noopener\">KortNytt<\/a> Kultursidan.nu 25\/1 2016<br \/>\nEllie Goulding till Br\u00e5valla festival <a href=\"https:\/\/www.kultursidan.nu\/?p=28459\" target=\"_blank\" rel=\"noopener\">KortNytt<\/a> Kultursidan.nu 19\/12 2016<br \/>\nBr\u00e5valla festival firar fem med fyra och sex <a href=\"https:\/\/www.kultursidan.nu\/?p=28231\" target=\"_blank\" rel=\"noopener\">artikel<\/a> Kultursidan.nu 5\/12 2016<\/p>\n<p>Gatlopp mellan Br\u00e5valla scener <a href=\"https:\/\/www.kultursidan.nu\/?p=20376\" target=\"_blank\" rel=\"noopener\">samlingsrecension<\/a> Kultursidan.nu 27\/6 2015<\/p>\n","protected":false},"excerpt":{"rendered":"<p>NORRK\u00d6PING F\u00f6rsenad i regnet. Sabina Ddumbas spelning p\u00e5 Br\u00e5valla blev tr\u00e5kig. Hon \u00e4r skicklig och publiken dansar men stressar p\u00e5 bandet. Hon \u00e4r v\u00e4rd s\u00e5 mycket mer men den h\u00e4r dagen var inte hennes dag.  <a class=\"continue-reading-link\" href=\"https:\/\/www.kultursidan.nu\/?p=31553\">L\u00e4s mer <span class=\"meta-nav\">&rarr; <\/span><\/a><\/p>\n","protected":false},"author":1001006,"featured_media":0,"comment_status":"closed","ping_status":"open","sticky":false,"template":"","format":"standard","meta":{"_jetpack_memberships_contains_paid_content":false,"footnotes":""},"categories":[7],"tags":[29,13],"class_list":["post-31553","post","type-post","status-publish","format-standard","hentry","category-norrkoping","tag-festival","tag-musik"],"jetpack_featured_media_url":"","jetpack_sharing_enabled":true,"_links":{"self":[{"href":"https:\/\/www.kultursidan.nu\/index.php?rest_route=\/wp\/v2\/posts\/31553","targetHints":{"allow":["GET"]}}],"collection":[{"href":"https:\/\/www.kultursidan.nu\/index.php?rest_route=\/wp\/v2\/posts"}],"about":[{"href":"https:\/\/www.kultursidan.nu\/index.php?rest_route=\/wp\/v2\/types\/post"}],"author":[{"embeddable":true,"href":"https:\/\/www.kultursidan.nu\/index.php?rest_route=\/wp\/v2\/users\/1001006"}],"replies":[{"embeddable":true,"href":"https:\/\/www.kultursidan.nu\/index.php?rest_route=%2Fwp%2Fv2%2Fcomments&post=31553"}],"version-history":[{"count":3,"href":"https:\/\/www.kultursidan.nu\/index.php?rest_route=\/wp\/v2\/posts\/31553\/revisions"}],"predecessor-version":[{"id":31558,"href":"https:\/\/www.kultursidan.nu\/index.php?rest_route=\/wp\/v2\/posts\/31553\/revisions\/31558"}],"wp:attachment":[{"href":"https:\/\/www.kultursidan.nu\/index.php?rest_route=%2Fwp%2Fv2%2Fmedia&parent=31553"}],"wp:term":[{"taxonomy":"category","embeddable":true,"href":"https:\/\/www.kultursidan.nu\/index.php?rest_route=%2Fwp%2Fv2%2Fcategories&post=31553"},{"taxonomy":"post_tag","embeddable":true,"href":"https:\/\/www.kultursidan.nu\/index.php?rest_route=%2Fwp%2Fv2%2Ftags&post=31553"}],"curies":[{"name":"wp","href":"https:\/\/api.w.org\/{rel}","templated":true}]}}