{"id":31557,"date":"2017-07-05T16:31:09","date_gmt":"2017-07-05T15:31:09","guid":{"rendered":"https:\/\/intelligent-friend-7861.standoutwp.com\/?p=31557"},"modified":"2017-07-05T17:22:04","modified_gmt":"2017-07-05T16:22:04","slug":"bravalla-danko-jones-taggade-rock-n-roll-recension","status":"publish","type":"post","link":"https:\/\/www.kultursidan.nu\/?p=31557","title":{"rendered":"Br\u00e5valla: Danko Jones taggade rock \u2019n\u2019 roll (recension)"},"content":{"rendered":"<p><img loading=\"lazy\" decoding=\"async\" class=\"alignnone size-medium wp-image-31561\" src=\"https:\/\/www.kultursidan.nu\/wp-content\/uploads\/2017\/07\/IMGP4506-567x376.jpg\" alt=\"\" width=\"567\" height=\"376\" srcset=\"https:\/\/www.kultursidan.nu\/wp-content\/uploads\/2017\/07\/IMGP4506-567x376.jpg 567w, https:\/\/www.kultursidan.nu\/wp-content\/uploads\/2017\/07\/IMGP4506-768x509.jpg 768w, https:\/\/www.kultursidan.nu\/wp-content\/uploads\/2017\/07\/IMGP4506-1024x678.jpg 1024w, https:\/\/www.kultursidan.nu\/wp-content\/uploads\/2017\/07\/IMGP4506-503x333.jpg 503w, https:\/\/www.kultursidan.nu\/wp-content\/uploads\/2017\/07\/IMGP4506-150x99.jpg 150w, https:\/\/www.kultursidan.nu\/wp-content\/uploads\/2017\/07\/IMGP4506.jpg 1280w\" sizes=\"auto, (max-width: 567px) 100vw, 567px\" \/><br \/>\n<em>Hett s\u00e5 in i rocken. Danko Jones fyllde Junos t\u00e4lt med taggad rock \u2019n\u2019 roll.<\/em><\/p>\n<p>&nbsp;<\/p>\n<h1><span style=\"color: #ff0000;\">Min fot stampar takten n\u00e4r jag vill bli uppr\u00f6rd<\/span><\/h1>\n<p>&nbsp;<\/p>\n<p>NORRK\u00d6PING <strong>Tredje g\u00e5ngen gillt p\u00e5 Br\u00e5valla.<\/strong> Danko Jones fyller Junos t\u00e4lt med taggad rock \u2019n\u2019 roll och grabbig publik. Det \u00e4r fullt \u00f6s hela tiden och om\u00f6jligt att v\u00e4rja sig mot.<\/p>\n<blockquote>\n<p style=\"text-align: right;\"><em>BR\u00c5VALLA FESTIVAL Norrk\u00f6ping<\/em><\/p>\n<p style=\"text-align: right;\">30 juni 2017<br \/>\n<em>Scen: Juno\u2028<\/em><br \/>\n<em><strong>Danko Jones\u2028<\/strong><\/em><br \/>\n<em>skrevrock<\/em><\/p><\/blockquote>\n<p>&nbsp;<\/p>\n<p><strong>Det \u00e4r dags att s\u00e5ga Danko Jones nu.<\/strong> Han har spelat p\u00e5 Br\u00e5valla b\u00e5de 2013 och 2015, och det \u00e4r mer \u00e4n till\u00e5tet. Denna tredje spelning placerar honom i topp bland \u00e5terkommande akter. Vilket g\u00e5r \u00f6ver gr\u00e4nsen till vad som b\u00f6r anses som acceptabelt. Bara f\u00f6r att han\/de tycker det \u00e4r j\u00e4ttekul att vara tillbaka beh\u00f6ver inte vi andra g\u00f6ra det. Inte alls!<\/p>\n<p><strong>Men Juno, som numera \u00e4r ett t\u00e4lt, \u00e4r precis fullkn\u00f6kat.<\/strong> Tycker inte alla som jag? Och det \u00e4r alls\u00e5ng fr\u00e5n f\u00f6rsta ackordet. Och det \u00e4r n\u00e4var i luften. Och jubelvr\u00e5l mellan l\u00e5tarna.<\/p>\n<p>&nbsp;<\/p>\n<p><a title=\"Danko Jones\" href=\"https:\/\/www.flickr.com\/photos\/kultursidan\/35737586265\/in\/album-72157683045673254\/\"><img loading=\"lazy\" decoding=\"async\" src=\"https:\/\/farm5.staticflickr.com\/4286\/35737586265_c0dcaacb8e.jpg\" alt=\"Danko Jones\" width=\"500\" height=\"331\" \/><\/a><br \/>\n<em>H\u00e5rda trummor. Rich Knox h\u00e5ller takten p\u00e5 ett relativt enkelt batteri.<\/em><\/p>\n<p>&nbsp;<\/p>\n<p><strong>Han har \u00e4ven b\u00f6rjat stelna till.<\/strong> Jag har lyssnat igenom hans senaste skiva, &#8221;Wild cat&#8221;, och d\u00e4r finns inte tillstymmelse till bluesgung l\u00e4ngre. Alla l\u00e5tar \u00e4r st\u00f6pta i en kantig rockmall och handlar om kvinnor. (Eventuellt skulle det kunna vara en och samma kvinna, men det \u00e4r ju inte s\u00e5 rock \u2019n\u2019 roll.)<\/p>\n<p>Det \u00e4r r\u00e5tt, hj\u00e4rnd\u00f6tt r\u00e5\u00f6s fr\u00e5n b\u00f6rjan till slut. Usch! Tyv\u00e4rr m\u00e4rker jag att min fot b\u00f6rjar stampa takten n\u00e4r jag f\u00f6rs\u00f6ker bli uppr\u00f6rd.<\/p>\n<p><strong>Och det \u00e4r samma sak h\u00e4r\u2026<\/strong> Det \u00e4r fullt \u00f6s hela tiden och om\u00f6jligt att v\u00e4rja sig mot. Om m\u00f6jligt \u00e4r det tajtare \u00e4n f\u00f6rra \u00e5ret och Danko \u00e4r mer taggad. T\u00e4ltet \u00e4r mer konsertlokal \u00e4n den tidigare grusplanen, och publiken \u00e4r grabbigare \u00e4n n\u00e5nsin.<\/p>\n<p>&nbsp;<\/p>\n<p><a title=\"Danko Jones\" href=\"https:\/\/www.flickr.com\/photos\/kultursidan\/35737587145\/in\/album-72157683045673254\/\"><img loading=\"lazy\" decoding=\"async\" src=\"https:\/\/farm5.staticflickr.com\/4235\/35737587145_b1769aaf2b.jpg\" alt=\"Danko Jones\" width=\"500\" height=\"331\" \/><\/a><br \/>\n<em>Spelgl\u00e4dje. John Calabrese p\u00e5 l\u00e5gt h\u00e4ngande bas.<\/em><\/p>\n<p>&nbsp;<\/p>\n<p><strong>En grabb h\u00e5ller upp en skylt med texten \u201dDanko for main stage!\u201d<\/strong> Ja, han tjatade ju om det f\u00f6rra \u00e5ret, att han ville dit. Men nu \u00e4r han n\u00f6jd h\u00e4r.<\/p>\n<p>\u2013 We\u2019d like to stay on this stage next year. But we want to play every day!<\/p>\n<p>Ja, det var ju en dag innan vi visste att det inte skulle bli ett n\u00e4sta \u00e5r. Men Danko var s\u00e5 insatt att han visste att det var sista dagen f\u00f6r gamla mynt och sedlar, och han till\u00e4gnar l\u00e5ten <em>Full of regret<\/em> till v\u00e5r utg\u00e5ende valuta. Egendomligt.<\/p>\n<p><strong>Sen k\u00f6r de <em>My Little RnR<\/em> och t\u00e4ltet f\u00f6rvandlas till en tryckkokare.<\/strong> Han spelar till och med ett gitarrsolo, men det l\u00e5ter lite kv\u00e4vt. Egentligen \u00e4r han ju riffens m\u00e4stare. Tyv\u00e4rr glesas publiken ut lite p\u00e5 slutet. Det \u00e4r visst n\u00e5gon som heter H\u00e5kan som spelar p\u00e5 st\u00f6rsta scenen strax.<\/p>\n<p><em>\u00a9 Text: Michael Strandhed<\/em><br \/>\n<em> \u00a9 Foto: Samuel Sandelin<\/em><\/p>\n<p>BILDSPEL (FLASH) \u2013 KLICKA P\u00c5 BILDEN <em>\u2028ALT\/MOBIL: SE BILDSPELET <a title=\"Bildspel\" href=\"https:\/\/www.flickr.com\/photos\/kultursidan\/sets\/72157683045673254\/show\/\" target=\"_blank\" rel=\"noopener\">H\u00c4R<\/a><\/em><br \/>\n<object width=\"400\" height=\"300\"><param name=\"flashvars\" value=\"offsite=true&amp;lang=en-us&amp;page_show_url=%2Fphotos%2Fkultursidan%2Fsets%2F72157683045673254%2Fshow%2F&amp;page_show_back_url=%2Fphotos%2Fkultursidan%2Fsets%2F72157683045673254%2F&amp;set_id=72157683045673254&amp;jump_to=\" \/><param name=\"movie\" value=\"https:\/\/www.flickr.com\/apps\/slideshow\/show.swf?v=1811922554\" \/><param name=\"allowFullScreen\" value=\"true\" \/><\/object><\/p>\n<blockquote><p><em>BANDET<\/em><br \/>\n<em>Danko Jones, gitarr<\/em><br \/>\n<em>John Calabrese, bas<\/em><br \/>\n<em>Rich Knox, trummor<\/em><\/p>\n<p style=\"padding-left: 30px;\"><em>L\u00c5TLISTA<\/em><br \/>\n<em>I gotta rock<\/em><br \/>\n<em>The twisting knife<\/em><br \/>\n<em>First date<\/em><br \/>\n<em>You are my woman<\/em><br \/>\n<em>I think bad thoughts<\/em><br \/>\n<em>Forget my name<\/em><br \/>\n<em>Invisible <\/em><br \/>\n<em>Do you wanna rock<\/em><br \/>\n<em>Full of regret <\/em><br \/>\n<em>My Little RnR<\/em><br \/>\n<em>Had Enough<\/em><br \/>\n<em>Wild cat<\/em><br \/>\n<em>Lovercall<\/em><br \/>\n<em>Gonna be a fight tonight<\/em><\/p>\n<\/blockquote>\n<p>L\u00c4NKAR<br \/>\nDanko Jones <a href=\"http:\/\/www.dankojones.com\" target=\"_blank\" rel=\"noopener\">hemsida<\/a>\u00a0 <a href=\"https:\/\/www.facebook.com\/dankojones\/?fref=ts\" target=\"_blank\" rel=\"noopener\">Facebook<\/a><br \/>\nBr\u00e5valla Festival <a href=\"http:\/\/www.bravallafestival.se\" target=\"_blank\" rel=\"noopener noreferrer\">hemsida<\/a> <a href=\"http:\/\/www.bravallafestival.se\/biljetter.html\" target=\"_blank\" rel=\"noopener noreferrer\">biljetter<\/a>\u00a0 <a href=\"https:\/\/www.facebook.com\/bravallafestivalen\/?fref=ts\" target=\"_blank\" rel=\"noopener noreferrer\">Facebook<\/a>\u00a0 <a href=\"https:\/\/www.facebook.com\/events\/1235720856494135\/\" target=\"_blank\" rel=\"noopener noreferrer\">FB-evenemang<\/a><\/p>\n<p>L\u00d6RDAG 1 JULI<br \/>\nV\u00e5ldt\u00e4kt s\u00e4tter stopp f\u00f6r Br\u00e5valla 2018 <a href=\"https:\/\/www.kultursidan.nu\/?p=31447\" target=\"_blank\" rel=\"noopener\">reportage<\/a> Kultursidan.nu 1\/7 2017<\/p>\n<p>FREDAG 30 JUNI<br \/>\nBr\u00e5valla: Inte Sabina Ddumbas b\u00e4sta dag <a href=\"https:\/\/www.kultursidan.nu\/?p=31553\" target=\"_blank\" rel=\"noopener\">recension<\/a> Kultursidan.nu 5\/7 2017<br \/>\nBr\u00e5valla: Filip &amp; Fredriks levande podcast <a href=\"https:\/\/www.kultursidan.nu\/?p=31547\" target=\"_blank\" rel=\"noopener\">recension<\/a> Kultursidan.nu 5\/7 2017<br \/>\nBr\u00e5valla: Mando Diaos sk\u00f6naste samspel <a href=\"https:\/\/www.kultursidan.nu\/?p=31542\" target=\"_blank\" rel=\"noopener\">recension<\/a> Kultursidan.nu 5\/7 2017<br \/>\nBr\u00e5valla: H\u00e5kan Hellstr\u00f6m fick upp farten <a href=\"https:\/\/www.kultursidan.nu\/?p=31459\" target=\"_blank\" rel=\"noopener\">recension<\/a> Kultursidan.nu 1\/7 2017<br \/>\nBr\u00e5valla: H\u00e5kan Hellstr\u00f6ms revolverkonst <a href=\"https:\/\/www.kultursidan.nu\/?p=31454\" target=\"_blank\" rel=\"noopener\">reportage<\/a> Kultursidan.nu 1\/7 2017<\/p>\n<p>TORSDAG 29 JUNI<br \/>\nBr\u00e5valla: Marika Carlsson lyfte t\u00e4ltet <a href=\"https:\/\/www.kultursidan.nu\/?p=31472\" target=\"_blank\" rel=\"noopener\">recension<\/a> Kultursidan.nu 1\/7 2017<br \/>\nBr\u00e5valla: Obeskrivliga Gogol Bordello <a href=\"https:\/\/www.kultursidan.nu\/?p=31469\" target=\"_blank\" rel=\"noopener\">recension<\/a> Kultursidan.nu 1\/7 2017<br \/>\nBr\u00e5valla: Linkin Park blottar sin sj\u00e4l <a href=\"https:\/\/www.kultursidan.nu\/?p=31464\" target=\"_blank\" rel=\"noopener\">recension<\/a> Kultursidan.nu 1\/7 2017<br \/>\nBr\u00e5valla: \u00d6zz N\u00fbjen g\u00e5r \u00e5ter rakt p\u00e5 sak <a href=\"https:\/\/www.kultursidan.nu\/?p=31439\" target=\"_blank\" rel=\"noopener\">recension<\/a> Kultursidan.nu 1\/7 2017<br \/>\nBr\u00e5valla: Hiten lyfte vemodets Passenger <a href=\"https:\/\/www.kultursidan.nu\/?p=31431\" target=\"_blank\" rel=\"noopener\">recension<\/a> Kultursidan.nu 30\/6 2017<br \/>\nBr\u00e5valla: LP:s starka gl\u00f6d v\u00e4rmer publiken <a href=\"https:\/\/www.kultursidan.nu\/?p=31427\" target=\"_blank\" rel=\"noopener\">recension<\/a> Kultursidan.nu 30\/6 2017<br \/>\nBr\u00e5valla: Johan Hurtig st\u00e5r upp j\u00e4mlikt <a href=\"https:\/\/www.kultursidan.nu\/?p=31417\" target=\"_blank\" rel=\"noopener\">recension<\/a> Kultursidan.nu 30\/6 2017<br \/>\nBr\u00e5valla: Finst\u00e4md magi med Ane Brun <a href=\"https:\/\/www.kultursidan.nu\/?p=31412\" target=\"_blank\" rel=\"noopener\">recension<\/a> Kultursidan.nu 30\/6 2017<br \/>\nBr\u00e5valla: Norrk\u00f6pingsk\u00f6rens bob hund <a href=\"https:\/\/www.kultursidan.nu\/?p=31403\" target=\"_blank\" rel=\"noopener\">recension<\/a> Kultursidan.nu 30\/6 2017<br \/>\nBr\u00e5valla: Adept k\u00f6r h\u00e5rt s\u00e5 det ryker <a href=\"https:\/\/www.kultursidan.nu\/?p=31385\" target=\"_blank\" rel=\"noopener\">recension<\/a> Kultursidan.nu 29\/6 2017<br \/>\nBr\u00e5valla: Gavin James i vemodets dunkel <a href=\"https:\/\/www.kultursidan.nu\/?p=31380\" target=\"_blank\" rel=\"noopener\">recension<\/a> Kultursidan.nu 29\/6 2017<\/p>\n<p>ONSDAG 28 JUNI<br \/>\nBr\u00e5valla: Scooters trista stripklubb <a href=\"https:\/\/www.kultursidan.nu\/?p=31372\" target=\"_blank\" rel=\"noopener\">recension<\/a> Kultursidan.nu 29\/6 2017<br \/>\nBr\u00e5valla: Sabaton i krigets larm och damm <a href=\"https:\/\/www.kultursidan.nu\/?p=31366\" target=\"_blank\" rel=\"noopener\">recension<\/a> Kultursidan.nu 29\/6 2017<br \/>\nBr\u00e5valla: Skindred, Bamse &amp; publiken <a href=\"https:\/\/www.kultursidan.nu\/?p=31355\" target=\"_blank\" rel=\"noopener\">recension<\/a> Kultursidan.nu 29\/6 2017<\/p>\n<p>BR\u00c5VALLA \u2013 INF\u00d6R FESTIVALEN<br \/>\nFemte Br\u00e5vallafestivalen lyfter igen <a href=\"https:\/\/www.kultursidan.nu\/?p=31347\" target=\"_blank\" rel=\"noopener\">reportage<\/a> Kultursidan.nu 28\/6 2017<br \/>\nH\u00e5kan Hellstr\u00f6m Br\u00e5vallas sista headline <a href=\"https:\/\/www.kultursidan.nu\/?p=30488\" target=\"_blank\" rel=\"noopener\">KortNytt<\/a> Kultursidan.nu 23\/4 2017<br \/>\nBamse med v\u00e4nner inleder p\u00e5 Br\u00e5valla <a href=\"https:\/\/www.kultursidan.nu\/?p=29578\" target=\"_blank\" rel=\"noopener\">KortNytt<\/a> Kultursidan.nu 24\/2 2017<br \/>\nLaleh tillbaka till Br\u00e5valla i sommar <a href=\"https:\/\/www.kultursidan.nu\/?p=28971\" target=\"_blank\" rel=\"noopener\">KortNytt<\/a> Kultursidan.nu 25\/1 2016<br \/>\nEllie Goulding till Br\u00e5valla festival <a href=\"https:\/\/www.kultursidan.nu\/?p=28459\" target=\"_blank\" rel=\"noopener\">KortNytt<\/a> Kultursidan.nu 19\/12 2016<br \/>\nBr\u00e5valla festival firar fem med fyra och sex <a href=\"https:\/\/www.kultursidan.nu\/?p=28231\" target=\"_blank\" rel=\"noopener\">artikel<\/a> Kultursidan.nu 5\/12 2016<\/p>\n<p>Danko Jones is fucking rock &#8217;n&#8217; roll <a href=\"https:\/\/www.kultursidan.nu\/?p=20376\" target=\"_blank\" rel=\"noopener\">recension<\/a> Kultursidan.nu 26\/6 2015<\/p>\n","protected":false},"excerpt":{"rendered":"<p>NORRK\u00d6PING Tredje g\u00e5ngen gillt p\u00e5 Br\u00e5valla. Danko Jones fyller Junos t\u00e4lt med taggad rock \u2019n\u2019 roll och grabbig publik. Det \u00e4r fullt \u00f6s hela tiden och om\u00f6jligt att v\u00e4rja sig mot.  <a class=\"continue-reading-link\" href=\"https:\/\/www.kultursidan.nu\/?p=31557\">L\u00e4s mer <span class=\"meta-nav\">&rarr; <\/span><\/a><\/p>\n","protected":false},"author":1001006,"featured_media":0,"comment_status":"closed","ping_status":"open","sticky":false,"template":"","format":"standard","meta":{"_jetpack_memberships_contains_paid_content":false,"footnotes":""},"categories":[7],"tags":[29,13],"class_list":["post-31557","post","type-post","status-publish","format-standard","hentry","category-norrkoping","tag-festival","tag-musik"],"jetpack_featured_media_url":"","jetpack_sharing_enabled":true,"_links":{"self":[{"href":"https:\/\/www.kultursidan.nu\/index.php?rest_route=\/wp\/v2\/posts\/31557","targetHints":{"allow":["GET"]}}],"collection":[{"href":"https:\/\/www.kultursidan.nu\/index.php?rest_route=\/wp\/v2\/posts"}],"about":[{"href":"https:\/\/www.kultursidan.nu\/index.php?rest_route=\/wp\/v2\/types\/post"}],"author":[{"embeddable":true,"href":"https:\/\/www.kultursidan.nu\/index.php?rest_route=\/wp\/v2\/users\/1001006"}],"replies":[{"embeddable":true,"href":"https:\/\/www.kultursidan.nu\/index.php?rest_route=%2Fwp%2Fv2%2Fcomments&post=31557"}],"version-history":[{"count":5,"href":"https:\/\/www.kultursidan.nu\/index.php?rest_route=\/wp\/v2\/posts\/31557\/revisions"}],"predecessor-version":[{"id":31570,"href":"https:\/\/www.kultursidan.nu\/index.php?rest_route=\/wp\/v2\/posts\/31557\/revisions\/31570"}],"wp:attachment":[{"href":"https:\/\/www.kultursidan.nu\/index.php?rest_route=%2Fwp%2Fv2%2Fmedia&parent=31557"}],"wp:term":[{"taxonomy":"category","embeddable":true,"href":"https:\/\/www.kultursidan.nu\/index.php?rest_route=%2Fwp%2Fv2%2Fcategories&post=31557"},{"taxonomy":"post_tag","embeddable":true,"href":"https:\/\/www.kultursidan.nu\/index.php?rest_route=%2Fwp%2Fv2%2Ftags&post=31557"}],"curies":[{"name":"wp","href":"https:\/\/api.w.org\/{rel}","templated":true}]}}