{"id":31566,"date":"2017-07-05T17:23:58","date_gmt":"2017-07-05T16:23:58","guid":{"rendered":"https:\/\/intelligent-friend-7861.standoutwp.com\/?p=31566"},"modified":"2017-07-05T17:23:58","modified_gmt":"2017-07-05T16:23:58","slug":"bravalla-festivalbandet-you-me-at-six-recension","status":"publish","type":"post","link":"https:\/\/www.kultursidan.nu\/?p=31566","title":{"rendered":"Br\u00e5valla: Festivalbandet You Me At Six (recension)"},"content":{"rendered":"<p><img loading=\"lazy\" decoding=\"async\" class=\"alignnone size-medium wp-image-31567\" src=\"https:\/\/www.kultursidan.nu\/wp-content\/uploads\/2017\/07\/IMG_5375-567x378.jpg\" alt=\"\" width=\"567\" height=\"378\" srcset=\"https:\/\/www.kultursidan.nu\/wp-content\/uploads\/2017\/07\/IMG_5375-567x378.jpg 567w, https:\/\/www.kultursidan.nu\/wp-content\/uploads\/2017\/07\/IMG_5375-768x512.jpg 768w, https:\/\/www.kultursidan.nu\/wp-content\/uploads\/2017\/07\/IMG_5375-1024x682.jpg 1024w, https:\/\/www.kultursidan.nu\/wp-content\/uploads\/2017\/07\/IMG_5375-500x333.jpg 500w, https:\/\/www.kultursidan.nu\/wp-content\/uploads\/2017\/07\/IMG_5375-150x100.jpg 150w, https:\/\/www.kultursidan.nu\/wp-content\/uploads\/2017\/07\/IMG_5375.jpg 1280w\" sizes=\"auto, (max-width: 567px) 100vw, 567px\" \/><br \/>\n<em>Str\u00e5lning. Med eller utan regn, You Me At Six h\u00f6ll \u00f6set uppe i Junos stora t\u00e4lt.<\/em><\/p>\n<p>&nbsp;<\/p>\n<h1><span style=\"color: #ff0000;\">H\u00e4ftiga ackordsekvenser l\u00e4mnar tonarten<\/span><\/h1>\n<p>&nbsp;<\/p>\n<p>RECENSION\/NORRK\u00d6PING <strong>Vi flydde undan regnet, in i t\u00e4ltet till You Me At Six.<\/strong> Det \u00e4r full fart fr\u00e5n f\u00f6rsta stund. S\u00e5ngaren Josh Franceschi har en stark och bra r\u00f6st och ackordsekvenserna kan \u00f6verraska.<\/p>\n<blockquote>\n<h3 style=\"text-align: right;\"><em>BR\u00c5VALLA FESTIVAL Norrk\u00f6ping<\/em><\/h3>\n<p style=\"text-align: right;\">30 juni 2017<br \/>\n<em>Scen: Juno\u2028<\/em><br \/>\n<em><strong>You Me At Six<\/strong> <\/em><br \/>\n<em>\u2028Alternative pop punk<\/em><\/p><\/blockquote>\n<p>&nbsp;<\/p>\n<p><strong>Vi flydde undan regnet, in i t\u00e4ltet till You Me At Six.<\/strong> Ett klassiskt gitarrbaserat band av den typ som under sextiotalet d\u00f6k upp i m\u00e4ngder i The Beatles fotsp\u00e5r. Det har sedan dess varit ett h\u00e5llbart koncept.<\/p>\n<p><strong>S\u00e5 ocks\u00e5 den h\u00e4r g\u00e5ngen.<\/strong> Det \u00e4r full fart fr\u00e5n f\u00f6rsta stund. S\u00e5ngaren Josh Franceschi har en stark och bra r\u00f6st. Tyv\u00e4rr kommer den till en b\u00f6rjan inte riktigt till sin r\u00e4tt d\u00e5 bastrumma\/elbas dominerar ljudbilden alldeles f\u00f6r mycket.<\/p>\n<p>Gitarrerna som spelas av Max Helyer och Chris Miller drunknar n\u00e4stan i Matt Barnes sn\u00e4rtiga Fender-bas. Trummisen Dan Flint piskar sina trumskinn f\u00f6r full kraft och energin fr\u00e5n hela bandet riktigt v\u00e4ller ut i rummet.<\/p>\n<p>&nbsp;<\/p>\n<p><a title=\"You Me At Six\" href=\"https:\/\/www.flickr.com\/photos\/kultursidan\/34896929414\/in\/album-72157685799464836\/\"><img loading=\"lazy\" decoding=\"async\" src=\"https:\/\/farm5.staticflickr.com\/4048\/34896929414_b83ed5053b.jpg\" alt=\"You Me At Six\" width=\"500\" height=\"333\" \/><\/a><br \/>\n<em>Kul p\u00e5 scenen. S\u00e5ngaren Josh Franceschi har en stark och bra r\u00f6st.<\/em><\/p>\n<p>&nbsp;<\/p>\n<p><strong>Jag har f\u00f6rg\u00e4ves f\u00f6rs\u00f6kt f\u00e5 tag p\u00e5 en set-lista \u00f6ver de l\u00e5tar som spelas men inte lyckats.<\/strong> Det st\u00e5r klart att flera av l\u00e5tarna \u00e4r k\u00e4nda av den publik som s\u00f6kt sig in i t\u00e4ltet.<\/p>\n<p>N\u00e4r jag lyssnar s\u00e5 sl\u00e5s jag av tanken att bandet verkar skriva sitt material mer p\u00e5 k\u00e4nsla \u00e4n genom hantverksm\u00e4ssigt kunnande i musikteori. Man g\u00f6r h\u00e4ftiga ackordsekvenser som stundtals, mitt i en slinga, l\u00e4mnar tonarten man befinner sig i, men det \u00e4r inget som vare sig st\u00f6r eller k\u00e4nns fel. Det blir ist\u00e4llet till en angen\u00e4m \u00f6verraskning.<\/p>\n<p><strong>Gruppen bildades i Weybridge, Surrey \u00e5r 2004.<\/strong> Man har spelat in fyra album och turnerar \u00f6ver hela v\u00e4rlden.<\/p>\n<p>Bandet l\u00e4mnar kanske inte n\u00e5gra stora avtryck i mitt minne och jag kommer troligtvis inte att lyssna mycket mer p\u00e5 deras musik. Men de h\u00f6r absolut hemma p\u00e5 en s\u00e5dan h\u00e4r festival. N\u00e4r jag studerade deras turn\u00e9plan s\u00e5g jag att man har haft, och kommer att ha, ett antal festivalspelningar till den h\u00e4r sommaren.<br \/>\n<em><br \/>\n\u00a9 Text: Bj\u00f6rn Eriksson<br \/>\n\u00a9 Foto: Michael Strandhed<\/em><\/p>\n<p>BILDSPEL (FLASH) \u2013 KLICKA P\u00c5 BILDEN <em>\u2028ALT\/MOBIL: SE BILDSPELET <a title=\"Bildspel\" href=\"https:\/\/www.flickr.com\/photos\/kultursidan\/sets\/72157685799464836\/show\/\" target=\"_blank\" rel=\"noopener\">H\u00c4R<\/a><\/em><br \/>\n<object width=\"400\" height=\"300\"><param name=\"flashvars\" value=\"offsite=true&amp;lang=en-us&amp;page_show_url=%2Fphotos%2Fkultursidan%2Fsets%2F72157685799464836%2Fshow%2F&amp;page_show_back_url=%2Fphotos%2Fkultursidan%2Fsets%2F72157685799464836%2F&amp;set_id=72157685799464836&amp;jump_to=\" \/><param name=\"movie\" value=\"https:\/\/www.flickr.com\/apps\/slideshow\/show.swf?v=1811922554\" \/><param name=\"allowFullScreen\" value=\"true\" \/><\/object><\/p>\n<p>L\u00c4NKAR<br \/>\nYou Me At Six <a href=\"http:\/\/www.youmeatsix.co.uk\" target=\"_blank\" rel=\"noopener\">hemsida<\/a> <a href=\"https:\/\/www.facebook.com\/youmeatsix\/?fref=ts\" target=\"_blank\" rel=\"noopener\">Facebook<\/a><br \/>\nBr\u00e5valla Festival <a href=\"http:\/\/www.bravallafestival.se\" target=\"_blank\" rel=\"noopener noreferrer\">hemsida<\/a> <a href=\"http:\/\/www.bravallafestival.se\/biljetter.html\" target=\"_blank\" rel=\"noopener noreferrer\">biljetter<\/a>\u00a0 <a href=\"https:\/\/www.facebook.com\/bravallafestivalen\/?fref=ts\" target=\"_blank\" rel=\"noopener noreferrer\">Facebook<\/a>\u00a0 <a href=\"https:\/\/www.facebook.com\/events\/1235720856494135\/\" target=\"_blank\" rel=\"noopener noreferrer\">FB-evenemang<\/a><\/p>\n<p>L\u00d6RDAG 1 JULI<br \/>\nV\u00e5ldt\u00e4kt s\u00e4tter stopp f\u00f6r Br\u00e5valla 2018 <a href=\"https:\/\/www.kultursidan.nu\/?p=31447\" target=\"_blank\" rel=\"noopener\">reportage<\/a> Kultursidan.nu 1\/7 2017<\/p>\n<p>FREDAG 30 JUNI<br \/>\nBr\u00e5valla: Danko Jones taggade rock \u2019n\u2019 roll <a href=\"https:\/\/www.kultursidan.nu\/?p=31557\" target=\"_blank\" rel=\"noopener\">recension<\/a> Kultursidan.nu 5\/7 2017<br \/>\nBr\u00e5valla: Inte Sabina Ddumbas b\u00e4sta dag <a href=\"https:\/\/www.kultursidan.nu\/?p=31553\" target=\"_blank\" rel=\"noopener\">recension<\/a> Kultursidan.nu 5\/7 2017<br \/>\nBr\u00e5valla: Filip &amp; Fredriks levande podcast <a href=\"https:\/\/www.kultursidan.nu\/?p=31547\" target=\"_blank\" rel=\"noopener\">recension<\/a> Kultursidan.nu 5\/7 2017<br \/>\nBr\u00e5valla: Mando Diaos sk\u00f6naste samspel <a href=\"https:\/\/www.kultursidan.nu\/?p=31542\" target=\"_blank\" rel=\"noopener\">recension<\/a> Kultursidan.nu 5\/7 2017<br \/>\nBr\u00e5valla: H\u00e5kan Hellstr\u00f6m fick upp farten <a href=\"https:\/\/www.kultursidan.nu\/?p=31459\" target=\"_blank\" rel=\"noopener\">recension<\/a> Kultursidan.nu 1\/7 2017<br \/>\nBr\u00e5valla: H\u00e5kan Hellstr\u00f6ms revolverkonst <a href=\"https:\/\/www.kultursidan.nu\/?p=31454\" target=\"_blank\" rel=\"noopener\">reportage<\/a> Kultursidan.nu 1\/7 2017<\/p>\n<p>TORSDAG 29 JUNI<br \/>\nBr\u00e5valla: Marika Carlsson lyfte t\u00e4ltet <a href=\"https:\/\/www.kultursidan.nu\/?p=31472\" target=\"_blank\" rel=\"noopener\">recension<\/a> Kultursidan.nu 1\/7 2017<br \/>\nBr\u00e5valla: Obeskrivliga Gogol Bordello <a href=\"https:\/\/www.kultursidan.nu\/?p=31469\" target=\"_blank\" rel=\"noopener\">recension<\/a> Kultursidan.nu 1\/7 2017<br \/>\nBr\u00e5valla: Linkin Park blottar sin sj\u00e4l <a href=\"https:\/\/www.kultursidan.nu\/?p=31464\" target=\"_blank\" rel=\"noopener\">recension<\/a> Kultursidan.nu 1\/7 2017<br \/>\nBr\u00e5valla: \u00d6zz N\u00fbjen g\u00e5r \u00e5ter rakt p\u00e5 sak <a href=\"https:\/\/www.kultursidan.nu\/?p=31439\" target=\"_blank\" rel=\"noopener\">recension<\/a> Kultursidan.nu 1\/7 2017<br \/>\nBr\u00e5valla: Hiten lyfte vemodets Passenger <a href=\"https:\/\/www.kultursidan.nu\/?p=31431\" target=\"_blank\" rel=\"noopener\">recension<\/a> Kultursidan.nu 30\/6 2017<br \/>\nBr\u00e5valla: LP:s starka gl\u00f6d v\u00e4rmer publiken <a href=\"https:\/\/www.kultursidan.nu\/?p=31427\" target=\"_blank\" rel=\"noopener\">recension<\/a> Kultursidan.nu 30\/6 2017<br \/>\nBr\u00e5valla: Johan Hurtig st\u00e5r upp j\u00e4mlikt <a href=\"https:\/\/www.kultursidan.nu\/?p=31417\" target=\"_blank\" rel=\"noopener\">recension<\/a> Kultursidan.nu 30\/6 2017<br \/>\nBr\u00e5valla: Finst\u00e4md magi med Ane Brun <a href=\"https:\/\/www.kultursidan.nu\/?p=31412\" target=\"_blank\" rel=\"noopener\">recension<\/a> Kultursidan.nu 30\/6 2017<br \/>\nBr\u00e5valla: Norrk\u00f6pingsk\u00f6rens bob hund <a href=\"https:\/\/www.kultursidan.nu\/?p=31403\" target=\"_blank\" rel=\"noopener\">recension<\/a> Kultursidan.nu 30\/6 2017<br \/>\nBr\u00e5valla: Adept k\u00f6r h\u00e5rt s\u00e5 det ryker <a href=\"https:\/\/www.kultursidan.nu\/?p=31385\" target=\"_blank\" rel=\"noopener\">recension<\/a> Kultursidan.nu 29\/6 2017<br \/>\nBr\u00e5valla: Gavin James i vemodets dunkel <a href=\"https:\/\/www.kultursidan.nu\/?p=31380\" target=\"_blank\" rel=\"noopener\">recension<\/a> Kultursidan.nu 29\/6 2017<\/p>\n<p>ONSDAG 28 JUNI<br \/>\nBr\u00e5valla: Scooters trista stripklubb <a href=\"https:\/\/www.kultursidan.nu\/?p=31372\" target=\"_blank\" rel=\"noopener\">recension<\/a> Kultursidan.nu 29\/6 2017<br \/>\nBr\u00e5valla: Sabaton i krigets larm och damm <a href=\"https:\/\/www.kultursidan.nu\/?p=31366\" target=\"_blank\" rel=\"noopener\">recension<\/a> Kultursidan.nu 29\/6 2017<br \/>\nBr\u00e5valla: Skindred, Bamse &amp; publiken <a href=\"https:\/\/www.kultursidan.nu\/?p=31355\" target=\"_blank\" rel=\"noopener\">recension<\/a> Kultursidan.nu 29\/6 2017<\/p>\n<p>BR\u00c5VALLA \u2013 INF\u00d6R FESTIVALEN<br \/>\nFemte Br\u00e5vallafestivalen lyfter igen <a href=\"https:\/\/www.kultursidan.nu\/?p=31347\" target=\"_blank\" rel=\"noopener\">reportage<\/a> Kultursidan.nu 28\/6 2017<br \/>\nH\u00e5kan Hellstr\u00f6m Br\u00e5vallas sista headline <a href=\"https:\/\/www.kultursidan.nu\/?p=30488\" target=\"_blank\" rel=\"noopener\">KortNytt<\/a> Kultursidan.nu 23\/4 2017<br \/>\nBamse med v\u00e4nner inleder p\u00e5 Br\u00e5valla <a href=\"https:\/\/www.kultursidan.nu\/?p=29578\" target=\"_blank\" rel=\"noopener\">KortNytt<\/a> Kultursidan.nu 24\/2 2017<br \/>\nLaleh tillbaka till Br\u00e5valla i sommar <a href=\"https:\/\/www.kultursidan.nu\/?p=28971\" target=\"_blank\" rel=\"noopener\">KortNytt<\/a> Kultursidan.nu 25\/1 2016<br \/>\nEllie Goulding till Br\u00e5valla festival <a href=\"https:\/\/www.kultursidan.nu\/?p=28459\" target=\"_blank\" rel=\"noopener\">KortNytt<\/a> Kultursidan.nu 19\/12 2016<br \/>\nBr\u00e5valla festival firar fem med fyra och sex <a href=\"https:\/\/www.kultursidan.nu\/?p=28231\" target=\"_blank\" rel=\"noopener\">artikel<\/a> Kultursidan.nu 5\/12 2016<\/p>\n<p>&nbsp;<\/p>\n","protected":false},"excerpt":{"rendered":"<p> NORRK\u00d6PING Vi flydde undan regnet, in i t\u00e4ltet till You Me At Six. Det \u00e4r full fart fr\u00e5n f\u00f6rsta stund. S\u00e5ngaren Josh Franceschi har en stark och bra r\u00f6st och ackordsekvenserna kan \u00f6verraska. <a class=\"continue-reading-link\" href=\"https:\/\/www.kultursidan.nu\/?p=31566\">L\u00e4s mer <span class=\"meta-nav\">&rarr; <\/span><\/a><\/p>\n","protected":false},"author":1001006,"featured_media":0,"comment_status":"closed","ping_status":"open","sticky":false,"template":"","format":"standard","meta":{"_jetpack_memberships_contains_paid_content":false,"footnotes":""},"categories":[7],"tags":[29,13],"class_list":["post-31566","post","type-post","status-publish","format-standard","hentry","category-norrkoping","tag-festival","tag-musik"],"jetpack_featured_media_url":"","jetpack_sharing_enabled":true,"_links":{"self":[{"href":"https:\/\/www.kultursidan.nu\/index.php?rest_route=\/wp\/v2\/posts\/31566","targetHints":{"allow":["GET"]}}],"collection":[{"href":"https:\/\/www.kultursidan.nu\/index.php?rest_route=\/wp\/v2\/posts"}],"about":[{"href":"https:\/\/www.kultursidan.nu\/index.php?rest_route=\/wp\/v2\/types\/post"}],"author":[{"embeddable":true,"href":"https:\/\/www.kultursidan.nu\/index.php?rest_route=\/wp\/v2\/users\/1001006"}],"replies":[{"embeddable":true,"href":"https:\/\/www.kultursidan.nu\/index.php?rest_route=%2Fwp%2Fv2%2Fcomments&post=31566"}],"version-history":[{"count":3,"href":"https:\/\/www.kultursidan.nu\/index.php?rest_route=\/wp\/v2\/posts\/31566\/revisions"}],"predecessor-version":[{"id":31571,"href":"https:\/\/www.kultursidan.nu\/index.php?rest_route=\/wp\/v2\/posts\/31566\/revisions\/31571"}],"wp:attachment":[{"href":"https:\/\/www.kultursidan.nu\/index.php?rest_route=%2Fwp%2Fv2%2Fmedia&parent=31566"}],"wp:term":[{"taxonomy":"category","embeddable":true,"href":"https:\/\/www.kultursidan.nu\/index.php?rest_route=%2Fwp%2Fv2%2Fcategories&post=31566"},{"taxonomy":"post_tag","embeddable":true,"href":"https:\/\/www.kultursidan.nu\/index.php?rest_route=%2Fwp%2Fv2%2Ftags&post=31566"}],"curies":[{"name":"wp","href":"https:\/\/api.w.org\/{rel}","templated":true}]}}