{"id":3171,"date":"2011-11-15T08:14:42","date_gmt":"2011-11-15T07:14:42","guid":{"rendered":"https:\/\/intelligent-friend-7861.standoutwp.com\/?p=3171"},"modified":"2016-08-30T11:06:45","modified_gmt":"2016-08-30T10:06:45","slug":"psykiatriska-veckan-med-caroline-af-ugglas-och-film","status":"publish","type":"post","link":"https:\/\/www.kultursidan.nu\/?p=3171","title":{"rendered":"Psykiatriska veckan med Caroline af Ugglas och film"},"content":{"rendered":"<p><a title=\"Psykmingel\" href=\"https:\/\/www.flickr.com\/photos\/kultursidan\/6345388178\/in\/album-72157628003504347\/\"><img loading=\"lazy\" decoding=\"async\" src=\"https:\/\/c3.staticflickr.com\/7\/6053\/6345388178_36c16c44cc.jpg\" alt=\"Psykmingel\" width=\"500\" height=\"301\" \/><\/a><br \/>\n<em>Psykiatriska veckan \u00f6ppnade med psykmingel p\u00e5 Skvallertorget i Norrk\u00f6ping.<\/em><\/p>\n<p><em><br \/>\n<\/em><\/p>\n<h1><span style=\"color: #ff0000;\">Psykmingel, f\u00f6redrag och \u00f6ppna hus<\/span><\/h1>\n<p>&nbsp;<\/p>\n<p><strong>Psykmingel och s\u00e5ngerskan Sanna Carlstedt inledde \u00e5rets Pykiatriska vecka i Norrk\u00f6ping.<\/strong> Kommunalr\u00e5det Kerstin Hildebrand invigningstalade utanf\u00f6r ABF Bergslagsg\u00e5rden vid Skvallertorget i Norrk\u00f6ping.<\/p>\n<p>Pyskiatriska veckan har utvecklats sedan Norrk\u00f6ping inf\u00f6rde evenemanget mot slutet av 1990-talet f\u00f6r att bredda kunskapen om psykisk oh\u00e4lsa. N\u00e5got som \u00e4r angel\u00e4get d\u00e5 psykisk oh\u00e4lsa drabbar de flesta familjer i n\u00e5gon form och i m\u00e5nga fall \u00e4r okunnigheten stor om vad psykisk oh\u00e4lsa \u00e4r.<\/p>\n<p>Numera \u00e4r veckan en angel\u00e4genhet utanf\u00f6r Norrk\u00f6pings gr\u00e4nser. P\u00e5 m\u00e5ndagen var det start f\u00f6r \u00e5rets vecka som arrangeras, i \u00f6stra \u00d6sterg\u00f6tland, med Norrk\u00f6ping, Finsp\u00e5ngs, S\u00f6derk\u00f6pings kommuner tillsammans med Psykiatricentrum vid Vrinnevisjukhuset som arrang\u00f6rer. Intressef\u00f6reningen f\u00f6r schizofreni och liknande sjukdomar IFS, Riksf\u00f6rbundet f\u00f6r social och mental h\u00e4lsa RSMH \u00e4r medarrang\u00f6rer tillsammans med Folkuniversitetet. Fr\u00e5n och med i \u00e5r finns ocks\u00e5 Anorexi\/Bulimi-kontakt ocks\u00e5 med.<\/p>\n<p><strong>Under veckan \u00e4r det \u00f6ppet hus hos m\u00e5nga verksamheter som Soluret p\u00e5 Generalsgatan och M\u00f6tesplats Asken p\u00e5 Tunnbindaregatan.<\/strong> Bland f\u00f6redragen kan n\u00e4mnas chefsl\u00e4karen David Eberhard som debatterar kring medias bild av psykiatri och om diagnostisering. Onsdagen \u00e4gnas \u00e5t en rad timsl\u00e5nga f\u00f6rel\u00e4sningar p\u00e5 Vrinnevisjukhuset. F\u00f6rmiddagen inleder om utvecklingen inom den slutna psykiatriska v\u00e5rden och forts\u00e4tter med \u00e4ldre och psykisk oh\u00e4lsa. P\u00e5 eftermiddagen handlar det om unga personer och droger samt om \u00e4tst\u00f6rningsbehandling inom vuxenv\u00e5rden.<\/p>\n<p>Onsdagskv\u00e4llen \u00e4r vikt f\u00f6r \u00e5rets publika h\u00f6jdpunkt d\u00e5 Caroline af Ugglas ber\u00e4ttar om sina sv\u00e5righeter och bjuder p\u00e5 s\u00e5ng under titeln <em>Sjung till gl\u00e4dje<\/em> p\u00e5 Renstr\u00f6mmen i Norrk\u00f6ping. Under torsdagen \u00e4r det f\u00f6rel\u00e4sning om <em>August Strindberg, klok och galen<\/em> p\u00e5 Stadsbiblioteket och p\u00e5 Cnema visas filmerna <em>Tr\u00e4det<\/em> och <em>Medan \u00e5ren g\u00e5r<\/em>.<\/p>\n<p><strong>I S\u00f6derk\u00f6ping och Valdemarsvik dukar biblioteken upp bokbord.<\/strong> I Valdemarsvik ber\u00e4ttar socialpsykiatrin om sin verksamhet, dels p\u00e5 Sj\u00f6huset och dels i Sparkbanken.<\/p>\n<p><em>Text &amp; lokalt foto: Sven \u00c5ke Molund<br \/>\n\u00d6vriga foton: Thron Ullberg, Caroline af Ugglas, respektive filmbolag (filmerna)<br \/>\n<\/em><\/p>\n<p>&nbsp;<\/p>\n<ul>\n<li>\n<h3>PSYKIATRISK VECKA!<\/h3>\n<\/li>\n<li><em>14\u201318 november 2011<br \/>\n<\/em>L\u00c4NK till veckans program <a title=\"Program\" href=\"http:\/\/www.norrkoping.se\/vard-omsorg\/sociala-tjanster\/nyheter\/2011\/psykiatrisk-vecka-en-veck\/index.xml\" target=\"_blank\">pdf<\/a><\/li>\n<li>Ur programmet<\/li>\n<li>NORRK\u00d6PING<\/li>\n<li><em>M\u00e5ndag kl 14<\/em><br \/>\n<strong>Invigning med psykmingel<\/strong><br \/>\nKerstin Hildebrand<br \/>\nRSMH, ABF Bergslagsg\u00e5rden<\/li>\n<li><em>Tisdag kl 13.30-16.30<\/em><br \/>\n<strong>Normalt \u2013 fr\u00e5n vansinnesd\u00e5d till vardagspsykoser<\/strong><br \/>\nChefsl\u00e4kare David Eberhard om sin nya bok<br \/>\nSkandiateatern<\/li>\n<li><em>Onsdag kl 18-19.30<br \/>\n<\/em><strong>Sjunga till Gl\u00e4dje<\/strong><br \/>\nCaroline af Ugglas och Heinz Liljedahl<br \/>\nRenstr\u00f6mmen<\/li>\n<li><em>Torsdag kl 18-20.10<br \/>\n<\/em><strong>Medan \u00e5ren g\u00e5r<\/strong><br \/>\nFilm av Mike Leigh<br \/>\nCnema<\/li>\n<li><em>Fredag kl 14.45-15.45<br \/>\n<\/em><strong>N\u00e4rst\u00e5endes engagemang vid psykossjukdom \u2013 den ok\u00e4nda arbetsb\u00f6rdan<br \/>\n<\/strong>Psykiatriker och forskare Lena Flyckt<br \/>\nIFS, Aktivitetshuset Holmsta<\/li>\n<li>S\u00d6DERK\u00d6PING<\/li>\n<li><em>Hela veckan<\/em><br \/>\n<strong>Bokbord<\/strong><br \/>\nStinsen<\/li>\n<li>VALDEMARSVIK<br \/>\n<em>Hela veckan<\/em><br \/>\n<strong>Bokutst\u00e4llning<\/strong><br \/>\nBiblioteket Folkets hus<\/li>\n<li><em>Onsdag 12-16<br \/>\n<\/em><strong>Socialpsykiatrin informerar<\/strong><br \/>\nom Aktivitetshuset \u00c4ngg\u00e5rden, JK, \u00d6vre Norrbaka och St\u00f6d i boendet.<br \/>\nUtst\u00e4llning och f\u00f6rs\u00e4ljning.<br \/>\nSj\u00f6huset, Storgatan 17<\/li>\n<li><em>Fredag kl 10-14<\/em><br \/>\n<strong>Socialpsykiatrin informerar<\/strong><br \/>\nOm samma som ovan<br \/>\nValdemarsviks sparbank, Storgatan 15 A<\/li>\n<\/ul>\n<p>&nbsp;<\/p>\n<p>BILDSPEL (FLASH) \u2013 KLICKA P\u00c5 BILDEN <em><br \/>\nALT\/MOBIL: SE BILDSPELET <a title=\"Bildspel\" href=\"https:\/\/www.flickr.com\/photos\/kultursidan\/sets\/72157628003504347\/show\/\" target=\"_blank\">H\u00c4R<\/a><\/em><br \/>\n<object width=\"400\" height=\"300\"><param name=\"flashvars\" value=\"offsite=true&amp;lang=en-us&amp;page_show_url=%2Fphotos%2Fkultursidan%2Fsets%2F72157628003504347%2Fshow%2F&amp;page_show_back_url=%2Fphotos%2Fkultursidan%2Fsets%2F72157628003504347%2F&amp;set_id=72157628003504347&amp;jump_to=\" \/><param name=\"movie\" value=\"https:\/\/www.flickr.com\/apps\/slideshow\/show.swf?v=1811922554\" \/><param name=\"allowFullScreen\" value=\"true\" \/><\/object><\/p>\n","protected":false},"excerpt":{"rendered":"<p>NORRK\u00d6PING S\u00d6DERK\u00d6PING VALDEMARSVIK F\u00f6redrag, film och \u00f6ppet hus pr\u00e4glar en vecka om psykisk h\u00e4lsa. Bibliotek, Skandiateatern, Fornborgen och Renstr\u00f6mmen \u00e4r n\u00e5gra av m\u00e5nga nedslagsplatser.  <a class=\"continue-reading-link\" href=\"https:\/\/www.kultursidan.nu\/?p=3171\">L\u00e4s mer <span class=\"meta-nav\">&rarr; <\/span><\/a><\/p>\n","protected":false},"author":1001006,"featured_media":0,"comment_status":"closed","ping_status":"open","sticky":false,"template":"","format":"standard","meta":{"_jetpack_memberships_contains_paid_content":false,"footnotes":""},"categories":[7,6,10],"tags":[54,53],"class_list":["post-3171","post","type-post","status-publish","format-standard","hentry","category-norrkoping","category-soderkoping","category-valdemarsvik","tag-evenemang","tag-foredrag"],"jetpack_featured_media_url":"","jetpack_sharing_enabled":true,"_links":{"self":[{"href":"https:\/\/www.kultursidan.nu\/index.php?rest_route=\/wp\/v2\/posts\/3171","targetHints":{"allow":["GET"]}}],"collection":[{"href":"https:\/\/www.kultursidan.nu\/index.php?rest_route=\/wp\/v2\/posts"}],"about":[{"href":"https:\/\/www.kultursidan.nu\/index.php?rest_route=\/wp\/v2\/types\/post"}],"author":[{"embeddable":true,"href":"https:\/\/www.kultursidan.nu\/index.php?rest_route=\/wp\/v2\/users\/1001006"}],"replies":[{"embeddable":true,"href":"https:\/\/www.kultursidan.nu\/index.php?rest_route=%2Fwp%2Fv2%2Fcomments&post=3171"}],"version-history":[{"count":0,"href":"https:\/\/www.kultursidan.nu\/index.php?rest_route=\/wp\/v2\/posts\/3171\/revisions"}],"wp:attachment":[{"href":"https:\/\/www.kultursidan.nu\/index.php?rest_route=%2Fwp%2Fv2%2Fmedia&parent=3171"}],"wp:term":[{"taxonomy":"category","embeddable":true,"href":"https:\/\/www.kultursidan.nu\/index.php?rest_route=%2Fwp%2Fv2%2Fcategories&post=3171"},{"taxonomy":"post_tag","embeddable":true,"href":"https:\/\/www.kultursidan.nu\/index.php?rest_route=%2Fwp%2Fv2%2Ftags&post=3171"}],"curies":[{"name":"wp","href":"https:\/\/api.w.org\/{rel}","templated":true}]}}