{"id":31769,"date":"2017-07-18T09:42:17","date_gmt":"2017-07-18T08:42:17","guid":{"rendered":"https:\/\/intelligent-friend-7861.standoutwp.com\/?p=31769"},"modified":"2017-07-18T09:42:17","modified_gmt":"2017-07-18T08:42:17","slug":"marica-kallners-noveller-ar-mal-och-medel-recension","status":"publish","type":"post","link":"https:\/\/www.kultursidan.nu\/?p=31769","title":{"rendered":"Marica K\u00e4llners noveller \u00e4r m\u00e5l och medel (recension)"},"content":{"rendered":"<p><img loading=\"lazy\" decoding=\"async\" class=\"alignnone size-medium wp-image-31770\" src=\"https:\/\/www.kultursidan.nu\/wp-content\/uploads\/2017\/07\/Det-som-far-platsVIT-567x354.jpg\" alt=\"\" width=\"567\" height=\"354\" srcset=\"https:\/\/www.kultursidan.nu\/wp-content\/uploads\/2017\/07\/Det-som-far-platsVIT-567x354.jpg 567w, https:\/\/www.kultursidan.nu\/wp-content\/uploads\/2017\/07\/Det-som-far-platsVIT-768x480.jpg 768w, https:\/\/www.kultursidan.nu\/wp-content\/uploads\/2017\/07\/Det-som-far-platsVIT-533x333.jpg 533w, https:\/\/www.kultursidan.nu\/wp-content\/uploads\/2017\/07\/Det-som-far-platsVIT-150x94.jpg 150w, https:\/\/www.kultursidan.nu\/wp-content\/uploads\/2017\/07\/Det-som-far-platsVIT.jpg 800w\" sizes=\"auto, (max-width: 567px) 100vw, 567px\" \/><br \/>\n<em>Smalt med djup. Det som f\u00e5r plats av Marica K\u00e4llner. <\/em><\/p>\n<p>&nbsp;<\/p>\n<h1><span style=\"color: #ff0000;\">\u00d6gonblicket ger djup \u00e5t de eviga fr\u00e5gorna<\/span><\/h1>\n<p>&nbsp;<\/p>\n<p>RECENSION\/LITTERATUR <em><strong>Det som f\u00e5r plats.<\/strong><\/em> Ju mindre desto mer laddat. Skribenten och fotografen Marica K\u00e4llner l\u00e4mnade Norrk\u00f6ping f\u00f6r Sk\u00e5ne f\u00f6r ett par \u00e5r sedan. Nu debuterar hon med en novellsamling. K\u00e4rleken till spr\u00e5ket lyser igenom.<\/p>\n<p><strong><em>Det som f\u00e5r plats <\/em><\/strong><strong>\u00e4r en liten bok skriven av Marica K\u00e4llner. <\/strong>Och just formatet \u00e4r centralt i den h\u00e4r boken. Den handlar om novellskrivande. N\u00e4r blir en novell s\u00e5 l\u00e5ng s\u00e5 att den skulle kunna kallas roman? Eller&#8230; n\u00e4r \u00f6verg\u00e5r en mycket kort novell i en prosadikt? Varf\u00f6r skriver Marica K\u00e4llner just noveller? Vad \u00e4r det i formatet som \u00e4r s\u00e5 tilltalande? Dessa fr\u00e5gor och fler med dem f\u00f6rs\u00f6ker hon besvara i den h\u00e4r boken.<\/p>\n<p><strong>F\u00f6rfattaren har studerat p\u00e5 F\u00f6rfattarskolan Lunds universitet och \u00e4ven p\u00e5 Skrivpedagogutbildningen Skurups folkh\u00f6gskola<\/strong>. Sedan 2010 har hon varit aktiv som f\u00f6rfattar- eller skrivpedagog till barn och vuxna. Marica K\u00e4llners egna noveller gestaltar ofta \u00f6gonblick i unga kvinnors liv. <em>Det som f\u00e5r plats <\/em>\u00e4r utgiven p\u00e5 Winai Books som \u00e4r ett frist\u00e5ende v\u00e4rdedrivet f\u00f6rlag.<\/p>\n<p><strong>Spr\u00e5ket i boken \u00e4r v\u00e4lformulerat och precist<\/strong>. F\u00f6rfattaren bryter lite h\u00e4r och d\u00e4r mot givna skrivregler, s\u00e5 d\u00e4r som de g\u00f6r som mycket v\u00e4l k\u00e4nner till reglerna och som bara d\u00e4rf\u00f6r f\u00e5r lust att svinga med sin kreativa hammare. Pang! D\u00e4r satt den.<\/p>\n<p>Det kanske inte \u00e4r s\u00e5 ovanligt nu f\u00f6r tiden men boken i \u00f6vrigt visar ocks\u00e5 att h\u00e4r har vi att g\u00f6ra med en m\u00e4nniska som \u00e4lskar spr\u00e5ket, orden och formuleringarna.<\/p>\n<p><strong>En annan bok om skrivandets konst dyker upp i mitt huvud \u2013 <em>I textens rum <\/em>av Karl Lindqvist och Elisabet Norin.<\/strong> Gemensamt har de viljan att f\u00f6rklara eller diskutera villkor och ing\u00e5ngar som har med skrivandet att g\u00f6ra och i b\u00e5da b\u00f6ckerna lyser den d\u00e4r k\u00e4rleken till spr\u00e5ket igenom och f\u00e4rgar allt genom detta filter. Det \u00e4r just det som ger mig en varm gemenskapsk\u00e4nsla.<\/p>\n<p>Sedan kanske jag inte reflekterar s\u00e5 som det var t\u00e4nkt kring skrivandets villkor. Jag hade nog beh\u00f6vt en levande samtalspartner f\u00f6r \u00e4ndam\u00e5let. Boken skulle g\u00f6ra sig utm\u00e4rkt som utg\u00e5ngspunkt i skrivargrupper d\u00e4r man diskuterar alla de fr\u00e5gor som boken tar upp.<\/p>\n<p><strong>Inledningsvis tar Marica K\u00e4llner upp en fr\u00e5ga hon ofta har f\u00e5tt; Varf\u00f6r skriver du noveller? <\/strong>Fr\u00e5gan b\u00e5de f\u00f6rargar henne och triggar henne till att ge ett svar. Hur m\u00e5nga romanf\u00f6rfattare f\u00e5r fr\u00e5gan varf\u00f6r de skriver just romaner eller poeter varf\u00f6r de skriver just poesi?<\/p>\n<p>Hennes impulssvar \u00e4r att hon helt enkelt trivs i novellistiken men det duger inte riktigt i hennes egna \u00f6gon \u00e4ven om hon tycker att svaret borde r\u00e4cka.<\/p>\n<p>Hon \u00e5terkommer till fr\u00e5gan p\u00e5 slutet och h\u00e4r f\u00e5r novellens format en djupare inneb\u00f6rd: &#8221;Novellens korta format, ger mig det stora utrymmet jag beh\u00f6ver f\u00f6r att skriva. Och d\u00e4rf\u00f6r skriver jag noveller.&#8221;<\/p>\n<p><strong>F\u00f6rfattaren har tidigare i boken skrivit om hur g\u00e4rna hon vill vidare i sitt skrivande<\/strong>. Hon vill ge \u00f6gonblick i m\u00e4nniskors liv b\u00e5de djup och karakt\u00e4r, hon vill ge personerna en r\u00f6st och hon vill g\u00f6ra ett utsnitt. Hon vill inte veta allt om hela deras liv. Det \u00e4r \u00f6gonblicket som ger inneb\u00f6rd och djup \u00e5t de eviga fr\u00e5gorna. Sedan vill hon vidare, ge n\u00e5gon annan en r\u00f6st f\u00f6r ett \u00f6gonblick.<\/p>\n<p>Jag tycker att det l\u00e5ter som en bra tanke. Och det \u00e4r nog inte helt fel med fr\u00e5gor som b\u00e5de f\u00f6rargar och triggar. Hade vi haft tillg\u00e5ng till <em>Det som f\u00e5r plats <\/em>annars?<\/p>\n<p>\u00a9 <em>Text: Carina Johansson<\/em><\/p>\n<blockquote>\n<h3><em>NOVELLER<\/em><\/h3>\n<p><strong><em>Det som f\u00e5r plats<\/em><\/strong><em><br \/>\nMarica K\u00e4llner<br \/>\nWinai Books 2017<\/em><\/p><\/blockquote>\n<p>L\u00c4NKAR<br \/>\nMarica K\u00e4llner <a href=\"https:\/\/www.maricakallner.se\/index.php\" target=\"_blank\" rel=\"noopener\">hemsida <\/a><br \/>\nWinai Books <a href=\"http:\/\/www.winbooks.se\" target=\"_blank\" rel=\"noopener\">hemsida <\/a><br \/>\nMarica K\u00e4llner ger scenkonstverk p\u00e5 Kulturhuset <a href=\"https:\/\/www.kultursidan.nu\/?p=5866\" target=\"_blank\" rel=\"noopener\">reportage<\/a> Kultursidan.nu 26\/4 2012<\/p>\n","protected":false},"excerpt":{"rendered":"<p>LITTERATUR Det som f\u00e5r plats. Ju mindre desto mer laddat. Skribenten och fotografen Marica K\u00e4llner l\u00e4mnade Norrk\u00f6ping f\u00f6r Sk\u00e5ne f\u00f6r ett par \u00e5r sedan. Nu debuterar hon med en novellsamling. K\u00e4rleken till spr\u00e5ket lyser igenom. <a class=\"continue-reading-link\" href=\"https:\/\/www.kultursidan.nu\/?p=31769\">L\u00e4s mer <span class=\"meta-nav\">&rarr; <\/span><\/a><\/p>\n","protected":false},"author":1001006,"featured_media":0,"comment_status":"closed","ping_status":"open","sticky":false,"template":"","format":"standard","meta":{"_jetpack_memberships_contains_paid_content":false,"footnotes":""},"categories":[7],"tags":[16],"class_list":["post-31769","post","type-post","status-publish","format-standard","hentry","category-norrkoping","tag-litteratur"],"jetpack_featured_media_url":"","jetpack_sharing_enabled":true,"_links":{"self":[{"href":"https:\/\/www.kultursidan.nu\/index.php?rest_route=\/wp\/v2\/posts\/31769","targetHints":{"allow":["GET"]}}],"collection":[{"href":"https:\/\/www.kultursidan.nu\/index.php?rest_route=\/wp\/v2\/posts"}],"about":[{"href":"https:\/\/www.kultursidan.nu\/index.php?rest_route=\/wp\/v2\/types\/post"}],"author":[{"embeddable":true,"href":"https:\/\/www.kultursidan.nu\/index.php?rest_route=\/wp\/v2\/users\/1001006"}],"replies":[{"embeddable":true,"href":"https:\/\/www.kultursidan.nu\/index.php?rest_route=%2Fwp%2Fv2%2Fcomments&post=31769"}],"version-history":[{"count":2,"href":"https:\/\/www.kultursidan.nu\/index.php?rest_route=\/wp\/v2\/posts\/31769\/revisions"}],"predecessor-version":[{"id":31772,"href":"https:\/\/www.kultursidan.nu\/index.php?rest_route=\/wp\/v2\/posts\/31769\/revisions\/31772"}],"wp:attachment":[{"href":"https:\/\/www.kultursidan.nu\/index.php?rest_route=%2Fwp%2Fv2%2Fmedia&parent=31769"}],"wp:term":[{"taxonomy":"category","embeddable":true,"href":"https:\/\/www.kultursidan.nu\/index.php?rest_route=%2Fwp%2Fv2%2Fcategories&post=31769"},{"taxonomy":"post_tag","embeddable":true,"href":"https:\/\/www.kultursidan.nu\/index.php?rest_route=%2Fwp%2Fv2%2Ftags&post=31769"}],"curies":[{"name":"wp","href":"https:\/\/api.w.org\/{rel}","templated":true}]}}