{"id":31802,"date":"2017-07-21T10:00:17","date_gmt":"2017-07-21T09:00:17","guid":{"rendered":"https:\/\/intelligent-friend-7861.standoutwp.com\/?p=31802"},"modified":"2017-07-21T10:00:17","modified_gmt":"2017-07-21T09:00:17","slug":"balsamisk-hovbarock-i-st-laurentii-kyrka-recension","status":"publish","type":"post","link":"https:\/\/www.kultursidan.nu\/?p=31802","title":{"rendered":"Balsamisk hovbarock i S:t Laurentii kyrka (recension)"},"content":{"rendered":"<p><img loading=\"lazy\" decoding=\"async\" class=\"alignnone size-medium wp-image-31803\" src=\"https:\/\/www.kultursidan.nu\/wp-content\/uploads\/2017\/07\/2M8A0202-567x381.jpg\" alt=\"\" width=\"567\" height=\"381\" srcset=\"https:\/\/www.kultursidan.nu\/wp-content\/uploads\/2017\/07\/2M8A0202-567x381.jpg 567w, https:\/\/www.kultursidan.nu\/wp-content\/uploads\/2017\/07\/2M8A0202-768x515.jpg 768w, https:\/\/www.kultursidan.nu\/wp-content\/uploads\/2017\/07\/2M8A0202-1024x687.jpg 1024w, https:\/\/www.kultursidan.nu\/wp-content\/uploads\/2017\/07\/2M8A0202-496x333.jpg 496w, https:\/\/www.kultursidan.nu\/wp-content\/uploads\/2017\/07\/2M8A0202-150x101.jpg 150w, https:\/\/www.kultursidan.nu\/wp-content\/uploads\/2017\/07\/2M8A0202.jpg 1280w\" sizes=\"auto, (max-width: 567px) 100vw, 567px\" \/><br \/>\n<em>Samspelta. Leif Henriksson, viola da gamba, och Lars-Erik Larsson, teorb, bj\u00f6d p\u00e5 barockmusik fylld av v\u00e4rme och rytmiskt gung.<\/em><\/p>\n<p>&nbsp;<\/p>\n<h1><span style=\"color: #ff0000;\">Senstr\u00e4ngar \u00e4r speciellt k\u00e4nsliga<\/span><\/h1>\n<p>&nbsp;<\/p>\n<p>RECENSION\/S\u00d6DERK\u00d6PING <strong>\u00c4nglarnas instrument.<\/strong> Sommarkv\u00e4llsmusiken <em>Pi\u00e8ces de viole<\/em> i S:t Laurentii kyrka p\u00e5 torsdagskv\u00e4llen var n\u00e5got ut\u00f6ver det vanliga. Samspelta Leif Henriksson och Lars-Erik Larsson trakterar viola da gamba och teorb.<\/p>\n<p><strong>Balsam f\u00f6r sj\u00e4len.<\/strong> Det var vad \u00e5h\u00f6rarna bj\u00f6ds p\u00e5 i S:t Laurentii kyrka p\u00e5 torsdagskv\u00e4llen. Sommarkv\u00e4llsmusiken, s\u00e4songens fj\u00e4rde i ordningen, hade rubriken <em>Pi\u00e8ces de viole,<\/em> vilket inneb\u00e4r musik f\u00f6r instrumenten viola da gamba och teorb. Och d\u00e5 huvudsakligen fransk musik fr\u00e5n barocken, det vid s\u00e4ga sekelskiftet 1600\/1700.<\/p>\n<p>&nbsp;<\/p>\n<p><a title=\"Lars-Erik Larsson med teorb\" href=\"https:\/\/www.flickr.com\/photos\/kultursidan\/36019158396\/in\/album-72157686451180856\/\"><img loading=\"lazy\" decoding=\"async\" src=\"https:\/\/farm5.staticflickr.com\/4306\/36019158396_9be7afe7b2.jpg\" alt=\"Lars-Erik Larsson med teorb\" width=\"315\" height=\"500\" \/><\/a><br \/>\n<em>\u00c4nglarnas instrument. Lars-Erik Larsson med teorb.<\/em><\/p>\n<p>&nbsp;<\/p>\n<p><strong>Leif Henriksson trakterade viola da gamba och Lars-Erik Larsson det i v\u00e5r tid ovanliga instrumentet teorb.<\/strong> Teorb \u00e4r en luta med l\u00e5ng hals. Den \u00e4r inte bara vacker att lyssna till utan \u00e4ven att se p\u00e5. P\u00e5 gamla m\u00e5lningar f\u00f6rekommer teorben ofta som ett \u00e4nglarnas instrument.<\/p>\n<p>Leif Henriksson och Lars-Erik Larsson har spelat tillsammans sedan 1980-talet och visade prov p\u00e5 stor samspelthet. Att de m\u00e5ste \u00e4gna en hel del tid till att st\u00e4mma instrumenten f\u00f6rklarade de med att de anv\u00e4nder sig av senstr\u00e4ngar vilka \u00e4r speciellt k\u00e4nsliga.<\/p>\n<p><strong>De inledde konserten med en niosatsig komposition av Marais Marin,<\/strong> den kanske mest k\u00e4nde komposit\u00f6ren i sin genre. Varm och innerlig musik som samtidigt har ett rytmiskt gung.<\/p>\n<p>D\u00e4refter f\u00f6ljde ett stycke f\u00f6r enbart teorb av Robert de Vis\u00e9e. Om honom ber\u00e4ttade Lars-Erik Larsson att han, liksom Marais, var anst\u00e4lld vid Ludvig XIV: hov. Och att en av hans uppgifter var att sitta p\u00e5 kungens s\u00e4ngkant p\u00e5 kv\u00e4llskvisten och spela luta f\u00f6r att lugna ner de kungliga nerverna.<\/p>\n<p>\u2013 Tiderna f\u00f6r\u00e4ndras, som Lars-Erik Larsson p\u00e5pekade.<\/p>\n<p>&nbsp;<\/p>\n<p><a title=\"Pi\u00e8ces de viole\" href=\"https:\/\/www.flickr.com\/photos\/kultursidan\/36060653125\/in\/album-72157686451180856\/\"><img loading=\"lazy\" decoding=\"async\" src=\"https:\/\/farm5.staticflickr.com\/4298\/36060653125_295376d8e2.jpg\" alt=\"Pi\u00e8ces de viole\" width=\"500\" height=\"333\" \/><\/a><br \/>\n<em>Ljuv musik i ljust kyrkorum.<\/em><\/p>\n<p>&nbsp;<\/p>\n<p><strong>Sommarmusiken avslutades med musik av J-B Forqueray.<\/strong> Det var s\u00e4kert fler \u00e4n jag som inte uppfattade komposit\u00f6rernas namn, och som saknade ett program. Enligt musikerna hade de skickat ett program men det hade tydligen kommit p\u00e5 avv\u00e4gar.<\/p>\n<p>En fin musikkv\u00e4ll ut\u00f6ver det vanliga.<\/p>\n<p><em>\u00a9 Text: Bibi Friedrichsen\u2028<\/em><br \/>\n<em>\u00a9 Foto: Boy Svedberg<\/em><\/p>\n<blockquote>\n<h3><em>S:T LAURENTII KYRKA S\u00f6derk\u00f6ping<\/em><\/h3>\n<p>20 juli 2017<br \/>\n<em>Pi\u00e8ces de viole<\/em><br \/>\n<em>\u2028Leif Henriksson, viola da gamba, och Lars-Erik Larsson, teorb<\/em><\/p>\n<p style=\"padding-left: 30px;\"><em>MUSIK AV \u2028<\/em><br \/>\n<em>Marais Marin\u2028<\/em><br \/>\n<em>Robert de Vis\u00e9e\u2028<\/em><br \/>\n<em>J-B Forqueray<\/em><\/p><\/blockquote>\n<p>L\u00c4NKAR<br \/>\nMarais Marin <a href=\"https:\/\/sv.wikipedia.org\/wiki\/Marin_Marais\" target=\"_blank\" rel=\"noopener\">Wikipedia <\/a><br \/>\nRobert de Vis\u00e9e <a href=\"https:\/\/en.wikipedia.org\/wiki\/Robert_de_Vis\u00e9e\" target=\"_blank\" rel=\"noopener\">Wikipedia (eng)<\/a><br \/>\nJ-B Forqueray <a href=\"https:\/\/en.wikipedia.org\/wiki\/Jean-Baptiste_Forqueray\" target=\"_blank\" rel=\"noopener\">Wikipedia (eng) <\/a><br \/>\nLeif Henriksson och Lars-Erik Larsson <a href=\"http:\/\/www.daphne.se\/sv\/marin-marais-suites-pieces-de-viole-cinquieme-livre-paris-1725\" target=\"_blank\" rel=\"noopener\">album <\/a><\/p>\n","protected":false},"excerpt":{"rendered":"<p>S\u00d6DERK\u00d6PING \u00c4nglarnas instrument. Sommarkv\u00e4llsmusiken Pi\u00e8ces de viole i S:t Laurentii kyrka p\u00e5 torsdagskv\u00e4llen var n\u00e5got ut\u00f6ver det vanliga. Samspelta Leif Henriksson och Lars-Erik Larsson trakterar viola da gamba och teorb. <a class=\"continue-reading-link\" href=\"https:\/\/www.kultursidan.nu\/?p=31802\">L\u00e4s mer <span class=\"meta-nav\">&rarr; <\/span><\/a><\/p>\n","protected":false},"author":1001006,"featured_media":0,"comment_status":"closed","ping_status":"open","sticky":false,"template":"","format":"standard","meta":{"_jetpack_memberships_contains_paid_content":false,"footnotes":""},"categories":[6],"tags":[13],"class_list":["post-31802","post","type-post","status-publish","format-standard","hentry","category-soderkoping","tag-musik"],"jetpack_featured_media_url":"","jetpack_sharing_enabled":true,"_links":{"self":[{"href":"https:\/\/www.kultursidan.nu\/index.php?rest_route=\/wp\/v2\/posts\/31802","targetHints":{"allow":["GET"]}}],"collection":[{"href":"https:\/\/www.kultursidan.nu\/index.php?rest_route=\/wp\/v2\/posts"}],"about":[{"href":"https:\/\/www.kultursidan.nu\/index.php?rest_route=\/wp\/v2\/types\/post"}],"author":[{"embeddable":true,"href":"https:\/\/www.kultursidan.nu\/index.php?rest_route=\/wp\/v2\/users\/1001006"}],"replies":[{"embeddable":true,"href":"https:\/\/www.kultursidan.nu\/index.php?rest_route=%2Fwp%2Fv2%2Fcomments&post=31802"}],"version-history":[{"count":3,"href":"https:\/\/www.kultursidan.nu\/index.php?rest_route=\/wp\/v2\/posts\/31802\/revisions"}],"predecessor-version":[{"id":31806,"href":"https:\/\/www.kultursidan.nu\/index.php?rest_route=\/wp\/v2\/posts\/31802\/revisions\/31806"}],"wp:attachment":[{"href":"https:\/\/www.kultursidan.nu\/index.php?rest_route=%2Fwp%2Fv2%2Fmedia&parent=31802"}],"wp:term":[{"taxonomy":"category","embeddable":true,"href":"https:\/\/www.kultursidan.nu\/index.php?rest_route=%2Fwp%2Fv2%2Fcategories&post=31802"},{"taxonomy":"post_tag","embeddable":true,"href":"https:\/\/www.kultursidan.nu\/index.php?rest_route=%2Fwp%2Fv2%2Ftags&post=31802"}],"curies":[{"name":"wp","href":"https:\/\/api.w.org\/{rel}","templated":true}]}}