{"id":31807,"date":"2017-07-21T14:55:51","date_gmt":"2017-07-21T13:55:51","guid":{"rendered":"https:\/\/intelligent-friend-7861.standoutwp.com\/?p=31807"},"modified":"2017-11-18T10:05:47","modified_gmt":"2017-11-18T09:05:47","slug":"lang-dag-for-jubilerande-zarah-leander","status":"publish","type":"post","link":"https:\/\/www.kultursidan.nu\/?p=31807","title":{"rendered":"L\u00e5ng dag f\u00f6r jubilerande Zarah Leander"},"content":{"rendered":"<p><img loading=\"lazy\" decoding=\"async\" class=\"alignnone size-medium wp-image-31808\" src=\"https:\/\/www.kultursidan.nu\/wp-content\/uploads\/2017\/07\/IMG_4768-567x378.jpg\" alt=\"\" width=\"567\" height=\"378\" srcset=\"https:\/\/www.kultursidan.nu\/wp-content\/uploads\/2017\/07\/IMG_4768-567x378.jpg 567w, https:\/\/www.kultursidan.nu\/wp-content\/uploads\/2017\/07\/IMG_4768-768x512.jpg 768w, https:\/\/www.kultursidan.nu\/wp-content\/uploads\/2017\/07\/IMG_4768-1024x682.jpg 1024w, https:\/\/www.kultursidan.nu\/wp-content\/uploads\/2017\/07\/IMG_4768-500x333.jpg 500w, https:\/\/www.kultursidan.nu\/wp-content\/uploads\/2017\/07\/IMG_4768-150x100.jpg 150w, https:\/\/www.kultursidan.nu\/wp-content\/uploads\/2017\/07\/IMG_4768.jpg 1280w\" sizes=\"auto, (max-width: 567px) 100vw, 567px\" \/><br \/>\n<em>Zarah bakom allt.\u00a0Rikard Wolff hyllade Zarah Leander p\u00e5 namnsdagen som firades i H\u00e4radshammars bygdeg\u00e5rd.<br \/>\n<\/em><\/p>\n<p>&nbsp;<\/p>\n<h1><span style=\"color: #ff0000;\">&#8221;En stj\u00e4rna som brinner och ber\u00f6r&#8221;<\/span><\/h1>\n<p>&nbsp;<\/p>\n<p>NORRK\u00d6PING <strong>Visst g\u00f6r Rikard Wolff kv\u00e4llen till en fest.<\/strong> Men det \u00e4r Zarah Leander som g\u00f6r hela dagen. Med stipendieutdelning, fr\u00e5gestund och konsert l\u00e4ggs \u00e4nnu en pusselbit till bilden av en av v\u00e5ra st\u00f6rsta internationella stj\u00e4rnartister.<\/p>\n<p>\u2013 Hon \u00e4r en stj\u00e4rna som fortfarande brinner och ber\u00f6r, s\u00e4ger Beata Arnborg, en av \u00e5rets tv\u00e5 stipendiater.<\/p>\n<p><strong>Zarah Leanders\u00e4llskapet firar hela \u00e5ret.<\/strong> Det \u00e4r 110 \u00e5r sedan artisten f\u00f6ddes, tio \u00e5r sedan det f\u00f6rsta stipendiet delades ut och tio \u00e5r sedan museet till hennes \u00e4ra invigdes. Det \u00e4r inrymt i suterr\u00e4ngv\u00e5ningen till H\u00e4radshammars bygdeg\u00e5rd, proppat med minnen, foton, kl\u00e4der, skivor och affischer.<\/p>\n<p>Firar g\u00f6r de med Zarahcaf\u00e9 varje m\u00e5nad, d\u00e5 godbitarna plockas fram. I g\u00f6mmorna finns radio- och tv-inspelningar, kanske \u00e4ven en och annan film.<\/p>\n<p>Nu i sommar arrangeras teaterf\u00f6rest\u00e4llningar f\u00f6r Vikbolandets barn vid museet med lokala, professionella grupper. Kvar p\u00e5 programmet st\u00e5r Artistskola med Carina Perenkranz och Macus Fyrberg, en dag med s\u00e5ng, dans och teater.<\/p>\n<p>&nbsp;<\/p>\n<p><a title=\"Ordf\u00f6rande Lars-Olof Johansson vid Zarah Leanders bil\" href=\"https:\/\/www.flickr.com\/photos\/kultursidan\/35238199003\/in\/album-72157686515930075\/\"><img loading=\"lazy\" decoding=\"async\" src=\"https:\/\/farm5.staticflickr.com\/4299\/35238199003_75a63a15ab.jpg\" alt=\"Ordf\u00f6rande Lars-Olof Johansson vid Zarah Leanders bil\" width=\"500\" height=\"333\" \/><\/a><br \/>\n<em> Framk\u00f6rd. Ordf\u00f6rande Lars-Olof Johansson vid Zarah Leanders bil, en Mercury.<\/em><\/p>\n<p>&nbsp;<\/p>\n<p><strong>Och s\u00e5 firas f\u00f6rst\u00e5s Zarahdagen, en riktig sommarnamnsdag.<\/strong> S\u00e4llskapet bjuder in medlemmarna till mingel och samtal med \u00e5rets stipendiat i museets caf\u00e9. N\u00e5gra timmar senare fylls H\u00e4radshammars bygdeg\u00e5rd till bredden med publik och sk\u00f6na s\u00e5nger, framburna av en djup st\u00e4mma, Rikard Wolffs.<\/p>\n<p><strong>\u00c5rets Zara Leanderstipendiat Beata Arnborg har skrivit <em>Se p\u00e5 mig!<\/em> den f\u00f6rsta svenska biografin om artisten.<\/strong> Naturligtvis finns d\u00e4r redan biografier p\u00e5 tyska och engelska, p\u00e5 svenska har Zarah sj\u00e4lv skrivit sina memoarer (fast hon skrev p\u00e5 tyska f\u00f6rst) och n\u00e5gra b\u00f6cker med smalare perspektiv, som Tiina Rosenberg <em>B\u00f6garnas Zarah<\/em>.<\/p>\n<p>Efter att Beata Arnborg skrivit om tre andra framtr\u00e4dande kvinnor tog hon ett djupt andetag och d\u00f6k ner i arkiven (inklusive museets eget), b\u00f6ckerna, avhandlingarna, tidningsartiklarna. Beata intervjuade sl\u00e4ktingar, v\u00e4nner \u2013 naturligtvis Brigitte Pettersson \u2013 och artister. Hon hittade barn och barnbarn, som \u00e4ttlingar till Himmlers mass\u00f6r, som flytt till Sverige.<\/p>\n<p>\u2013 Jag var lite r\u00e4dd, hon tar ju plats, s\u00e4ger Beata Arnborg som efter fyra \u00e5rs arbete presenterade sin biografi p\u00e5 Zara Leanders f\u00f6delsedag i mars i vintras.<\/p>\n<p><strong>Boken f\u00f6ljer Zarah Leander, f\u00f6dd i Karlstad som Sara Stina Hedenberg (namnet Zarah best\u00e4mde den m\u00e5ngbeg\u00e5vade flickan sig f\u00f6r redan som 9-\u00e5ring). <\/strong>Genom uppv\u00e4xt, snabbstartad revy- och filmkarri\u00e4r i Sverige och snart \u00e4ven i Nazityskland. D\u00e4rp\u00e5 f\u00f6ljer hon \u00e5terkomsten till ett djupfruset Sverige 1943, och \u00e5terkomsten till den internationella scenen efter \u00e5r av tystnad. Sedan steg hennes stj\u00e4rna h\u00f6gre \u00e4n n\u00e5gonsin tidigare.<\/p>\n<p>\u2013 Jag hade nog inte f\u00f6rst\u00e5tt hur stor hon var ute i Europa, kommenterar Beata Arnborg.<\/p>\n<p>Men skvallret och ifr\u00e5gas\u00e4ttandet fick hon leva med livet ut.<\/p>\n<p>&nbsp;<\/p>\n<p><a title=\"Litteratur om Zarah\" href=\"https:\/\/www.flickr.com\/photos\/kultursidan\/35238198533\/in\/album-72157686515930075\/\"><img loading=\"lazy\" decoding=\"async\" src=\"https:\/\/farm5.staticflickr.com\/4323\/35238198533_abe98fcdb7.jpg\" alt=\"Litteratur om Zarah\" width=\"500\" height=\"333\" \/><\/a><br \/>\n<em>Bokhyllan. Litteraturen om Zarah Leander v\u00e4xer.<\/em><\/p>\n<p>&nbsp;<\/p>\n<p><strong>\u00c5rets andra stipendiat \u2013 \u00e4r det 10-\u00e5rsjubileum s\u00e5 \u00e4r det \u2013 \u00e4r Bosse Sch\u00f6n som skrev <em>Sanningen om Zarah Leander<\/em> som gavs ut redan 2008.<\/strong> Det har alltid funnits rykten kring Zarah Leander. Var hon spion och i s\u00e5 fall f\u00f6r vem, f\u00f6r Nazityskland, f\u00f6r Sverige, f\u00f6r Ryssland? Bosse Sch\u00f6n, som skrivit flera b\u00f6cker om svenskar i nazisternas tj\u00e4nst, best\u00e4mde sig f\u00f6r att unders\u00f6ka dessa rykten n\u00e4r S\u00c4PO sl\u00e4ppte akten fri f\u00f6r forskare. Det visade sig att S\u00e4kerhetspolisen fortsatte att bevaka artisten \u00e4nda fram till 1973.<\/p>\n<p>Bosse Sch\u00f6n \u00e4r inte n\u00e4rvarande p\u00e5 Vikbolandet denna dag men han skickar en h\u00e4lsning som s\u00e4llskapets ordf\u00f6rande Lars-Olof Johansson framf\u00f6r.<\/p>\n<p>\u201dRadiotj\u00e4nst v\u00e4grade spela hennes musik under sju \u00e5r. Alla anklagelser \u00e4r l\u00f6gn, Zarah var utsatt f\u00f6r historief\u00f6rfalskning\u201d, h\u00e4lsar Bosse Sch\u00f6n som s\u00e4ger sig ha skrivit en \u201d\u00e4rer\u00e4ddning\u201d.<\/p>\n<p><strong>Naturligtvis har Beata Arnborg l\u00e4st Bosse Sch\u00f6ns bok.<\/strong> Hon har i sitt eget gr\u00e4vande lagt mesta fokus p\u00e5 Zarah Leanders tillvaro i Tyskland. Inte heller hon finner n\u00e5got som komprometterar artisten.<\/p>\n<p>\u2013 Jag tror att hon inte f\u00f6rstod vad Goebbels anv\u00e4nde henne till. Hon fick v\u00e4lja filmer fritt och s\u00e5g till att de var rumsrena. Hon v\u00e4grade att g\u00e5 in i nazistpartiet, som alla artister egentligen m\u00e5ste g\u00f6ra.<\/p>\n<p>Det moraliska fel Zarah Leander gjorde var att hon blev rik p\u00e5 sitt samarbete med Nazitysklands statliga musik- och filmindustri. Det var hon inte ensam om, andra framtr\u00e4dande svenska artister arbetade ocks\u00e5 i Tyskland, men det var hon som blev den svenska syndabocken.<\/p>\n<p>\u2013 Hon s\u00e5lde ingen j\u00e4rnmalm till Tyskland och hon godk\u00e4nde inga t\u00e5gtransporter, framh\u00e5ller Beata Arnborg. Den svenska pressen st\u00f6ttade henne till och med 1942. Hennes liv speglar hela Sveriges h\u00e5llning.<\/p>\n<p><strong>Sedan v\u00e4nde krigslyckan.<\/strong> Rentav s\u00e5 att Zarah Leanders villa bombades 1943. Hon l\u00e4mnade Tyskland och flyttade hem till Sverige, till L\u00f6n\u00f6 p\u00e5 Vikbolandet som hon k\u00f6pt 1939. I Tyskland blev hon en <em>persona non grata<\/em>, en icke \u00f6nskv\u00e4rd person. Och n\u00e4ranog i Sverige.<\/p>\n<p>\u2013 Men hon \u00e5terkom och tog hela v\u00e4rlden med storm!<\/p>\n<p><strong>Till Zarah-dagen har medlemmar kommit fr\u00e5n n\u00e4r och fj\u00e4rran.<\/strong> Jules Sylvaine-s\u00e4llskapet uppvaktar och Zarah Leanders v\u00e4ninna och privatsekreterare Brigitte Pettersson tycker att \u201dalla \u00e4r h\u00e4r, det \u00e4r r\u00f6rande och jag n\u00e4stan gr\u00e5ter\u201d.<\/p>\n<p>\u2013 Min mamma var ett \u00e4kta Zarah Leander-fan, ber\u00e4ttar Gisela Bogner som tillh\u00f6r den grupp av tyska medlemmar som troget kommer till Zarah-dagen varje \u00e5r.<\/p>\n<p>Gisela Boggner \u00e4r uppvuxen i DDR, allts\u00e5 \u00d6sttyskland d\u00e4r Zarah Leander i det n\u00e4rmaste var ett ok\u00e4nt namn, om man nu inte hade en mamma som kunde ber\u00e4tta.<\/p>\n<p>\u2013 Det fanns inga m\u00f6jligheter att l\u00e4sa om henne eller att lyssna till hennes musik, f\u00f6rklarar Gisela Bogner, som f\u00f6rst\u00e5s tagit igen.<\/p>\n<p>\u2013 Jag har respekt f\u00f6r hennes liv, fastsl\u00e5r hon.<\/p>\n<p>&nbsp;<\/p>\n<p><a title=\"Rikard Wolff\" href=\"https:\/\/www.flickr.com\/photos\/kultursidan\/35238198913\/in\/album-72157686515930075\/\"><img loading=\"lazy\" decoding=\"async\" src=\"https:\/\/farm5.staticflickr.com\/4315\/35238198913_6f72c68b73.jpg\" alt=\"Rikard Wolff\" width=\"306\" height=\"500\" \/><\/a><br \/>\n<em> En av de allra st\u00f6rsta svenska artisterna. Evigt unga Zarah Leander bakom Rikard Wolff.<\/em><\/p>\n<p>&nbsp;<\/p>\n<p><strong>N\u00e5gra timmar senare \u00e4r det Rikard Wolff som st\u00e5r p\u00e5 scenen i H\u00e4radshammars stora bygdeg\u00e5rd och publiken har flerdubblats.<\/strong> Den djupa r\u00f6sten med timbre och textning sjunger de <em>songes<\/em> han gjort till sina, han \u00e4r k\u00e4nd uttolkare av franska Piaf, Brel och sin favorit Barbara. Om Barbara ber\u00e4ttar han att hon hade just Zarah Leander som sin f\u00f6rebild.<\/p>\n<p>\u2013 Barbara var en diva, en poetissa, originell och intellektuell. T\u00e4nk er en hybrid mellan Zarah Leander och Sara Lidman, uppmanar han och brister ut i <em>G\u00f6ttingen,<\/em> om f\u00f6rsoningens n\u00f6dv\u00e4ndighet.<\/p>\n<p><strong>Rikard Wolff har gjort en f\u00f6rest\u00e4llning om Karl Gerhard, som skrev <em>I skuggan av en st\u00f6vel <\/em>f\u00f6r Zarah.<\/strong> Han sjunger med kraftiga betoningar p\u00e5 ordet \u201dJag\u201d till pianofortets ornamenteringar med skicklige Johan Graden vid tangenterna. Forts\u00e4ttning f\u00f6ljer med <em>Den \u00f6k\u00e4nda h\u00e4sten fr\u00e5n Troja.<\/em><\/p>\n<p>Anekdoterna droppar fr\u00e5n scenen och en halsbrytande v\u00e4ndning senare h\u00f6r vi Brels <em>Amsterdam, <\/em>en g\u00e5ng framf\u00f6rd fr\u00e5n en sjukhusbrits. Den blir mitt minne fr\u00e5n kv\u00e4llen men publikens appl\u00e5der d\u00e5nar efter Piafs <em>Hymne \u00e0 l&#8217;amour<\/em> och ekar redan i introt till hans och Lisa Ekdahls <em>Det sitter en pojke p\u00e5 m\u00e5nen.<\/em><\/p>\n<p>S\u00e5 f\u00e5r vi d\u00e5 veta att \u00e4ven Rikard Wolff h\u00f6rt Zarah. Hemma i Karlstad n\u00e4r han var en ung scentekniker med artistdr\u00f6mmar.<\/p>\n<p>\u2013 Hon sj\u00f6ng otroligt bra!<\/p>\n<p>Och s\u00e5 sjunger han hennes <em>S\u00e5ng om syrsor<\/em> innan det blir alls\u00e5ng \u2013 <em>S\u00e4g det i toner och inte i ord.<\/em><\/p>\n<p>&nbsp;<\/p>\n<p><a title=\"Beata Arnborg och Mattias Enn\" href=\"https:\/\/www.flickr.com\/photos\/kultursidan\/35238198203\/in\/album-72157686515930075\/\"><img loading=\"lazy\" decoding=\"async\" src=\"https:\/\/farm5.staticflickr.com\/4325\/35238198203_f3722da204.jpg\" alt=\"Beata Arnborg och Mattias Enn\" width=\"500\" height=\"333\" \/><\/a><br \/>\n<em> \u00d6verraskad. \u00c5rets stipendiat Beata Arnborg, h\u00e4r tillsammans med Mattias Enn, gladdes \u00e5t att uppt\u00e4cka Zarahs\u00a0 humor, \u00f6dmjukhet \u2013 &#8221;i sin storhet&#8221; \u2013 och v\u00e4nfasthet.<\/em><\/p>\n<p>&nbsp;<\/p>\n<p><strong>H\u00e4r borde jag sluta skriva men ytterligare minst tv\u00e5 artister f\u00f6r vilka Zarah betytt mycket \u00e4r n\u00e4rvarande denna rika Zarahdag.<\/strong> Sk\u00e5despelaren och musikalartisten J\u00f6rgen Mulligan som \u00e4r kv\u00e4llens konferencier \u00e4r den ene (stipendiat 2009). Numera har han dragit sig tillbaka fr\u00e5n sina uppskattade Zarah-imitationer.<\/p>\n<p>Den andre \u00e4r Mattias Enn (stipendiat 2010) som byggt hela sin karri\u00e4r p\u00e5 f\u00f6rebilderna fr\u00e5n 1930-talet. Jag fr\u00e5gar vad Zarah betytt f\u00f6r honom.<\/p>\n<p>\u2013 Allt! Zarah Leander och Karl Gerhard \u00e4r mina husgudar. De rymmer hela 1900-talet och politiken. Karl Gerhard stod upp och sa \u201dnej!\u201d Zarah stod upp och sa \u201ds\u00e4lj!\u201d<\/p>\n<p>\u2013 Och bortsett fr\u00e5n politiken\u2026 de hade intelligens, styrka, beg\u00e5vning, teatern och r\u00f6stresurserna, allt som en gosse fr\u00e5n Sm\u00e5land beundrar. Att Sverige kan producera artister av ett s\u00e5dant format \u2013 det doftar inte k\u00f6ttbullar om Zarah och Karl Gerhard.<\/p>\n<p><strong>Sista ordet \u00e4r inte sagt om Zarah Leanders g\u00f6randen i Tyskland.<\/strong> Beata Arnborg s\u00e4ger sig ha l\u00e4mnat n\u00e5gra ledtr\u00e5dar till framtida forskare. I en av dessa tr\u00e5dar glimmar en m\u00f6jlig hj\u00e4ltinna.<\/p>\n<p>\u2013 Det \u00e4r inte utrett vad hon gjorde med Erik Eriksson, den svenskamerikanske m\u00e4sterspionen som kartlade tyska oljedep\u00e5er. De var v\u00e4nner. Det tycker jag att n\u00e5gon ska forska mer om.<\/p>\n<p>\u00a9 <em>Text och foto: Ann-Charlotte Sandelin<\/em><\/p>\n<p>BILDSPEL (FLASH) \u2013 KLICKA P\u00c5 BILDEN <em><br \/>\nALT\/MOBIL: SE BILDSPELET <a title=\"Bildspel\" href=\"https:\/\/www.flickr.com\/photos\/kultursidan\/sets\/72157686515930075\/show\/\" target=\"_blank\" rel=\"noopener\">H\u00c4R<\/a><\/em><br \/>\n<object width=\"400\" height=\"300\"><param name=\"flashvars\" value=\"offsite=true&amp;lang=en-us&amp;page_show_url=%2Fphotos%2Fkultursidan%2Fsets%2F72157686515930075%2Fshow%2F&amp;page_show_back_url=%2Fphotos%2Fkultursidan%2Fsets%2F72157686515930075%2F&amp;set_id=72157686515930075&amp;jump_to=\" \/><param name=\"movie\" value=\"https:\/\/www.flickr.com\/apps\/slideshow\/show.swf?v=1811922554\" \/><param name=\"allowFullScreen\" value=\"true\" \/><\/object><\/p>\n<blockquote>\n<h3><em>H\u00c4RADSHAMMARS BYGDEG\u00c5RD Vikbolandet, Norrk\u00f6ping<\/em><\/h3>\n<p>19 juli 2017<em><br \/>\n<strong>Zarahdagen<br \/>\n<\/strong>Arr: Zarah Leanders\u00e4llskapet<\/em><\/p>\n<p style=\"padding-left: 30px;\"><em>Mingel med en av \u00e5rets Zarah Leanderstipendiater<br \/>\n<strong>Beata Arnborg<\/strong><br \/>\nKonsert med<br \/>\n<strong>Rikard Wolff<\/strong><br \/>\nKonferencier<br \/>\n<strong>J\u00f6rgen Mulligan<\/strong><\/em><\/p>\n<\/blockquote>\n<p>L\u00c4NKAR<br \/>\nBeata Arnborg <a href=\"https:\/\/sv.wikipedia.org\/wiki\/Beata_Arnborg\" target=\"_blank\" rel=\"noopener\">Wikipedia<\/a> <a href=\"https:\/\/www.nok.se\/Allmanlitteratur\/Bocker\/Sakprosa\/Sakprosa\/Se-pa-mig\/\" target=\"_blank\" rel=\"noopener\">Se p\u00e5 mig!<\/a><br \/>\nBosse Sch\u00f6n <a href=\"https:\/\/sv.wikipedia.org\/wiki\/Bosse_Sch\u00f6n\" target=\"_blank\" rel=\"noopener\">Wikipedia <\/a><br \/>\nRikard Wolff <a href=\"http:\/\/www.rikardwolff.se\" target=\"_blank\" rel=\"noopener\">hemsida <\/a><br \/>\nZarah Leander <a href=\"https:\/\/sv.wikipedia.org\/wiki\/Zarah_Leander\" target=\"_blank\" rel=\"noopener\">Wikipedia <\/a><br \/>\nZarah Leanders\u00e4llskapet <a href=\"http:\/\/zarahleander.se\" target=\"_blank\" rel=\"noopener\">hemsida <\/a><\/p>\n","protected":false},"excerpt":{"rendered":"<p>NORRK\u00d6PING Visst g\u00f6r Rikard Wolff kv\u00e4llen till en fest. Men det \u00e4r Zarah Leander som g\u00f6r hela dagen. Med stipendieutdelning, fr\u00e5gestund och konsert l\u00e4ggs \u00e4nnu en pusselbit till bilden av en av v\u00e5ra st\u00f6rsta internationella stj\u00e4rnartister. <a class=\"continue-reading-link\" href=\"https:\/\/www.kultursidan.nu\/?p=31807\">L\u00e4s mer <span class=\"meta-nav\">&rarr; <\/span><\/a><\/p>\n","protected":false},"author":1001006,"featured_media":0,"comment_status":"closed","ping_status":"open","sticky":false,"template":"","format":"standard","meta":{"_jetpack_memberships_contains_paid_content":false,"footnotes":""},"categories":[7],"tags":[53,35,16,13],"class_list":["post-31807","post","type-post","status-publish","format-standard","hentry","category-norrkoping","tag-foredrag","tag-jubileum","tag-litteratur","tag-musik"],"jetpack_featured_media_url":"","jetpack_sharing_enabled":true,"_links":{"self":[{"href":"https:\/\/www.kultursidan.nu\/index.php?rest_route=\/wp\/v2\/posts\/31807","targetHints":{"allow":["GET"]}}],"collection":[{"href":"https:\/\/www.kultursidan.nu\/index.php?rest_route=\/wp\/v2\/posts"}],"about":[{"href":"https:\/\/www.kultursidan.nu\/index.php?rest_route=\/wp\/v2\/types\/post"}],"author":[{"embeddable":true,"href":"https:\/\/www.kultursidan.nu\/index.php?rest_route=\/wp\/v2\/users\/1001006"}],"replies":[{"embeddable":true,"href":"https:\/\/www.kultursidan.nu\/index.php?rest_route=%2Fwp%2Fv2%2Fcomments&post=31807"}],"version-history":[{"count":5,"href":"https:\/\/www.kultursidan.nu\/index.php?rest_route=\/wp\/v2\/posts\/31807\/revisions"}],"predecessor-version":[{"id":33561,"href":"https:\/\/www.kultursidan.nu\/index.php?rest_route=\/wp\/v2\/posts\/31807\/revisions\/33561"}],"wp:attachment":[{"href":"https:\/\/www.kultursidan.nu\/index.php?rest_route=%2Fwp%2Fv2%2Fmedia&parent=31807"}],"wp:term":[{"taxonomy":"category","embeddable":true,"href":"https:\/\/www.kultursidan.nu\/index.php?rest_route=%2Fwp%2Fv2%2Fcategories&post=31807"},{"taxonomy":"post_tag","embeddable":true,"href":"https:\/\/www.kultursidan.nu\/index.php?rest_route=%2Fwp%2Fv2%2Ftags&post=31807"}],"curies":[{"name":"wp","href":"https:\/\/api.w.org\/{rel}","templated":true}]}}