{"id":31865,"date":"2017-07-25T16:05:22","date_gmt":"2017-07-25T15:05:22","guid":{"rendered":"https:\/\/intelligent-friend-7861.standoutwp.com\/?p=31865"},"modified":"2017-07-25T16:05:22","modified_gmt":"2017-07-25T15:05:22","slug":"nynningen-sjunger-ut-pa-arbis-efter-37-ar","status":"publish","type":"post","link":"https:\/\/www.kultursidan.nu\/?p=31865","title":{"rendered":"Nynningen sjunger ut p\u00e5 Arbis efter 37 \u00e5r"},"content":{"rendered":"<p><img loading=\"lazy\" decoding=\"async\" class=\"alignnone size-medium wp-image-31866\" src=\"https:\/\/www.kultursidan.nu\/wp-content\/uploads\/2017\/07\/Pressfoto-NYNNINGEN-567x347.jpg\" alt=\"\" width=\"567\" height=\"347\" srcset=\"https:\/\/www.kultursidan.nu\/wp-content\/uploads\/2017\/07\/Pressfoto-NYNNINGEN-567x347.jpg 567w, https:\/\/www.kultursidan.nu\/wp-content\/uploads\/2017\/07\/Pressfoto-NYNNINGEN-768x470.jpg 768w, https:\/\/www.kultursidan.nu\/wp-content\/uploads\/2017\/07\/Pressfoto-NYNNINGEN-1024x626.jpg 1024w, https:\/\/www.kultursidan.nu\/wp-content\/uploads\/2017\/07\/Pressfoto-NYNNINGEN-544x333.jpg 544w, https:\/\/www.kultursidan.nu\/wp-content\/uploads\/2017\/07\/Pressfoto-NYNNINGEN-150x92.jpg 150w, https:\/\/www.kultursidan.nu\/wp-content\/uploads\/2017\/07\/Pressfoto-NYNNINGEN.jpg 1280w\" sizes=\"auto, (max-width: 567px) 100vw, 567px\" \/><br \/>\n<em>Nynnar vidare. Thomas J\u00e4derlund, Lisen Rylander L\u00f6ve, Nikke Str\u00f6m, Per Melin, Tomas Forssell och Bengt Blomgren.<\/em><\/p>\n<p>&nbsp;<\/p>\n<h1><span style=\"color: #ff0000;\">Finns det plats f\u00f6r politisk musik idag?<br \/>\n<\/span><\/h1>\n<p>&nbsp;<\/p>\n<p>NORRK\u00d6PING <strong>Hall\u00e5 d\u00e4r, Nikke Str\u00f6m, basist i Nynningen!<\/strong> Vad kan vi v\u00e4nta oss p\u00e5 Arbis p\u00e5 fredag?<\/p>\n<p>\u2013 Ni kan v\u00e4nta er ett taggat band sugna p\u00e5 att spela. \u00c4ven om vi inte har spelat tillsammans alla dessa \u00e5r, f\u00f6rutom Bengan och jag, s\u00e5 \u00e4r vi alla aktiva musiker. Det blir ingen nostalgispelning, utan vi \u00e4r b\u00e4ttre \u00e4n n\u00e5gonsin.<\/p>\n<p>\u2013 Konserten lutar sig mot v\u00e5r Majakovskij-platta, och sen plockar vi in n\u00e5gra l\u00e5tar fr\u00e5n 1974-skivan och ett par av Tomas Forssells solol\u00e5tar\u2026 och eventuellt n\u00e5gon Zappa-cover.<\/p>\n<p><strong>Vad fick er att b\u00f6rja spela tillsammans igen efter 37 \u00e5r?<\/strong><\/p>\n<p>\u2013 Ja, Totta (N\u00e4slund) och jag slutade ju redan 1974 och gick \u00f6ver till Nationalteatern. S\u00e5 det \u00e4r \u00f6ver 40 \u00e5r sedan jag spelade i den h\u00e4r konstellationen. Vi fick en f\u00f6rfr\u00e5gan om att spela f\u00f6r ensamkommande flyktingbarn p\u00e5 Pustervik (i G\u00f6teborg) i december. Det var s\u00e5 kul att vi gjorde 10 gig i vintras, och nu \u00e4r vi ute p\u00e5 den h\u00e4r turn\u00e9n p\u00e5 16-17 gig i sommar.<\/p>\n<p><strong>Ni har ju mycket musikaliskt (och medlemmar) gemensamt med Nationalteatern. Vad \u00e4r skillnaden?<\/strong><\/p>\n<p>\u2013 Nationalteatern var, \u00e5tminstone fr\u00e5n b\u00f6rjan, mer basic bluesrock. Vi hade v\u00e4l lite mer kr\u00e5ngliga ackord och var (\u00e4ven om jag hatar ordet) mer fusion. Och hade inspiration fr\u00e5n Zappa och brittisk progressive music. Sedan var ju Nationalteatern fr\u00e4mst en teatergrupp, medan vi mest var en musikgrupp. N\u00e4r vi turnerade med F\u00f6r full hals (Majakovskij) stod musiken i centrum, kompletterad av vissa deklamationer. Men vi samarbetade i olika teatersammanhang, till exempel Indianpj\u00e4sen, De h\u00e4ngdas revolution och T\u00e4ltprojektet.<\/p>\n<p><strong>Ah, det s\u00e5g jag i Norrk\u00f6ping 1977. Finns det plats f\u00f6r politisk musik idag?<\/strong><\/p>\n<p>\u2013 Absolut! Inte har det v\u00e4l blivit b\u00e4ttre sedan sjuttiotalet? Ta bara utf\u00f6rs\u00e4ljningen av statliga myndigheter och invandrarhat som exempel. Vi m\u00e4rker ocks\u00e5 att det finns en \u00e5terv\u00e4xt bland dom unga, som tjejbandet Orkan fr\u00e5n Bor\u00e5s som har spelat med oss f\u00f6rut och som \u00e4r v\u00e5rt f\u00f6rband p\u00e5 Liseberg ikv\u00e4ll. Vi m\u00e4rker ocks\u00e5 att v\u00e5r publik snarare best\u00e5r av folk mellan 20 och 50 \u00e4n \u00e4ldre.<\/p>\n<p><strong>D\u00e5 hoppas vi<\/strong> p\u00e5 ungdomar i alla \u00e5ldrar p\u00e5 Arbis p\u00e5 fredag.<\/p>\n<p><em>\u00a9 Text: Michael Strandhed\u2028<\/em><br \/>\n<em>\u00a9 Foto: Pressbild<\/em><\/p>\n<blockquote>\n<h3><em>ARBIS Norrk\u00f6ping<\/em><\/h3>\n<p>28 juli 2017 kl 20<em><br \/>\n<strong>\u2028Nynningen<\/strong><\/em><\/p>\n<p style=\"padding-left: 30px;\"><em>\u2028Tomas Forssell\/elgitarr och s\u00e5ng<br \/>\nNikke Str\u00f6m\/elbas<br \/>\nBengan Blomgren\/ elgitarr<br \/>\nPer Melin\/trummor<br \/>\nLisen Rylander\/saxofoner och s\u00e5ng<br \/>\nThomas J\u00e4derlund\/saxofoner och s\u00e5ng\u2028<\/em><\/p><\/blockquote>\n<p>L\u00c4NKAR<br \/>\nTomas Forssell <a href=\"http:\/\/www.tomasforssell.se\" target=\"_blank\" rel=\"noopener\">hemsida<\/a><br \/>\nNynningen <a href=\"https:\/\/www.facebook.com\/Nynningen\/?fref=ts\" target=\"_blank\" rel=\"noopener\">Facebook<\/a><br \/>\nArbis <a href=\"http:\/\/arbis.se\" target=\"_blank\" rel=\"noopener noreferrer\">hemsida<\/a> <a href=\"https:\/\/www.facebook.com\/arbisnkpg?fref=ts\" target=\"_blank\" rel=\"noopener noreferrer\">Facebook<\/a> <a href=\"https:\/\/www.facebook.com\/events\/306871349751099\/?fref=ts\" target=\"_blank\" rel=\"noopener\">FB-evenemang<\/a><\/p>\n","protected":false},"excerpt":{"rendered":"<p>KORTKORT\/NORRK\u00d6PING Hall\u00e5 d\u00e4r, Nikke Str\u00f6m! Vad kan vi v\u00e4nta oss av Nynningen p\u00e5 Arbis p\u00e5 fredag? Svaret \u00e4r en konsert, som trots att den lutar sig tungt mot Majakovskij-plattan och andra l\u00e5tar fr\u00e5n 1970-talet, inte ska ses som en nostalgispelning. <a class=\"continue-reading-link\" href=\"https:\/\/www.kultursidan.nu\/?p=31865\">L\u00e4s mer <span class=\"meta-nav\">&rarr; <\/span><\/a><\/p>\n","protected":false},"author":1001006,"featured_media":0,"comment_status":"closed","ping_status":"open","sticky":false,"template":"","format":"standard","meta":{"_jetpack_memberships_contains_paid_content":false,"footnotes":""},"categories":[7],"tags":[13],"class_list":["post-31865","post","type-post","status-publish","format-standard","hentry","category-norrkoping","tag-musik"],"jetpack_featured_media_url":"","jetpack_sharing_enabled":true,"_links":{"self":[{"href":"https:\/\/www.kultursidan.nu\/index.php?rest_route=\/wp\/v2\/posts\/31865","targetHints":{"allow":["GET"]}}],"collection":[{"href":"https:\/\/www.kultursidan.nu\/index.php?rest_route=\/wp\/v2\/posts"}],"about":[{"href":"https:\/\/www.kultursidan.nu\/index.php?rest_route=\/wp\/v2\/types\/post"}],"author":[{"embeddable":true,"href":"https:\/\/www.kultursidan.nu\/index.php?rest_route=\/wp\/v2\/users\/1001006"}],"replies":[{"embeddable":true,"href":"https:\/\/www.kultursidan.nu\/index.php?rest_route=%2Fwp%2Fv2%2Fcomments&post=31865"}],"version-history":[{"count":2,"href":"https:\/\/www.kultursidan.nu\/index.php?rest_route=\/wp\/v2\/posts\/31865\/revisions"}],"predecessor-version":[{"id":31868,"href":"https:\/\/www.kultursidan.nu\/index.php?rest_route=\/wp\/v2\/posts\/31865\/revisions\/31868"}],"wp:attachment":[{"href":"https:\/\/www.kultursidan.nu\/index.php?rest_route=%2Fwp%2Fv2%2Fmedia&parent=31865"}],"wp:term":[{"taxonomy":"category","embeddable":true,"href":"https:\/\/www.kultursidan.nu\/index.php?rest_route=%2Fwp%2Fv2%2Fcategories&post=31865"},{"taxonomy":"post_tag","embeddable":true,"href":"https:\/\/www.kultursidan.nu\/index.php?rest_route=%2Fwp%2Fv2%2Ftags&post=31865"}],"curies":[{"name":"wp","href":"https:\/\/api.w.org\/{rel}","templated":true}]}}