{"id":31895,"date":"2017-07-31T11:28:35","date_gmt":"2017-07-31T10:28:35","guid":{"rendered":"https:\/\/intelligent-friend-7861.standoutwp.com\/?p=31895"},"modified":"2017-07-31T12:04:09","modified_gmt":"2017-07-31T11:04:09","slug":"slakten-bennich-firar-pa-my-art-factory","status":"publish","type":"post","link":"https:\/\/www.kultursidan.nu\/?p=31895","title":{"rendered":"Sl\u00e4kten Bennich firar p\u00e5 My Art Factory"},"content":{"rendered":"<p><img loading=\"lazy\" decoding=\"async\" class=\"alignnone size-medium wp-image-31896\" src=\"https:\/\/www.kultursidan.nu\/wp-content\/uploads\/2017\/07\/DSCF9103-567x378.jpg\" alt=\"\" width=\"567\" height=\"378\" srcset=\"https:\/\/www.kultursidan.nu\/wp-content\/uploads\/2017\/07\/DSCF9103-567x378.jpg 567w, https:\/\/www.kultursidan.nu\/wp-content\/uploads\/2017\/07\/DSCF9103-768x512.jpg 768w, https:\/\/www.kultursidan.nu\/wp-content\/uploads\/2017\/07\/DSCF9103-1024x682.jpg 1024w, https:\/\/www.kultursidan.nu\/wp-content\/uploads\/2017\/07\/DSCF9103-500x333.jpg 500w, https:\/\/www.kultursidan.nu\/wp-content\/uploads\/2017\/07\/DSCF9103-150x100.jpg 150w, https:\/\/www.kultursidan.nu\/wp-content\/uploads\/2017\/07\/DSCF9103.jpg 1280w\" sizes=\"auto, (max-width: 567px) 100vw, 567px\" \/><br \/>\n<em>R\u00f6relse-id\u00e9. John Wolter visar upp sina skulpturer. I bakgrunden syns Hans Bennichs tavlor.<\/em><\/p>\n<p>&nbsp;<\/p>\n<h1><span style=\"color: #ff0000;\">M\u00e5leri, foto, teckning och skulptur<\/span><\/h1>\n<p>&nbsp;<\/p>\n<p>NORRK\u00d6PING <strong>\u201dJag vill ha m\u00e5ngfalden\u201d.<\/strong> Suzanne Sj\u00f6din invigde sina dr\u00f6mmars galleri My Art Factory strax f\u00f6re ny\u00e5r. En plats f\u00f6r skapelser och f\u00f6r skapande m\u00e4nniskor. Just nu st\u00e4ller fem medlemmar av sl\u00e4kten Bennich ut, en sl\u00e4kttr\u00e4ff som b\u00f6rjade som f\u00f6delsedagspresent.<\/p>\n<p>&nbsp;<\/p>\n<p><a title=\"Suzanne Sj\u00f6din\" href=\"https:\/\/www.flickr.com\/photos\/kultursidan\/35412460254\/in\/album-72157684204666554\/\" data-flickr-embed=\"true\"><img loading=\"lazy\" decoding=\"async\" src=\"https:\/\/farm5.staticflickr.com\/4317\/35412460254_ea1fdd3d57.jpg\" alt=\"Suzanne Sj\u00f6din\" width=\"500\" height=\"333\" \/><\/a><br \/>\n<em> Konstentusiast. Suzanne Sj\u00f6din har l\u00e4nge dr\u00f6mt om att \u00f6ppna ett galleri.<\/em><\/p>\n<p>&nbsp;<\/p>\n<p><strong>My Art Factory har bott in sig i Kn\u00e4ppingsborgskvarteret sedan strax f\u00f6re ny\u00e5r 2016\/2017.<\/strong> Suzanne Sj\u00f6din ville helt enkelt inte v\u00e4nta l\u00e4ngre. Textill\u00e4raren har alltid haft ett skapande p\u00e5 g\u00e5ng, olika saker i olika perioder.<\/p>\n<p>\u2013 Jag har dr\u00f6mt att samla ihop alla de h\u00e4r sakerna, f\u00f6rklarar hon.<\/p>\n<p>Nu faller allt p\u00e5 plats. Egen glasdesign, tryck, en liten shop och s\u00e5 galleriet d\u00e4r konstn\u00e4rer och konsthantverkare f\u00e5r hyra en v\u00e4gg eller tv\u00e5. V\u00e4nf\u00f6reningens engagerade medlemmar underl\u00e4ttar och utvecklar verksamheten som f\u00e5tt breda ut sig till en ledig lokal.<\/p>\n<p>Suzanne Sj\u00f6din \u00e4r \u00f6ppen f\u00f6r s\u00e5v\u00e4l proffs som amat\u00f6rer, det viktiga \u00e4r att utst\u00e4llarna passar ihop.<\/p>\n<p>\u2013 Mitt m\u00e5l och mitt motto \u00e4r att det ska vara f\u00f6r alla. Jag vill ha m\u00e5ngfalden.<\/p>\n<p><strong>Sl\u00e4kten Bennich hyr varenda v\u00e4gg som g\u00e5r att uppbringa.<\/strong> &#8221;Sl\u00e4ktskap&#8221; heter utst\u00e4llningen med undertiteln 5 konstn\u00e4rskap, 3 generationer och 5 temperament. Det \u00e4r de fem medverkandes andra utst\u00e4llning tillsammans men den ang\u00e5r hela familjen.<\/p>\n<p>Det b\u00f6rjade som en f\u00f6delsedagspresent. Pappa Hans Bennich skulle fylla 85 \u00e5r och sonen Peter f\u00f6reslog systrarna Anna och Maria att ge honom en vernissage i present. F\u00f6r professor Bennich hade inte bara studerat medicin i sin ungdom, han hade g\u00e5tt p\u00e5 m\u00e5larskola f\u00f6r Otte Sk\u00f6ld ocks\u00e5.<\/p>\n<p>\u2013 Jag trodde jag skulle bli arkitekt men s\u00e5 blev det medicin, s\u00e4ger Hans Bennich och till\u00e4gger: \u2013 Livet \u00e4r byggt av tillf\u00e4lligheter, \u201dserendipitet\u201d.<\/p>\n<p>&nbsp;<\/p>\n<p>&nbsp;<\/p>\n<p><a title=\"Hans Bennich\" href=\"https:\/\/www.flickr.com\/photos\/kultursidan\/35853132130\/in\/album-72157686922583135\/\" data-flickr-embed=\"true\"><img loading=\"lazy\" decoding=\"async\" src=\"https:\/\/farm5.staticflickr.com\/4299\/35853132130_f7134234f8.jpg\" alt=\"Hans Bennich\" width=\"500\" height=\"333\" \/><br \/>\n<\/a><em>M\u00e5ngsysslare. Hans Bennich st\u00e4ller ut b\u00e5de m\u00e5lningar och fotografier.<\/em><\/p>\n<p>&nbsp;<\/p>\n<p><strong>F\u00f6rra sommaren blev det en utst\u00e4llning p\u00e5 Galleri Hagstr\u00f6m i Stockholm, d\u00e4r Peter Bennich bor.<\/strong> Pappa Hans valde bland m\u00e5lningar och fotografier fr\u00e5n ett l\u00e5ngt livs skapande, s\u00e5v\u00e4l yrkes\u00e5rens fritidsskapande som pension\u00e4rens h\u00e4ngivenhet. Men han st\u00e4llde inte ut ensam, sonen Peter och hans dotter Matilda deltar tillsammans med sv\u00e4rs\u00f6nerna Roger Nystr\u00f6m och John Wolter, den sistn\u00e4mnde professionell skulpt\u00f6r.<\/p>\n<p>\u2013 N\u00e4r vi var klara s\u00e5 sa Hans \u201dVar ska vi vara n\u00e4sta \u00e5r?\u201d, ber\u00e4ttar Peter Bennich. \u2013 Det s\u00e4tter ju press p\u00e5 oss andra att g\u00f6ra n\u00e5got.<\/p>\n<p>\u2013 Jag s\u00e5g att det h\u00e4r galleriet hade \u00f6ppnat, s\u00e4ger Anna Bennich, journalist och bosatt p\u00e5 Vikbolandet, vars tur det blev att ordna med utst\u00e4llning. \u2013 Sk\u00f6nt att vi fick disponera hela galleriet.<\/p>\n<p><strong>Hans Bennich dominerar utst\u00e4llningen med m\u00e5leri och fotografi.<\/strong> M\u00e5lningarna \u00e4r nya, abstraherade motiv i kontrasterande kul\u00f6rer. Blicken \u00e4r viktig, s\u00e5v\u00e4l som motiv som redskap f\u00f6r konstn\u00e4ren.<\/p>\n<p>\u2013 Jag inspirerades av fruktaff\u00e4ren, de har fantastiska diskar, kommenterar han n\u00e5gra bilder som lyser i klara f\u00e4rger.<\/p>\n<p>Fotografierna \u00e4r \u00e4ldre. Hans Bennich har ett starkt sinne f\u00f6r komposition, \u00f6ppen f\u00f6r det som h\u00e4nder men han ber\u00e4ttar ocks\u00e5 om t\u00e5lmodig v\u00e4ntan n\u00e4r det g\u00e4ller f\u00e5gelfoton som rymmer sk\u00e4rpa, r\u00f6relse och ljus. N\u00e5gra bilder \u00e4r fr\u00e5n l\u00e5ngv\u00e4ga resor.<\/p>\n<p>\u2013 Att ta en pippif\u00e5gel p\u00e5 en gren \u00e4r ingen sport, jag vill f\u00e5nga dem i flykten, s\u00e4ger han och f\u00f6rklarar hur han riggar matplatser s\u00e5 att flera f\u00e5glar m\u00f6ts och blir sugna p\u00e5 varandras mat.<\/p>\n<p>&nbsp;<\/p>\n<p><a title=\"Matilda Alhager och Peter Bennich\" href=\"https:\/\/www.flickr.com\/photos\/kultursidan\/36078411992\/in\/album-72157686922583135\/\" data-flickr-embed=\"true\"><img loading=\"lazy\" decoding=\"async\" src=\"https:\/\/farm5.staticflickr.com\/4307\/36078411992_d44347a6f8.jpg\" alt=\"Matilda Alhager och Peter Bennich\" width=\"500\" height=\"333\" \/><\/a><br \/>\n<em>Generations\u00f6verskridande. Matilda Alhager och Peter Bennich st\u00e4ller ut sina verk tillsammans med sl\u00e4ktingar.\u00a0<\/em><\/p>\n<p>&nbsp;<\/p>\n<p><strong>Barnbarnet Matilda Alhager delar rum med sin pappa Peter Bennich.<\/strong> Endast femton \u00e5r gammal har hon ett v\u00e4l utvecklat sinne f\u00f6r f\u00e4rg. Att en ung tjej tecknar flickansikten \u00e4r inte ovanligt, \u00e4nd\u00e5 fastnar jag f\u00f6r m\u00e5lningen av en flicka som blundar, \u00e4r inne i sin egen v\u00e4rld medan hon lyssnar i h\u00f6rlurar. En akvarell med en mix av kontrollerade och skiftande f\u00e4rger har ett orientaliskt stadsmotiv.<\/p>\n<p>\u2013 Jag vill utveckla mig, utmanade mig genom att g\u00f6ra en detaljerad byggnad, ber\u00e4ttar Matilda.<\/p>\n<p><strong>Peter Bennichs fotografi visar att han, som pappa Hans, har blick f\u00f6r detaljer och komposition men l\u00e4gger g\u00e4rna till teknisk lek.<\/strong> Motiven \u00e4r mer stadsn\u00e4ra men d\u00e4r finns ocks\u00e5 ett fint portr\u00e4tt av en kattfamilj.<\/p>\n<p>\u2013 Jag vill att mina bilder ska inneh\u00e5lla en ber\u00e4ttelse, s\u00e4ger han och exemplifierar med en suggestiv nattbild av en husfasad.<\/p>\n<p>Dessutom har han byggt en stol p\u00e5 semestern. Resultatet av ett vad st\u00e5r i ett h\u00f6rn, en rakryggad stol med vadderad sits och rygg. Den \u00e4r distinkt och lite l\u00e4skig i svart och vitt och med en r\u00f6d elsladd utmed ena sidan, en elektrisk stol med l\u00e4slampa.<\/p>\n<p><strong>Sv\u00e4rsonen John Wolter m\u00f6ter de andra med sina skulpturer.<\/strong> Det \u00e4r minimalistiskt anonymiserade mansgestalter i svart, bearbetat st\u00e5l. Cirka 40 centimeter h\u00f6ga kl\u00e4ttrar de p\u00e5 v\u00e4ggarna som skickliga bergsbestigare, sp\u00e4nner kroppen i b\u00e5ge inf\u00f6r ett dyk. Mer \u00e4n personer gestaltar kropparna med sina f\u00f6rl\u00e4ngda armar och ben r\u00f6relsens id\u00e9.<\/p>\n<p>Konstn\u00e4ren bor och verkar p\u00e5 Nya Zeeland men har st\u00e4llt ut p\u00e5 flera h\u00e5ll i v\u00e4rlden. Hit till Sverige \u2013 och familjetr\u00e4ffen \u2013 kan han inte ta med n\u00e5gra stora verk men det finns skulpturer i naturlig storlek b\u00e5de p\u00e5 Nya Zeeland och andra l\u00e4nder.<\/p>\n<p>\u2013 Jag har gjort en Giacometti-hommage i Paris, ber\u00e4ttar John Wolter.<\/p>\n<p>Fr\u00e5n b\u00f6rjan kom inspirationen fr\u00e5n musiken, att skulpturerna skulle gestalta dans och r\u00f6relse. Att de exemplar som nu \u00e4r p\u00e5 plats mer handlar om idrottens r\u00f6relser \u00e4r en del av den p\u00e5g\u00e5ende processen, som konstn\u00e4r \u00e4r han alltid p\u00e5 v\u00e4g n\u00e5gonstans.<\/p>\n<p>Flera av hans gestalter samverkar med sm\u00e5 f\u00e5glar. Det visar sig att l\u00e4ngre tillbaka arbetade John Wolter med f\u00e5glar och andra djur i den nyzeel\u00e4ndska faunan. D\u00e5 var uttrycket ett annat, mixade metaller som gav liv och f\u00e4rg. N\u00e5gra exempel f\u00e5r komma med i utst\u00e4llningen.<\/p>\n<p>&nbsp;<\/p>\n<p><a title=\"Roger Nystr\u00f6m\" href=\"https:\/\/www.flickr.com\/photos\/kultursidan\/36078410002\/in\/album-72157686922583135\/\" data-flickr-embed=\"true\"><img loading=\"lazy\" decoding=\"async\" src=\"https:\/\/farm5.staticflickr.com\/4293\/36078410002_79c7b40b96.jpg\" alt=\"Roger Nystr\u00f6m\" width=\"500\" height=\"333\" \/><\/a><br \/>\n<em> Annorlunda teknik. Roger Nystr\u00f6m skapar teckningar med hj\u00e4lp av sin gitarr.<\/em><\/p>\n<p>&nbsp;<\/p>\n<p><strong>I entr\u00e9n st\u00e5r sv\u00e4rsonen Roger Nystr\u00f6m med sin \u201dtrummaskin\u201d och spelar gitarr.<\/strong> Han har under flera \u00e5r experimenterat med trumteckningar. En penna st\u00f6dd av en avskuren flaska g\u00f6r avtryck p\u00e5 ett papper som vilar p\u00e5 en skiva ovanp\u00e5 en h\u00f6gtalare.<\/p>\n<p>Med musiken uppst\u00e5r ett vibrerande som tvingar pennan att hoppa omkring. M\u00f6nster, linjer uppst\u00e5r.<\/p>\n<p>\u2013 Det \u00e4r inte non-figurativt. Det \u00e4r ett direkt avtryck av musiken, man kan se den, framh\u00e5ller Roger Nystr\u00f6m.<\/p>\n<p>Det g\u00e5r att j\u00e4mf\u00f6ra med stenkakans eller vinylskivans sp\u00e5r \u00e4ven om pennan h\u00e4r f\u00e5r vandra t\u00e4mligen fritt. Roger Nystr\u00f6m, som fr\u00e4mst \u00e4r musiker, har testat olika instrument, papper, penntjocklekar och f\u00e4rger och ser skillnad p\u00e5 resultatet.<\/p>\n<p>\u2013 St\u00f6rsta skillnaden \u00e4r mellan bas- och diskantljud och volym.<\/p>\n<p>Fler \u00e4n vuxna konstkonn\u00e4ss\u00f6rer fascineras av bilderna som v\u00e4xer fram p\u00e5 papperet. &#8221;Sl\u00e4ktskap&#8221; \u00e4r en kombinerad familjetr\u00e4ff och utst\u00e4llning som \u00e4r \u00f6ppen f\u00f6r alla. Familjen Bennich h\u00e5ller \u00f6ppet varje dag under utst\u00e4llningsperioden.<\/p>\n<p><em>\u00a9 Text och foto: Ann-Charlotte Sandelin<\/em><\/p>\n<p>SL\u00c4KTSKAP \u2013 BILDSPEL (FLASH) \u2013 KLICKA P\u00c5 BILDEN <em>\u2028ALT\/MOBIL: SE BILDSPELET <a title=\"Bildspel\" href=\"https:\/\/www.flickr.com\/photos\/kultursidan\/sets\/72157686922583135\/show\/\" target=\"_blank\" rel=\"noopener\">H\u00c4R<\/a><\/em><br \/>\n<object width=\"400\" height=\"300\"><param name=\"flashvars\" value=\"offsite=true&amp;lang=en-us&amp;page_show_url=%2Fphotos%2Fkultursidan%2Fsets%2F72157686922583135%2Fshow%2F&amp;page_show_back_url=%2Fphotos%2Fkultursidan%2Fsets%2F72157686922583135%2F&amp;set_id=72157686922583135&amp;jump_to=\" \/><param name=\"movie\" value=\"https:\/\/www.flickr.com\/apps\/slideshow\/show.swf?v=1811922554\" \/><param name=\"allowFullScreen\" value=\"true\" \/><\/object><\/p>\n<p>MY ART FACTORY \u2013 BILDSPEL (FLASH) \u2013 KLICKA P\u00c5 BILDEN <em>\u2028ALT\/MOBIL: SE BILDSPELET <a title=\"Bildspel\" href=\"https:\/\/www.flickr.com\/photos\/kultursidan\/sets\/72157684204666554\/show\/\" target=\"_blank\" rel=\"noopener\">H\u00c4R<\/a><\/em><br \/>\n<object width=\"400\" height=\"300\"><param name=\"flashvars\" value=\"offsite=true&amp;lang=en-us&amp;page_show_url=%2Fphotos%2Fkultursidan%2Fsets%2F72157684204666554%2Fshow%2F&amp;page_show_back_url=%2Fphotos%2Fkultursidan%2Fsets%2F72157684204666554%2F&amp;set_id=72157684204666554&amp;jump_to=\" \/><param name=\"movie\" value=\"https:\/\/www.flickr.com\/apps\/slideshow\/show.swf?v=1811922554\" \/><param name=\"allowFullScreen\" value=\"true\" \/><\/object><\/p>\n<blockquote>\n<h3><em>MY ART FACTORY Kn\u00e4ppingsborg, Norrk\u00f6ping<\/em><\/h3>\n<p>29 juli \u2013 11 augusti 2017<br \/>\n<em><strong>Sl\u00e4ktskap<\/strong> \u2013 5 konstn\u00e4rskap, tre generationer, fem temperament\u2028<\/em><br \/>\n<em>Hans Bennich, John Wolter, Roger Nystr\u00f6m, Peter Bennich och Matilda Alhager<\/em><\/p><\/blockquote>\n<p>L\u00c4NKAR<br \/>\nSl\u00e4ktskap <a href=\"https:\/\/www.facebook.com\/events\/1817818715214830\/?fref=ts\" target=\"_blank\" rel=\"noopener\">FB-evenemang<\/a><br \/>\nJohn Wolter <a href=\"http:\/\/www.wolterartstudio.com\" target=\"_blank\" rel=\"noopener\">hemsida <\/a><br \/>\nMy Art Factory <a href=\"http:\/\/www.myartfactory.se\/\" target=\"_blank\" rel=\"noopener\">hemsida<\/a> <a href=\"https:\/\/www.facebook.com\/pages\/My-Art-Factory\/1220279608038092\" target=\"_blank\" rel=\"noopener\">Facebook <\/a><\/p>\n","protected":false},"excerpt":{"rendered":"<p>NORRK\u00d6PING \u201dJag vill ha m\u00e5ngfalden\u201d. Suzanne Sj\u00f6din invigde sina dr\u00f6mmars galleri My Art Factory strax f\u00f6re ny\u00e5r. En plats f\u00f6r skapelser och f\u00f6r skapande m\u00e4nniskor. Just nu st\u00e4ller fem medlemmar av sl\u00e4kten Bennich ut, en sl\u00e4kttr\u00e4ff som b\u00f6rjade som f\u00f6delsedagspresent. <a class=\"continue-reading-link\" href=\"https:\/\/www.kultursidan.nu\/?p=31895\">L\u00e4s mer <span class=\"meta-nav\">&rarr; <\/span><\/a><\/p>\n","protected":false},"author":1001006,"featured_media":0,"comment_status":"closed","ping_status":"open","sticky":false,"template":"","format":"standard","meta":{"_jetpack_memberships_contains_paid_content":false,"footnotes":""},"categories":[7],"tags":[17,14,47],"class_list":["post-31895","post","type-post","status-publish","format-standard","hentry","category-norrkoping","tag-foto","tag-konst","tag-utstallning"],"jetpack_featured_media_url":"","jetpack_sharing_enabled":true,"_links":{"self":[{"href":"https:\/\/www.kultursidan.nu\/index.php?rest_route=\/wp\/v2\/posts\/31895","targetHints":{"allow":["GET"]}}],"collection":[{"href":"https:\/\/www.kultursidan.nu\/index.php?rest_route=\/wp\/v2\/posts"}],"about":[{"href":"https:\/\/www.kultursidan.nu\/index.php?rest_route=\/wp\/v2\/types\/post"}],"author":[{"embeddable":true,"href":"https:\/\/www.kultursidan.nu\/index.php?rest_route=\/wp\/v2\/users\/1001006"}],"replies":[{"embeddable":true,"href":"https:\/\/www.kultursidan.nu\/index.php?rest_route=%2Fwp%2Fv2%2Fcomments&post=31895"}],"version-history":[{"count":4,"href":"https:\/\/www.kultursidan.nu\/index.php?rest_route=\/wp\/v2\/posts\/31895\/revisions"}],"predecessor-version":[{"id":31900,"href":"https:\/\/www.kultursidan.nu\/index.php?rest_route=\/wp\/v2\/posts\/31895\/revisions\/31900"}],"wp:attachment":[{"href":"https:\/\/www.kultursidan.nu\/index.php?rest_route=%2Fwp%2Fv2%2Fmedia&parent=31895"}],"wp:term":[{"taxonomy":"category","embeddable":true,"href":"https:\/\/www.kultursidan.nu\/index.php?rest_route=%2Fwp%2Fv2%2Fcategories&post=31895"},{"taxonomy":"post_tag","embeddable":true,"href":"https:\/\/www.kultursidan.nu\/index.php?rest_route=%2Fwp%2Fv2%2Ftags&post=31895"}],"curies":[{"name":"wp","href":"https:\/\/api.w.org\/{rel}","templated":true}]}}