{"id":32003,"date":"2017-08-08T08:49:48","date_gmt":"2017-08-08T07:49:48","guid":{"rendered":"https:\/\/intelligent-friend-7861.standoutwp.com\/?p=32003"},"modified":"2017-08-08T08:52:54","modified_gmt":"2017-08-08T07:52:54","slug":"mordet-vid-stjarnesand-blir-musikal","status":"publish","type":"post","link":"https:\/\/www.kultursidan.nu\/?p=32003","title":{"rendered":"Mordet vid Stj\u00e4rnesand blir musikal"},"content":{"rendered":"<p><img loading=\"lazy\" decoding=\"async\" class=\"alignnone size-medium wp-image-32004\" src=\"https:\/\/www.kultursidan.nu\/wp-content\/uploads\/2017\/08\/IMG_4987-567x378.jpg\" alt=\"\" width=\"567\" height=\"378\" srcset=\"https:\/\/www.kultursidan.nu\/wp-content\/uploads\/2017\/08\/IMG_4987-567x378.jpg 567w, https:\/\/www.kultursidan.nu\/wp-content\/uploads\/2017\/08\/IMG_4987-768x512.jpg 768w, https:\/\/www.kultursidan.nu\/wp-content\/uploads\/2017\/08\/IMG_4987-1024x682.jpg 1024w, https:\/\/www.kultursidan.nu\/wp-content\/uploads\/2017\/08\/IMG_4987-500x333.jpg 500w, https:\/\/www.kultursidan.nu\/wp-content\/uploads\/2017\/08\/IMG_4987-150x100.jpg 150w, https:\/\/www.kultursidan.nu\/wp-content\/uploads\/2017\/08\/IMG_4987.jpg 1280w\" sizes=\"auto, (max-width: 567px) 100vw, 567px\" \/><br \/>\n<em>Efterspel. Solen g\u00e5r upp \u00f6ver teatern i natursk\u00f6na Boxholms Folkets park. Snart har Mordet vid Stj\u00e4rnesand premi\u00e4r.<\/em><\/p>\n<p>&nbsp;<\/p>\n<h1><span style=\"color: #ff0000;\">&#8221;H\u00e4ftigt att f\u00e5 spela en som funnits p\u00e5 riktigt&#8221;<\/span><\/h1>\n<p>&nbsp;<\/p>\n<p>BOXHOLM <strong>Basklarinetten \u00e4r viktig f\u00f6r st\u00e4mningens skull.<\/strong> F\u00f6r hundra \u00e5r sedan begicks ett mord vid s\u00e4teriet Stj\u00e4rnesand. I helgen ges musikalen om mordet och dess juridiska efterspel. Regiss\u00f6ren Johan Pettersson har handplockat ensemblen fr\u00e5n hela \u00d6sterg\u00f6tland.<\/p>\n<p><strong>N\u00e4sta helg sl\u00e5s grindarna i Folkets park i Boxholm upp och bjuder in stadens inv\u00e5nare till en n\u00e4rproducerad musikteater n\u00e4r <em>Mordet vid Stj\u00e4rnesand<\/em> har urpremi\u00e4r.<\/strong> Den nyskrivna musikalen \u00e4r baserad p\u00e5 en verklig h\u00e4ndelse fr\u00e5n 1820-talet \u2013 ett mord som skedde i trakten mellan Boxholm och Malexander.<\/p>\n<p>Lokalhistorikern Johan Birath har forskat kring h\u00e4ndelsen och skrivit en bok. Boken satte han genast i h\u00e4nderna p\u00e5 teatermannen Johan Pettersson. Denne har skrivit manus, musik och l\u00e5ttexter\u00a0 och regisserar den stora ensemblen.<\/p>\n<p>&nbsp;<\/p>\n<p><a title=\"Mordet vid Stj\u00e4rnesand \u2013 Johan Pettersson\" href=\"https:\/\/www.flickr.com\/photos\/kultursidan\/36439064695\/in\/album-72157687235491726\/\"><img loading=\"lazy\" decoding=\"async\" src=\"https:\/\/farm5.staticflickr.com\/4362\/36439064695_fdc1e88502.jpg\" alt=\"Mordet vid Stj\u00e4rnesand \u2013 Johan Pettersson\" width=\"500\" height=\"333\" \/><\/a><br \/>\n<em> Musikalmakare. Johan Pettersson t\u00e4nde p\u00e5 lokalhistorikern Johan Biraths f\u00f6rslag att dramatisera materialet om det tragiska mordet.<\/em><\/p>\n<p>&nbsp;<\/p>\n<p><strong>Sedan 2009 har Johan varit verksam i Norrk\u00f6ping d\u00e4r han har satt upp n\u00e4rmare 10 egna upps\u00e4ttningar och den h\u00e4r sommaren var det dags f\u00f6r n\u00e4sta projekt.<\/strong><\/p>\n<p>\u2013 Jag t\u00e4nkte f\u00f6rst g\u00f6ra talpj\u00e4s men vissa passager gick inte att prata fram. I b\u00f6cker och filmer \u00e4r det annorlunda. B\u00f6cker kan ha partier med l\u00e5nga beskrivningar om en persons k\u00e4nslor men p\u00e5 scen m\u00e5ste det pratas fram och ber\u00e4ttas p\u00e5 ett annat s\u00e4tt. F\u00f6r att kunna f\u00f6rmedla historien k\u00e4ndes det r\u00e4tt att g\u00f6ra det till en musikal.<\/p>\n<p><strong>Som liten bodde Johan i Boxholm men \u00e4r nu bosatt i Norrk\u00f6ping. <\/strong>N\u00e4r han h\u00e4lsar p\u00e5 f\u00f6r\u00e4ldrarna brukar han g\u00e5 genom Folkets park och se scenen st\u00e5 tom. Han har l\u00e4nge t\u00e4nkt att han ville g\u00f6ra n\u00e5got i Boxholm, s\u00e5 id\u00e9n till detta har funnits l\u00e4nge. D\u00e5 det inte finns n\u00e5gon tydlig teaterscen i Boxholm blir det extra roligt att v\u00e4cka n\u00e5got till liv d\u00e4r.<\/p>\n<p>F\u00f6r detta projekt har han handplockat sk\u00e5despelare fr\u00e5n hela \u00d6sterg\u00f6tland. Av smidighetssk\u00e4l \u00e4r m\u00e5nga fr\u00e5n Norrk\u00f6ping d\u00e5 merparten av repetitionerna har tagit plats d\u00e4r, men n\u00e5gra \u00e4r \u00e4ven fr\u00e5n Boxholm, Tran\u00e5s, Motala och Finsp\u00e5ng.<\/p>\n<p>\u2013 Jag vill g\u00e4rna ha med mycket folk i Boxholm men tyv\u00e4rr g\u00e5r det inte att \u00e5ka \u00e4nda dit f\u00f6r att repa.<\/p>\n<p>&nbsp;<\/p>\n<p><a title=\"Mordet vid Stj\u00e4rnesand\" href=\"https:\/\/www.flickr.com\/photos\/kultursidan\/36302016451\/in\/album-72157687235491726\/\"><img loading=\"lazy\" decoding=\"async\" src=\"https:\/\/farm5.staticflickr.com\/4359\/36302016451_ca85752cf7.jpg\" alt=\"Mordet vid Stj\u00e4rnesand\" width=\"500\" height=\"333\" \/><\/a><br \/>\n<em> B\u00e4nkade. De sk\u00e5despelare som var med vid s\u00f6ndagens repetition f\u00f6ljer uppm\u00e4rksamt med i scenen \u00e4ven om de inte \u00e4r i spel just d\u00e5.<\/em><\/p>\n<p>&nbsp;<\/p>\n<p><strong>Johans nyskrivna musik f\u00e5r liv med hj\u00e4lp av kapellm\u00e4stare Gustaf Montelius,<\/strong> som har ansvarat f\u00f6r att utifr\u00e5n l\u00e5tarna skriva orkesterarrangemang. Tillsammans \u00e4r \u00e5tta duktiga musiker med och skapar st\u00e4mningen till historien. Fl\u00f6jt, klarinett, nyckelharpa, gitarr, slagverk och fiol \u00e4r n\u00e5gra av de instrument som anv\u00e4nds.<\/p>\n<p>\u2013 Det var viktigt f\u00f6r Johan att ha med basklarinett ocks\u00e5, f\u00f6r den dramatiska st\u00e4mningens skull.<\/p>\n<p>Musikerna k\u00e4nde inte varandra sedan innan s\u00e5 de har f\u00e5tt pr\u00f6va sig fram till ett s\u00e4tt som passar gruppen.<\/p>\n<p>\u2013 Det \u00e4r kul n\u00e4r alla st\u00e4ller upp och g\u00f6r n\u00e5got tillsammans p\u00e5 kort tid. Jag har inte riktigt varit med om n\u00e5got s\u00e5dant innan, s\u00e4ger Gustaf Montelius.<\/p>\n<p>&nbsp;<\/p>\n<p><a title=\"Mordet vid Stj\u00e4rnesand \u2013 Louice Ottosson\" href=\"https:\/\/www.flickr.com\/photos\/kultursidan\/36302016301\/in\/album-72157687235491726\/\"><img loading=\"lazy\" decoding=\"async\" src=\"https:\/\/farm5.staticflickr.com\/4337\/36302016301_24fbd502df.jpg\" alt=\"Mordet vid Stj\u00e4rnesand \u2013 Louice Ottosson\" width=\"500\" height=\"333\" \/><\/a><br \/>\n<em>Pigan Katarina. Louice Ottosson tycker det \u00e4r h\u00e4ftigt att gestalta en person som funnits p\u00e5 riktigt.<\/em><\/p>\n<p>&nbsp;<\/p>\n<p><strong>Louice Ottosson spelar rollen som Katarina, en piga fr\u00e5n Bolln\u00e4s som f\u00f6r\u00e4lskar sig i en av de manliga huvudrollerna, Anders.<\/strong> De inleder ett f\u00f6rh\u00e5llande som till en b\u00f6rjan verkar lovande.<\/p>\n<p>\u2013 Hon k\u00e4nns ganska n\u00e4ra mig till s\u00e4ttet. Och alla har vi v\u00e4l n\u00e5gon g\u00e5ng varit fast i den olyckliga k\u00e4rleken. Jag k\u00e4nner v\u00e4ldigt mycket f\u00f6r Katarina och jag hoppas att publiken ocks\u00e5 g\u00f6r det.<\/p>\n<p>Louice har en musikalutbildning p\u00e5 Performing Arts School i G\u00f6teborg bakom sig och frilansar till vardags som sk\u00e5despelerska och s\u00e5ngerska. Hon ser i den h\u00e4r rollen fram emot att f\u00e5 kombinera de b\u00e5da uttryckss\u00e4tten.<\/p>\n<p>\u2013 Jag har inte gjort musikal p\u00e5 flera \u00e5r s\u00e5 det \u00e4r j\u00e4tteroligt att jag fick f\u00f6rfr\u00e5gan. Det k\u00e4nns h\u00e4ftigt att f\u00e5 spela en person som har funnits p\u00e5 riktigt. Det ger lite extra tyngd till arbetet.<\/p>\n<p>Hon tror starkt p\u00e5 produktionen.<\/p>\n<p>\u2013 Johan har gjort ett enormt arbete och har haft ett stort detaljt\u00e4nk. Det beh\u00f6vs mycket research f\u00f6r att kunna f\u00e5 till en s\u00e5dan h\u00e4r produktion. Hur s\u00e5g kl\u00e4derna p\u00e5 den tiden ut? Hur ska kulissen se ut f\u00f6r att st\u00e4mma med tidsandan?<\/p>\n<p><strong>Mordet vid Stj\u00e4rnesand kommer att spelas i Folkets park vid tre tillf\u00e4llen denna helg.<\/strong> Det \u00e4r vad b\u00e5de ekonomin och orken klarar av den h\u00e4r g\u00e5ngen. Regiss\u00f6r Johan verkar dock \u00f6ppen f\u00f6r m\u00f6jligheten att den s\u00e4tts upp igen i framtiden.<\/p>\n<p>\u2013 Vi provar en helg nu och sen f\u00e5r vi se.<\/p>\n<p><em>\u00a9 Text: Kajsa Jansson<\/em><br \/>\n<em>\u2028\u00a9 Foto: Max Linn\u00e9r<\/em><\/p>\n<p>BILDSPEL (FLASH) \u2013 KLICKA P\u00c5 BILDEN <em>\u2028ALT\/MOBIL: SE BILDSPELET <a title=\"Bildspel\" href=\"https:\/\/www.flickr.com\/photos\/kultursidan\/sets\/72157687235491726\/show\/\" target=\"_blank\" rel=\"noopener\">H\u00c4R<\/a><\/em><br \/>\n<object width=\"400\" height=\"300\"><param name=\"flashvars\" value=\"offsite=true&amp;lang=en\u2013us&amp;page_show_url=%2Fphotos%2Fkultursidan%2Fsets%2F72157687235491726%2Fshow%2F&amp;page_show_back_url=%2Fphotos%2Fkultursidan%2Fsets%2F72157687235491726%2F&amp;set_id=72157687235491726&amp;jump_to=\" \/><param name=\"movie\" value=\"https:\/\/www.flickr.com\/apps\/slideshow\/show.swf?v=1811922554\" \/><param name=\"allowFullScreen\" value=\"true\" \/><\/object><\/p>\n<blockquote>\n<h3><em>FOLKETS PARK Boxholm<\/em><\/h3>\n<p><em>11 \u2013 13 augusti 2017<\/em><br \/>\n<em><strong>Mordet vid Stj\u00e4rnesand<\/strong><\/em><br \/>\n<em>Manus\/Musik\/Scenografi\/Regi: Johan Pettersson<\/em><br \/>\n<em>\u2028Orkestrering och musikalisk ledning: Gustaf Montelius<\/em><br \/>\n<em>\u2028Kostym: Caroline Brun<\/em><br \/>\n<em>\u2028Teknik: Micaela Petersson<\/em><br \/>\n<em>Prod: Kalbokultur\u2028\u2028<\/em><\/p>\n<p style=\"padding-left: 30px;\"><em>SK\u00c5DESPELARE<\/em><br \/>\n<em>Olle Petersson, Louice Ottosson, Jenny Silfvenius<\/em><br \/>\n<em>Lena Blomqvist, Johanna Pettersson, Magnus Karlsson <\/em><br \/>\n<em>Jennie Pettersson, Frippe Pettersson, Johan Wahlqvist<\/em><br \/>\n<em>Janne Gustavsson, Ulf Holmertz, Jakob Sj\u00f6berg<\/em><br \/>\n<em>Elias Dahlgren, Anastasia Andersson, Pelle Andersson<\/em><br \/>\n<em>N\u00e1thalie Andersson, Hugo Gustafsson, Tim Brodin<\/em><br \/>\n<em>Caroline Brun, Zenita Norell, Robert Hedstr\u00f6m<\/em><\/p>\n<p style=\"padding-left: 30px;\"><em>MUSIKER\u2028<\/em><br \/>\n<em>Gustaf Montelius, \u2028Claes-G\u00f6ran Olson, \u2028Hans Sand\u00e9n\u2028<\/em><br \/>\n<em>Bo Lindman, \u2028Magnus Gunnar, \u2028Elin Karlsson<\/em><br \/>\n<em>\u2028Johanna Pettersson, \u2028Frippe Pettersson<\/em><\/p><\/blockquote>\n<p>L\u00c4NK<br \/>\nMordet vid Stj\u00e4rnesand <a href=\"https:\/\/www.facebook.com\/events\/802688973231425\" target=\"_blank\" rel=\"noopener\">FB-evenemang<\/a><\/p>\n","protected":false},"excerpt":{"rendered":"<p> BOXHOLM Basklarinetten \u00e4r viktig f\u00f6r st\u00e4mningens skull. F\u00f6r hundra \u00e5r sedan begicks ett mord vid s\u00e4teriet Stj\u00e4rnesand. I helgen ges musikalen om mordet och dess juridiska efterspel. Regiss\u00f6ren Johan Pettersson har handplockat ensemblen fr\u00e5n hela \u00d6sterg\u00f6tland. <a class=\"continue-reading-link\" href=\"https:\/\/www.kultursidan.nu\/?p=32003\">L\u00e4s mer <span class=\"meta-nav\">&rarr; <\/span><\/a><\/p>\n","protected":false},"author":1001006,"featured_media":0,"comment_status":"closed","ping_status":"open","sticky":false,"template":"","format":"standard","meta":{"_jetpack_memberships_contains_paid_content":false,"footnotes":""},"categories":[100,7,1],"tags":[31,12],"class_list":["post-32003","post","type-post","status-publish","format-standard","hentry","category-boxholm","category-norrkoping","category-okategoriserade","tag-musikal","tag-teater"],"jetpack_featured_media_url":"","jetpack_sharing_enabled":true,"_links":{"self":[{"href":"https:\/\/www.kultursidan.nu\/index.php?rest_route=\/wp\/v2\/posts\/32003","targetHints":{"allow":["GET"]}}],"collection":[{"href":"https:\/\/www.kultursidan.nu\/index.php?rest_route=\/wp\/v2\/posts"}],"about":[{"href":"https:\/\/www.kultursidan.nu\/index.php?rest_route=\/wp\/v2\/types\/post"}],"author":[{"embeddable":true,"href":"https:\/\/www.kultursidan.nu\/index.php?rest_route=\/wp\/v2\/users\/1001006"}],"replies":[{"embeddable":true,"href":"https:\/\/www.kultursidan.nu\/index.php?rest_route=%2Fwp%2Fv2%2Fcomments&post=32003"}],"version-history":[{"count":6,"href":"https:\/\/www.kultursidan.nu\/index.php?rest_route=\/wp\/v2\/posts\/32003\/revisions"}],"predecessor-version":[{"id":32010,"href":"https:\/\/www.kultursidan.nu\/index.php?rest_route=\/wp\/v2\/posts\/32003\/revisions\/32010"}],"wp:attachment":[{"href":"https:\/\/www.kultursidan.nu\/index.php?rest_route=%2Fwp%2Fv2%2Fmedia&parent=32003"}],"wp:term":[{"taxonomy":"category","embeddable":true,"href":"https:\/\/www.kultursidan.nu\/index.php?rest_route=%2Fwp%2Fv2%2Fcategories&post=32003"},{"taxonomy":"post_tag","embeddable":true,"href":"https:\/\/www.kultursidan.nu\/index.php?rest_route=%2Fwp%2Fv2%2Ftags&post=32003"}],"curies":[{"name":"wp","href":"https:\/\/api.w.org\/{rel}","templated":true}]}}