{"id":32048,"date":"2017-08-13T14:38:50","date_gmt":"2017-08-13T13:38:50","guid":{"rendered":"https:\/\/intelligent-friend-7861.standoutwp.com\/?p=32048"},"modified":"2017-08-13T14:44:16","modified_gmt":"2017-08-13T13:44:16","slug":"bedarande-inledning-pa-musikdagarna-recension","status":"publish","type":"post","link":"https:\/\/www.kultursidan.nu\/?p=32048","title":{"rendered":"Bed\u00e5rande inledning p\u00e5 Musikdagarna (recension)"},"content":{"rendered":"<p><img loading=\"lazy\" decoding=\"async\" class=\"alignnone size-medium wp-image-32049\" src=\"https:\/\/www.kultursidan.nu\/wp-content\/uploads\/2017\/08\/DSCF9188-567x378.jpg\" alt=\"\" width=\"567\" height=\"378\" srcset=\"https:\/\/www.kultursidan.nu\/wp-content\/uploads\/2017\/08\/DSCF9188-567x378.jpg 567w, https:\/\/www.kultursidan.nu\/wp-content\/uploads\/2017\/08\/DSCF9188-768x512.jpg 768w, https:\/\/www.kultursidan.nu\/wp-content\/uploads\/2017\/08\/DSCF9188-1024x682.jpg 1024w, https:\/\/www.kultursidan.nu\/wp-content\/uploads\/2017\/08\/DSCF9188-500x333.jpg 500w, https:\/\/www.kultursidan.nu\/wp-content\/uploads\/2017\/08\/DSCF9188-150x100.jpg 150w, https:\/\/www.kultursidan.nu\/wp-content\/uploads\/2017\/08\/DSCF9188.jpg 1280w\" sizes=\"auto, (max-width: 567px) 100vw, 567px\" \/><br \/>\n<em> Hemv\u00e4ndare. Fr\u00e5n uppr\u00f6rd grevinna \u00e0 la Mozart till flirtiga lieder av Strauss. Camilla Tilling visade b\u00e5de bredd och klass.<\/em><\/p>\n<p>&nbsp;<\/p>\n<h1><span style=\"color: #ff0000;\">Sveriges vackraste r\u00f6st sj\u00f6ng p\u00e5 hemmaplan<\/span><\/h1>\n<p>&nbsp;<\/p>\n<p>RECENSION\/LINK\u00d6PING <strong>Sveriges vackraste r\u00f6st kom hem till Link\u00f6ping.<\/strong> Camilla Tilling var \u00e5rets efterl\u00e4ngtade sopran vid \u00d6sterg\u00f6tlands Musikdagars invigningskonsert med Bl\u00e5sarsymfonikerna i Missionskyrkan. Svensk saklighet kontrasterade mot Mozarts intensitet och Strauss sm\u00e4ltande <em>Lieder<\/em>.<\/p>\n<p><strong>Inneh\u00e5llsrika <em>L\u00e4derlappen<\/em>-ouvertyren av Strauss (J den yngre) inledde. <\/strong>Bl\u00e5sarna och M\u00e5rtensson f\u00e5r till \u201dstudset\u201d i wienervalserna. F\u00f6rst k\u00e4nns det lite ih\u00e5ligt med klarinetter ist\u00e4llet f\u00f6r violin, men i de snabba passagerna l\u00e4t det virtuost, \u00e4ven i fl\u00f6jten.<\/p>\n<p>Mozarts <em>Figaro<\/em>-ouvertyr l\u00e4t ocks\u00e5 utm\u00e4rkt, \u00e4ven h\u00e4r f\u00e5r fl\u00f6jter och klarinetter \u00f6verta violinens ledande roll.<\/p>\n<p><strong>Uts\u00f6kt frasering och musikalitet av Camilla Tilling i grevinnans f\u00f6rsta aria ur <em>Le nozze di Figaro<\/em>.<\/strong> Detta \u00e4r en av Sveriges vackraste r\u00f6ster och den \u00e4r alltid kongenial med karakt\u00e4rer hon spelar. Textningen \u00e4r suver\u00e4n, vilket framf\u00f6rallt m\u00e4rktes i grevinnans andra aria d\u00e4r \u00e4ven orkesterkompet l\u00e4t utm\u00e4rkt. Vi har att g\u00f6ra med en sk\u00e5despelerska av rang med en l\u00e4tt och mjuk r\u00f6st, som \u00e4nd\u00e5 har uttryckskraft n\u00e4r det beh\u00f6vs.<\/p>\n<p>&nbsp;<\/p>\n<p><a title=\"Staffan M\u00e5rtensson dirigerar \u00d6stg\u00f6tamusiken\" href=\"https:\/\/www.flickr.com\/photos\/kultursidan\/36540531095\/in\/album-72157684065612372\/\"><img loading=\"lazy\" decoding=\"async\" src=\"https:\/\/farm5.staticflickr.com\/4356\/36540531095_f24d848f1b.jpg\" alt=\"Staffan M\u00e5rtensson dirigerar \u00d6stg\u00f6tamusiken\" width=\"500\" height=\"333\" \/><\/a><br \/>\n<em> Inlevelse. Staffan M\u00e5rtensson, Musikdagarnas konstn\u00e4rlige ledare, dirigerade \u00d6stg\u00f6ta Bl\u00e5sarsymfoniker. \u00d6stg\u00f6tamusiken deltar med alla sina olika orkesterkonstellationer under festivalveckan.<br \/>\n<\/em><\/p>\n<p>&nbsp;<\/p>\n<p><strong>Staffan M\u00e5rtensson valde svenskt i orkesterstyckena.<\/strong> F\u00f6rst B\u00f6n ur <em>Lilla slavinnan<\/em> av Bernhard Crusell, 1800-talstons\u00e4ttaren som var klarinettist i Kungliga hovkapellet. S\u00e5 \u00e4r \u00e4ven Staffan M\u00e5rtensson som l\u00e4t f\u00f6rst\u00e5 att de tv\u00e5 delar stol.<\/p>\n<p>\u201dDen nya sakligheten\u201d var stort i musikv\u00e4rlden p\u00e5 1920-30-talen och passade givetvis det svenska kynnet utm\u00e4rkt. Effektiv bruksmusik m\u00e5ste v\u00e4l vara en svensk musikers v\u00e5ta dr\u00f6m och Atterbergs rapsodi ur baletten <em>De f\u00e5vitska jungfrurna<\/em> \u00e4r behaglig att lyssna till. Den f\u00f6rsta satsen \u00e4r v\u00e4l torr men det b\u00f6rjade hetta till i den andra. Samspelet fr\u00e5n bl\u00e5sarsymfonikerna och musikaliteten var b\u00e5da imponerande.<\/p>\n<p><strong>Trumpetfanfarerna fr\u00e5n <em>Rosenkavaljeren<\/em> (Richard, inte Johann Strauss) l\u00e4t (f\u00f6rst\u00e5s) bra med en bl\u00e5sorkester och valstakterna l\u00e4t lagom \u201dstudsiga\u201d.<\/strong><\/p>\n<p>Straussens <em>Lieder<\/em> var ofta dekadent senromantiska men ofta sm\u00e4ltande och Tilling \u00e4r om m\u00f6jligt \u00e4nnu mer charmerande p\u00e5 tyska \u00e4n p\u00e5 italienska. N\u00e5gra orkesterarrangemang hade jag inte h\u00f6rt f\u00f6rut, det blir n\u00e4stan som nya s\u00e5nger och flera uts\u00f6kta passager fick vi h\u00f6ra med en av v\u00e5r tids st\u00f6rsta s\u00e5ngerskor och en utm\u00e4rkt orkester.<\/p>\n<p>Richard Strauss \u00e4r p\u00e5 intet s\u00e4tt l\u00e4tt att sjunga, det \u00e4r s\u00e4llan \u201dsj\u00e4lvklart\u201d som hos Mozart och Schubert men de l\u00e5nga melodierna klarar Camilla utm\u00e4rkt att fylla med inneh\u00e5ll och inlevelsen \u00e4r medryckande.<\/p>\n<p>&nbsp;<\/p>\n<p><a title=\"Camilla Tilling med \u00d6stg\u00f6tamusiken och Staffan M\u00e5rtensson\" href=\"https:\/\/www.flickr.com\/photos\/kultursidan\/36540530025\/in\/album-72157684065612372\/\"><img loading=\"lazy\" decoding=\"async\" src=\"https:\/\/farm5.staticflickr.com\/4400\/36540530025_a34d0597f2.jpg\" alt=\"Camilla Tilling med \u00d6stg\u00f6tamusiken och Staffan M\u00e5rtensson\" width=\"500\" height=\"333\" \/><\/a><br \/>\n<em>Bed\u00e5rande extranummer med gung. En hyllning till Monica Zetterlund.<\/em><\/p>\n<p>&nbsp;<\/p>\n<p><strong>Utm\u00e4rkt inledning av Musikdagarna.<\/strong> Enda aber var att slottsg\u00e5rden regnade bort, hade Lucifer (v\u00e4rmeb\u00f6ljan) stannat en dag till hade det varit helt perfekt.<br \/>\n<em><br \/>\n\u00a9 Text: Lars Henriksson<br \/>\n\u00a9 Foto: Ann-Charlotte Sandelin och Lars Henriksson<\/em><\/p>\n<p>BILDSPEL (FLASH) \u2013 KLICKA P\u00c5 BILDEN <em><br \/>\nALT\/MOBIL: SE BILDSPELET <a title=\"Bildspel\" href=\"https:\/\/www.flickr.com\/photos\/kultursidan\/sets\/72157684065612372\/show\/\" target=\"_blank\" rel=\"noopener\">H\u00c4R<\/a><\/em><br \/>\n<object width=\"400\" height=\"300\"><param name=\"flashvars\" value=\"offsite=true&amp;lang=en-us&amp;page_show_url=%2Fphotos%2Fkultursidan%2Fsets%2F72157684065612372%2Fshow%2F&amp;page_show_back_url=%2Fphotos%2Fkultursidan%2Fsets%2F72157684065612372%2F&amp;set_id=72157684065612372&amp;jump_to=\" \/><param name=\"movie\" value=\"https:\/\/www.flickr.com\/apps\/slideshow\/show.swf?v=1811922554\" \/><param name=\"allowFullScreen\" value=\"true\" \/><\/object><\/p>\n<blockquote>\n<h3><em>MISSIONSKYRKAN Link\u00f6ping<\/em><\/h3>\n<p>14 augusti 2017<br \/>\n<em><strong>\u2028Invigningskonsert\u2028<\/strong><\/em><br \/>\n<em>\u00d6stg\u00f6tamusikens Bl\u00e5sarsymfoniker\u2028<\/em><br \/>\n<em>Dirigent: Staffan M\u00e5rtensson\u2028<\/em><br \/>\n<em>Sopransolist: Camilla Tilling\u2028<\/em><br \/>\n<em>Samarr: Musik i Link\u00f6ping, \u00d6sterg\u00f6tlands Musikdagar och \u00d6stg\u00f6tamusiken<\/em><\/p>\n<p style=\"padding-left: 30px;\"><em>PROGRAM<\/em><br \/>\n<em><strong>Johann Strauss d.y.<\/strong> Ouvertyr till L\u00e4derlappen<\/em><\/p>\n<p style=\"padding-left: 30px;\">Invigning av landsh\u00f6vding Elisabeth Nilsson<\/p>\n<p style=\"padding-left: 30px;\"><em><strong>W.A. Mozart<\/strong> ur Figaro <\/em><br \/>\n<em>Ouvertyr\u2028<\/em><br \/>\n<em>Porgi, amor\u2028<\/em><br \/>\n<em>Br\u00f6llopsmarsch\u2028 <\/em><br \/>\n<em>Dove sono<\/em><\/p>\n<p style=\"padding-left: 30px;\"><em><strong>Bernhard Crusell<\/strong> B\u00f6n ur Lilla slavinnan <\/em><\/p>\n<p style=\"padding-left: 30px;\"><em><strong>Kurt Atterberg<\/strong> Rapsodi ur baletten De f\u00e5vitska jungfrurna<\/em><\/p>\n<p style=\"padding-left: 30px;\">Paus<\/p>\n<p style=\"padding-left: 30px;\"><em><strong>Richard Strauss<\/strong> Valser ur Rosenkavaljeren<\/em><br \/>\n<em>Serenad<\/em><br \/>\n<em>Morgen (arr. B.T. Andersson)<\/em><br \/>\n<em>\u2028Das Rosenband (arr. I. Karkoff)\u2028<\/em><br \/>\n<em>Heimliche Aufforderung (arr. I. Karkoff)<\/em><\/p>\n<p>Konserten ges \u00e4ven i \u00c5tvidabergs Stora kyrka 13\/8 kl 18.<\/p><\/blockquote>\n<p>L\u00c4NKAR<br \/>\nCamilla Tilling <a href=\"http:\/\/www.harrisonparrott.com\/artist\/profile\/camilla-tilling\" target=\"_blank\" rel=\"noopener\">info<\/a><br \/>\n\u00d6stg\u00f6tamusiken <a href=\"http:\/\/www.ostgotamusiken.se\" target=\"_blank\" rel=\"noopener\">hemsida<\/a> <a href=\"https:\/\/www.facebook.com\/%C3%96stg%C3%B6tamusiken-119589751389546\/?fref=ts\" target=\"_blank\" rel=\"noopener\">Facebook<\/a><br \/>\nStaffan M\u00e5rtensson <a href=\"http:\/\/www.staffanmartensson.com\/index.html\" target=\"_blank\" rel=\"noopener\">hemsida<\/a><br \/>\n\u00d6sterg\u00f6tlands Musikdagar <a href=\"http:\/\/www.musikdagar.com\" target=\"_blank\" rel=\"noopener\">hemsida<\/a> <a href=\"https:\/\/www.facebook.com\/%C3%96sterg%C3%B6tlands-Musikdagar-1619689628341800\/\" target=\"_blank\" rel=\"noopener\">Facebook<\/a> <a href=\"https:\/\/www.facebook.com\/events\/426079614458406\" target=\"_blank\" rel=\"noopener\">FB-evenemang<\/a><br \/>\nLars Henriksson <a href=\"http:\/\/www.operalaven.se\/\" target=\"_blank\" rel=\"noopener\">hemsida<\/a><br \/>\n\u00d6sterg\u00f6tlands Musikdagar tar sig ton <a href=\"https:\/\/www.kultursidan.nu\/?p=31982\" target=\"_blank\" rel=\"noopener\">reportage<\/a> Kultursidan.nu 6\/8 2017<\/p>\n","protected":false},"excerpt":{"rendered":"<p> LINK\u00d6PING Sveriges vackraste r\u00f6st kom hem till Link\u00f6ping. Camilla Tilling var \u00e5rets efterl\u00e4ngtade sopran vid \u00d6sterg\u00f6tlands Musikdagars invigningskonsert. Svensk saklighet kontrasterade mot Mozarts intensitet och Strauss sm\u00e4ltande Lieder. <a class=\"continue-reading-link\" href=\"https:\/\/www.kultursidan.nu\/?p=32048\">L\u00e4s mer <span class=\"meta-nav\">&rarr; <\/span><\/a><\/p>\n","protected":false},"author":1001006,"featured_media":0,"comment_status":"closed","ping_status":"open","sticky":false,"template":"","format":"standard","meta":{"_jetpack_memberships_contains_paid_content":false,"footnotes":""},"categories":[55],"tags":[29,13],"class_list":["post-32048","post","type-post","status-publish","format-standard","hentry","category-linkoping","tag-festival","tag-musik"],"jetpack_featured_media_url":"","jetpack_sharing_enabled":true,"_links":{"self":[{"href":"https:\/\/www.kultursidan.nu\/index.php?rest_route=\/wp\/v2\/posts\/32048","targetHints":{"allow":["GET"]}}],"collection":[{"href":"https:\/\/www.kultursidan.nu\/index.php?rest_route=\/wp\/v2\/posts"}],"about":[{"href":"https:\/\/www.kultursidan.nu\/index.php?rest_route=\/wp\/v2\/types\/post"}],"author":[{"embeddable":true,"href":"https:\/\/www.kultursidan.nu\/index.php?rest_route=\/wp\/v2\/users\/1001006"}],"replies":[{"embeddable":true,"href":"https:\/\/www.kultursidan.nu\/index.php?rest_route=%2Fwp%2Fv2%2Fcomments&post=32048"}],"version-history":[{"count":7,"href":"https:\/\/www.kultursidan.nu\/index.php?rest_route=\/wp\/v2\/posts\/32048\/revisions"}],"predecessor-version":[{"id":32056,"href":"https:\/\/www.kultursidan.nu\/index.php?rest_route=\/wp\/v2\/posts\/32048\/revisions\/32056"}],"wp:attachment":[{"href":"https:\/\/www.kultursidan.nu\/index.php?rest_route=%2Fwp%2Fv2%2Fmedia&parent=32048"}],"wp:term":[{"taxonomy":"category","embeddable":true,"href":"https:\/\/www.kultursidan.nu\/index.php?rest_route=%2Fwp%2Fv2%2Fcategories&post=32048"},{"taxonomy":"post_tag","embeddable":true,"href":"https:\/\/www.kultursidan.nu\/index.php?rest_route=%2Fwp%2Fv2%2Ftags&post=32048"}],"curies":[{"name":"wp","href":"https:\/\/api.w.org\/{rel}","templated":true}]}}