{"id":32285,"date":"2017-09-01T14:28:32","date_gmt":"2017-09-01T13:28:32","guid":{"rendered":"https:\/\/intelligent-friend-7861.standoutwp.com\/?p=32285"},"modified":"2017-09-01T15:00:56","modified_gmt":"2017-09-01T14:00:56","slug":"aspekter-pa-arbetsliv-pa-arbetets-museum","status":"publish","type":"post","link":"https:\/\/www.kultursidan.nu\/?p=32285","title":{"rendered":"Aspekter p\u00e5 arbetsliv p\u00e5 Arbetets museum"},"content":{"rendered":"<p><img loading=\"lazy\" decoding=\"async\" class=\"alignnone size-medium wp-image-32286\" src=\"https:\/\/www.kultursidan.nu\/wp-content\/uploads\/2017\/09\/Annika-Holmr-567x477.jpg\" alt=\"\" width=\"567\" height=\"477\" srcset=\"https:\/\/www.kultursidan.nu\/wp-content\/uploads\/2017\/09\/Annika-Holmr-567x477.jpg 567w, https:\/\/www.kultursidan.nu\/wp-content\/uploads\/2017\/09\/Annika-Holmr-768x646.jpg 768w, https:\/\/www.kultursidan.nu\/wp-content\/uploads\/2017\/09\/Annika-Holmr-1024x862.jpg 1024w, https:\/\/www.kultursidan.nu\/wp-content\/uploads\/2017\/09\/Annika-Holmr-396x333.jpg 396w, https:\/\/www.kultursidan.nu\/wp-content\/uploads\/2017\/09\/Annika-Holmr-150x126.jpg 150w, https:\/\/www.kultursidan.nu\/wp-content\/uploads\/2017\/09\/Annika-Holmr.jpg 1280w\" sizes=\"auto, (max-width: 567px) 100vw, 567px\" \/><br \/>\n<em>H\u00f6stmode. Fotografen Annika Holm\u00e9r hittade sin pappas bilder p\u00e5 de jobb han gjort som dekorat\u00f6r. Fotot ing\u00e5r i Arbetets museum f\u00f6rsta Dokument\u00e4rfotosalong.<\/em><\/p>\n<p>&nbsp;<\/p>\n<h1><span style=\"color: #ff0000;\">F\u00f6rsta Dokument\u00e4rfotosalongen<\/span><\/h1>\n<p>&nbsp;<\/p>\n<p>NORRK\u00d6PING <strong>F\u00f6rsta <em>Dokument\u00e4rfotosalongen<\/em> p\u00e5 Arbetets museum.<\/strong> Bilder av 39 fotografer upptar hela v\u00e5ningsplanet h\u00f6gst upp i Strykj\u00e4rnet. H\u00e4r betraktas v\u00e4rlden med temat Arbetsliv som raster. Fr\u00e5n f\u00f6delse till d\u00f6d, i bilder som kan vara snapshots eller omsorgsfullt utarbetade kompositioner. Tre bilder kommer att f\u00e5 pris.<\/p>\n<p>\u2013 Juryn har valt ut &#8221;B\u00e4sta bild&#8221; och &#8221;B\u00e4sta bild utifr\u00e5n temat&#8221;. Dessutom f\u00e5r bes\u00f6karna r\u00f6sta fram &#8221;Bes\u00f6karnas val av b\u00e4sta bild&#8221;, ber\u00e4ttar Truls Olin, vikarierande utst\u00e4llningschef p\u00e5 Arbetets museum.<\/p>\n<p>&nbsp;<\/p>\n<p><a title=\"Truls Olin, Arbetets museum\" href=\"https:\/\/www.flickr.com\/photos\/kultursidan\/36955699075\/in\/album-72157685946769184\/\"><img loading=\"lazy\" decoding=\"async\" src=\"https:\/\/farm5.staticflickr.com\/4382\/36955699075_f8ca770c32.jpg\" alt=\"Truls Olin, Arbetets museum\" width=\"332\" height=\"500\" \/><\/a><br \/>\n<em> Id\u00e9spruta. Truls Olin kl\u00e4ckte id\u00e9n om Dokument\u00e4rfotosalong och har \u00e4ven ing\u00e5tt i juryarbetet.<\/em><\/p>\n<p>&nbsp;<\/p>\n<p><strong>Arbetets museum \u00e4r i m\u00e5ngt och mycket en dokument\u00e4rfotots h\u00f6gborg i Sverige.<\/strong> H\u00e4r visas flera dokument\u00e4rfotoutst\u00e4llningar varje \u00e5r och h\u00e4r delas Dokument\u00e4rfotopriset ut i november varje \u00e5r. Att bjuda in till <em>Dokument\u00e4rfotosalong<\/em> \u00e4r en id\u00e9 s\u00e5 bra att man kan fr\u00e5ga varf\u00f6r den inte funnits tidigare.<\/p>\n<p>Det \u00e4r Truls Olin, tidigare p\u00e5 pigga kulturhuset Engeln i Katrineholm, som tagit initiativet med 1800-talets konstn\u00e4rssalonger i Paris som f\u00f6rebild. 90 fotografer, proffs och amat\u00f6rer, h\u00f6rsammade kallelsen, skickade in upp till fem bilder vardera. Bilderna anonymiserades f\u00f6r juryn som valde ut de 39 fotografer, som medverkar med en eller flera bilder vardera. De tidigaste bilderna \u00e4r fr\u00e5n 1960-tal.<\/p>\n<p>\u2013 Vi ville lyfta temat &#8221;Arbetsliv&#8221; s\u00e5 h\u00e4r f\u00f6rsta g\u00e5ngen, s\u00e4ger Truls Olin och p\u00e5pekar att det \u00e4r ett begrepp som kan tolkas p\u00e5 m\u00e5nga olika s\u00e4tt, fr\u00e5n en arbetsmyra till semesterbilder.<\/p>\n<p><strong>Fr\u00e5n f\u00f6delse till d\u00f6d, motivm\u00e4ssigt \u00e4r bredden stor.<\/strong> Hilda Arneback har f\u00f6ljt tre barnmorskor fr\u00e5n Jakobsdal i Finland som pendlar till Ume\u00e5 efter att deras klinik lades ner. Ir\u00e9ne Karlbom H\u00e4ll f\u00f6ljde arbetet p\u00e5 en begravningsbyr\u00e5.<\/p>\n<p>D\u00e4remellan, i livet, ser vi Ronny Karlssons <em>V\u00e5rd anno 1968<\/em>, ett bitr\u00e4de sk\u00f6ter om en s\u00e4ngliggande patient, en vacker motljusbild som p\u00e5minner om det sena 1800-talets interi\u00f6rm\u00e5leri.<\/p>\n<p>&nbsp;<\/p>\n<p><a title=\"Per Erik Berglund \u2013 handskar\" href=\"https:\/\/www.flickr.com\/photos\/kultursidan\/36147244743\/in\/album-72157685946769184\/\"><img loading=\"lazy\" decoding=\"async\" src=\"https:\/\/farm5.staticflickr.com\/4338\/36147244743_ed085c4892.jpg\" alt=\"Per Erik Berglund \u2013 handskar\" width=\"500\" height=\"332\" \/><\/a><br \/>\n<em> Arbetshandskar av Per Erik Berglund. Tr\u00e4dg\u00e5rdshandske. M\u00e5lning. Byggarbetare, Murare. SSAB.<\/em><\/p>\n<p>&nbsp;<\/p>\n<p><strong>En bild s\u00e4ger mer \u00e4n tusen ord \u00e4r ett banalt och oftast falskt uttryck.<\/strong> Vid pressvisningen \u00e4r katalogen f\u00e4rdig med namn, bilder och de korta texter som \u00e4r nycklar till bildernas ber\u00e4ttelser. Utm\u00e4rkt!<\/p>\n<p>F\u00f6rutom att katalog och h\u00e4ngning inte samverkar, d\u00e5 katalogen planerades innan bilderna h\u00e4ngdes. Jag f\u00e5r bl\u00e4ddra fram och tillbaka f\u00f6r att hitta r\u00e4tt p\u00e5 informationen. Jag hoppas och tror att bes\u00f6karna f\u00e5r hj\u00e4lp med namn till vernissagen.<\/p>\n<p><strong>Den dokument\u00e4ra n\u00e4rvaron dominerar utst\u00e4llningen.<\/strong> Cyklande brevb\u00e4rarg\u00e4ng. Trista fikarum prydda med kung Olof Palme. Snapshots fr\u00e5n Thailand och Japan, med en fritidsmunk respektive en kostymkl\u00e4dd man som sover p\u00e5 marken. Rapport fr\u00e5n att vara utbr\u00e4nd och beh\u00f6va ta fajten f\u00f6r sina r\u00e4ttigheter.<\/p>\n<p>N\u00e5gon anv\u00e4nder humor. En annan lyckas ge bygget av en ny idrottsplast estetisk sp\u00e4nning. En tredje dubbelfotograferar tv\u00e5 snarlika Folkets hus utv\u00e4ndigt och inv\u00e4ndigt.<\/p>\n<p>&nbsp;<\/p>\n<p><a title=\"Malin Gezelius \u2013 S\u00f6vd gris och Kalvf\u00f6rlamning\" href=\"https:\/\/www.flickr.com\/photos\/kultursidan\/36784444722\/in\/album-72157685946769184\/\"><img loading=\"lazy\" decoding=\"async\" src=\"https:\/\/farm5.staticflickr.com\/4344\/36784444722_216ee6c4d0.jpg\" alt=\"Malin Gezelius \u2013 S\u00f6vd gris och Kalvf\u00f6rlamning\" width=\"500\" height=\"300\" \/><\/a><br \/>\n<em> Veterin\u00e4rjobb. Malin Gezelius visar S\u00f6vd gris och Kalvf\u00f6rlamning.<\/em><\/p>\n<p>&nbsp;<\/p>\n<p><strong>Klassiska arbetarbilder \u2013 stolta m\u00e4n \u2013 finns b\u00e5de i Sverige och i Nigeria.<\/strong> Smuts och renh\u00e5llningsarbetare finns ocks\u00e5 \u00f6ver hela v\u00e4rlden. De inbjudna fotograferna \u00e4r fr\u00e5n Sverige eller verksamma i Sverige. N\u00e5gra av utst\u00e4llarna har rest l\u00e5ngt i skolfotoprojekt, N\u00e9ha Hirve reste till Indien och fotograferade ensamma nattvakter i gatlampors sken.<\/p>\n<p>Troy Enekvists vackra bilder fr\u00e5n Dhakas garveriindustri gestaltar en p\u00e5g\u00e5ende milj\u00f6katstrof av enorm omfattning. N\u00e5got man m\u00e5ste l\u00e4sa sig till.<\/p>\n<p><strong>L\u00e4ngst reser Katerina Mistel som tagit de kanske vackraste bilderna.<\/strong> <em>Mapping Europe<\/em> \u00e4r ett flera \u00e5r l\u00e5ngt id\u00e9baserat projekt som tagit henne till v\u00e5r v\u00e4rldsdels yttersta kanter d\u00e4r hon f\u00e5tt skolungdomar att rada upp sig vid gr\u00e4nsen. Tre stora bilder i strandkanten mot havet, fr\u00e5n Lofoten, Island och Korsika ger ett starkt intryck.<\/p>\n<p>Dekorativt, men f\u00f6rst och fr\u00e4mst id\u00e9baserat, jobbar Marie J\u00f6nsson med sina matbilder. R\u00e5varorna till matr\u00e4tter som grekisk sallad har lagts ut och fotograferats mot en f\u00e4rgstark bakgrund. Ett inl\u00e4gg om riktig mat kontra processad. Konsekvent med detta under stryker fotografen att bilderna inte redigerats eller manipulerats, enbart fotograferats och skrivits ut.<\/p>\n<p>&nbsp;<\/p>\n<p><a title=\"Troy Enekvist \u2013 Garveri\" href=\"https:\/\/www.flickr.com\/photos\/kultursidan\/36784444282\/in\/album-72157685946769184\/\"><img loading=\"lazy\" decoding=\"async\" src=\"https:\/\/farm5.staticflickr.com\/4376\/36784444282_92865d198f.jpg\" alt=\"Troy Enekvist \u2013 Garveri\" width=\"500\" height=\"333\" \/><\/a><br \/>\n<em> Hudn\u00e4ra. Troy Enekvist dokumenterade garveriindustrin i Bangladeshs huvudstad Dhaka. Vackra bilder p\u00e5 d\u00f6dlig verksamhet.<br \/>\n<\/em><\/p>\n<p>&nbsp;<\/p>\n<p><strong>Fotograferna bakom tre vinnande fotografierna bel\u00f6nas med 5.000 kronor vardera i samband med fotofestivalen Spegla som h\u00e5lls i Norrk\u00f6ping 20\u201322 oktober. <\/strong>Eva Lindblad, ledare f\u00f6r Spegla, inviger Arbetets museums <em>Dokument\u00e4rfotosalong<\/em> nu p\u00e5 l\u00f6rdag.<\/p>\n<p><em>\u00a9 Text: Ann-Charlotte Sandelin<\/em><br \/>\n<em> \u2028\u00a9 Foto: Sven \u00c5ke Molund och respektive utst\u00e4llande fotograf<\/em><\/p>\n<p>BILDSPEL (FLASH) \u2013 KLICKA P\u00c5 BILDEN <em><br \/>\nALT\/MOBIL: SE BILDSPELET <a title=\"Bildspel\" href=\"https:\/\/www.flickr.com\/photos\/kultursidan\/sets\/72157685946769184\/show\/\" target=\"_blank\" rel=\"noopener\">H\u00c4R<\/a><\/em><br \/>\n<object width=\"400\" height=\"300\"><param name=\"flashvars\" value=\"offsite=true&amp;lang=en-us&amp;page_show_url=%2Fphotos%2Fkultursidan%2Fsets%2F72157685946769184%2Fshow%2F&amp;page_show_back_url=%2Fphotos%2Fkultursidan%2Fsets%2F72157685946769184%2F&amp;set_id=72157685946769184&amp;jump_to=\" \/><param name=\"movie\" value=\"https:\/\/www.flickr.com\/apps\/slideshow\/show.swf?v=1811922554\" \/><param name=\"allowFullScreen\" value=\"true\" \/><\/object><\/p>\n<blockquote>\n<h3><em>ARBETETS MUSEUM Norrk\u00f6ping<\/em><\/h3>\n<p>2 september \u2013 29 oktober 2017<br \/>\n<em><strong>Dokument\u00e4rfotosalong<\/strong><\/em><br \/>\n<em>\u2028Jury: G\u00f6ran Widerberg, Dagens arbete, Helga H\u00e4renstam, fotograf, och Truls Olin, Arbetets museum<\/em><\/p>\n<p style=\"padding-left: 30px;\">Vernissage 2\/9 kl 14<br \/>\n<em>Eva Lindblad, SPEGLA, inviger<\/em><\/p>\n<p><em>\u2028UTST\u00c4LLARE<\/em><br \/>\n<em>Mikael Andersson, Lotta Andersson, Hilda Arneback\u2028Tommy Arvidsson, Per Erik Berglund, Ylva Bergman<\/em><br \/>\n<em>Annika Bj\u00f6rndotter, Troy Enekvist, Henrik Eriksson<\/em><br \/>\n<em>S\u00f6ren Fr\u00f6berg, Malin Gezelius, N\u00e9ha Hirve<\/em><br \/>\n<em>Annika Holm\u00e9r, Krister H\u00e4gglund, Anders H\u00f6gmark<\/em><br \/>\n<em>Kajsa Juslin, Marie J\u00f6nsson, Ir\u00e9ne Karlbom H\u00e4ll<\/em><br \/>\n<em>Ronny Karlsson, Krister Kler\u00e9us, Stefan Kristiansson<\/em><br \/>\n<em>Martin Kull, Viktor Lindb\u00e4ck, Mikael Lindstr\u00f6m<\/em><br \/>\n<em>David Lundmark, Clerus Nelson Nwadike, Bj\u00f6rn Nilsson<\/em><br \/>\n<em>Staffan Nygren, Katerina Mistal, Anders Roth<\/em><br \/>\n<em>David Skotte, Vilhelm Stokstad, Dick Svedenborn<\/em><br \/>\n<em>Karin Thoring, Bj\u00f6rn Ullhagen, Magnus Wahman<\/em><br \/>\n<em>Johanna Wulff, Jan \u00c5hman, Thomas \u00c5rebrand<\/em><\/p><\/blockquote>\n<p>L\u00c4NKAR<br \/>\nSPEGLA <a href=\"http:\/\/www.spegla.se\" target=\"_blank\" rel=\"noopener\">hemsida<\/a> <a href=\"https:\/\/www.facebook.com\/spegla.se\/\" target=\"_blank\" rel=\"noopener\">Facebook<\/a> <a href=\"https:\/\/www.instagram.com\/spegla2016\/\" target=\"_blank\" rel=\"noopener\">Instagram<\/a><br \/>\nArbetets Museum <a href=\"http:\/\/www.arbetetsmuseum.se\" target=\"_blank\" rel=\"noopener\">hemsida<\/a> <a href=\"https:\/\/www.facebook.com\/arbetetsmuseum\" target=\"_blank\" rel=\"noopener\">Facebook<\/a><\/p>\n","protected":false},"excerpt":{"rendered":"<p> NORRK\u00d6PING F\u00f6rsta Dokument\u00e4rfotosalongen p\u00e5 Arbetets museum. Bilder av 39 fotografer upptar hela v\u00e5ningsplanet h\u00f6gst upp i Strykj\u00e4rnet. H\u00e4r betraktas v\u00e4rlden med temat Arbetsliv som raster. Fr\u00e5n f\u00f6delse till d\u00f6d, i bilder som kan vara snapshots eller omsorgsfullt utarbetade fotografier. Tre bilder f\u00e5r pris. <a class=\"continue-reading-link\" href=\"https:\/\/www.kultursidan.nu\/?p=32285\">L\u00e4s mer <span class=\"meta-nav\">&rarr; <\/span><\/a><\/p>\n","protected":false},"author":1001006,"featured_media":0,"comment_status":"closed","ping_status":"open","sticky":false,"template":"","format":"standard","meta":{"_jetpack_memberships_contains_paid_content":false,"footnotes":""},"categories":[7],"tags":[17,47],"class_list":["post-32285","post","type-post","status-publish","format-standard","hentry","category-norrkoping","tag-foto","tag-utstallning"],"jetpack_featured_media_url":"","jetpack_sharing_enabled":true,"_links":{"self":[{"href":"https:\/\/www.kultursidan.nu\/index.php?rest_route=\/wp\/v2\/posts\/32285","targetHints":{"allow":["GET"]}}],"collection":[{"href":"https:\/\/www.kultursidan.nu\/index.php?rest_route=\/wp\/v2\/posts"}],"about":[{"href":"https:\/\/www.kultursidan.nu\/index.php?rest_route=\/wp\/v2\/types\/post"}],"author":[{"embeddable":true,"href":"https:\/\/www.kultursidan.nu\/index.php?rest_route=\/wp\/v2\/users\/1001006"}],"replies":[{"embeddable":true,"href":"https:\/\/www.kultursidan.nu\/index.php?rest_route=%2Fwp%2Fv2%2Fcomments&post=32285"}],"version-history":[{"count":6,"href":"https:\/\/www.kultursidan.nu\/index.php?rest_route=\/wp\/v2\/posts\/32285\/revisions"}],"predecessor-version":[{"id":32292,"href":"https:\/\/www.kultursidan.nu\/index.php?rest_route=\/wp\/v2\/posts\/32285\/revisions\/32292"}],"wp:attachment":[{"href":"https:\/\/www.kultursidan.nu\/index.php?rest_route=%2Fwp%2Fv2%2Fmedia&parent=32285"}],"wp:term":[{"taxonomy":"category","embeddable":true,"href":"https:\/\/www.kultursidan.nu\/index.php?rest_route=%2Fwp%2Fv2%2Fcategories&post=32285"},{"taxonomy":"post_tag","embeddable":true,"href":"https:\/\/www.kultursidan.nu\/index.php?rest_route=%2Fwp%2Fv2%2Ftags&post=32285"}],"curies":[{"name":"wp","href":"https:\/\/api.w.org\/{rel}","templated":true}]}}