{"id":32338,"date":"2017-09-04T18:18:22","date_gmt":"2017-09-04T17:18:22","guid":{"rendered":"https:\/\/intelligent-friend-7861.standoutwp.com\/?p=32338"},"modified":"2017-09-05T07:02:25","modified_gmt":"2017-09-05T06:02:25","slug":"fanfar-for-soderkopings-kulturpristagare","status":"publish","type":"post","link":"https:\/\/www.kultursidan.nu\/?p=32338","title":{"rendered":"Fanfar f\u00f6r S\u00f6derk\u00f6pings kulturpristagare"},"content":{"rendered":"<p><img loading=\"lazy\" decoding=\"async\" class=\"alignnone size-medium wp-image-32339\" src=\"https:\/\/www.kultursidan.nu\/wp-content\/uploads\/2017\/09\/2M8A0551-567x383.jpg\" alt=\"\" width=\"567\" height=\"383\" srcset=\"https:\/\/www.kultursidan.nu\/wp-content\/uploads\/2017\/09\/2M8A0551-567x383.jpg 567w, https:\/\/www.kultursidan.nu\/wp-content\/uploads\/2017\/09\/2M8A0551-768x518.jpg 768w, https:\/\/www.kultursidan.nu\/wp-content\/uploads\/2017\/09\/2M8A0551-1024x691.jpg 1024w, https:\/\/www.kultursidan.nu\/wp-content\/uploads\/2017\/09\/2M8A0551-493x333.jpg 493w, https:\/\/www.kultursidan.nu\/wp-content\/uploads\/2017\/09\/2M8A0551-150x101.jpg 150w, https:\/\/www.kultursidan.nu\/wp-content\/uploads\/2017\/09\/2M8A0551.jpg 1280w\" sizes=\"auto, (max-width: 567px) 100vw, 567px\" \/><br \/>\n<em>Inte alla uppvaktas med trumpetfanfar av kommunens nytilltr\u00e4dda kulturchef. Men Mats Gripenblad st\u00e4ller g\u00e4rna upp. \u00a0Han var Karl-Gunnar Fr\u00e4mbergs elev i mellanstadiet i \u00d6stra Ryd.\u00a0<\/em><\/p>\n<p>&nbsp;<\/p>\n<h1><span style=\"color: #ff0000;\">Materialpengar och notsk\u00e5p<\/span><\/h1>\n<p>&nbsp;<\/p>\n<p>S\u00d6DERK\u00d6PING <strong>En fanfar p\u00e5 trumpet fick \u00e5rets tv\u00e5 mottagare av S\u00f6derk\u00f6pings kommuns kulturpris och kulturstipendium.<\/strong>\u00a0Fanfaren bl\u00e5stes av \u00a0ingen mindre \u00e4n kommunens nytilltr\u00e4dda kulturchef Mats Gripenblad.<\/p>\n<p>Utm\u00e4rkelserna delades ut i s\u00f6ndags i \u00d6stra Ryds kyrka.\u00a0Glada mottagare var kyrkomusikern Karl-Gunnar Fr\u00e4mberg och konstn\u00e4ren Tone Linghult.<\/p>\n<p>&nbsp;<\/p>\n<p><a title=\"Tone Linghult\" href=\"https:\/\/www.flickr.com\/photos\/kultursidan\/36217664033\/in\/album-72157688106669606\/\"><img loading=\"lazy\" decoding=\"async\" src=\"https:\/\/farm5.staticflickr.com\/4401\/36217664033_09d53347b5.jpg\" alt=\"Tone Linghult\" width=\"500\" height=\"316\" \/><\/a><br \/>\n<em>Konstn\u00e4ren Tone Linghult fick kommunens \u00a0kulturstipendium f\u00f6r \u00e5r 2017. Det utdelas till unga lovande kulturut\u00f6vare i S\u00f6derk\u00f6pings kommun. N\u00e4sta m\u00e5nad st\u00e4ller hon ut i R\u00e5dhusgalleriet.<\/em><\/p>\n<p>&nbsp;<\/p>\n<p><strong>Tone Linghults kulturstipendium bestod av en check p\u00e5 5 000 kronor.<\/strong><\/p>\n<p>\u2013 V\u00e4lkomna pengar som \u00a0huvudsakligen kommer att g\u00e5 till material, s\u00e4ger hon.<\/p>\n<p>Tone Linghult f\u00e5r sitt stipendium \u00a0f\u00f6r &#8221;sitt konstn\u00e4rliga, unders\u00f6kande och gr\u00e4ns\u00f6verskridande konstn\u00e4rsskap d\u00e4r hon kombinerar olika material med olika ljuss\u00e4ttningar.\u201d<\/p>\n<p>Kulturstipendiet delas ut som uppmuntran till en ung lovande kulturut\u00f6vare i kommunen. Tone Linghult \u00e4r 24 \u00e5r. I oktober st\u00e4ller hon ut p\u00e5 Stinsen i S\u00f6derk\u00f6ping.<\/p>\n<p>\u2013 D\u00e5 kommer jag att visa mest glas men kanske \u00e4ven n\u00e5gon ljusinstallation, s\u00e4ger hon.<\/p>\n<p><strong>Tone Linghult bor nu i Stockholm och studerar vid Konstfack.<\/strong> Hon har tidigare varit BlandArts ungdomsutst\u00e4llare p\u00e5 Galleri R\u00e5dhuset, men har ocks\u00e5 visat sin konst i Norrk\u00f6ping.<\/p>\n<p>&nbsp;<\/p>\n<p><a title=\"Tone Linghult och Karl-Gunnar Fr\u00e4mberg\" href=\"https:\/\/www.flickr.com\/photos\/kultursidan\/36628563570\/in\/album-72157688106669606\/\"><img loading=\"lazy\" decoding=\"async\" src=\"https:\/\/farm5.staticflickr.com\/4364\/36628563570_f47f3711d8.jpg\" alt=\"Tone Linghult och Karl-Gunnar Fr\u00e4mberg\" width=\"498\" height=\"500\" \/><\/a><br \/>\n<em> Notsk\u00e5p. Tone \u00a0Linghult och Karl-Gunnar Fr\u00e4mberg fick kommunens kulturstipendium respektive kulturpris vid en ceremoni i \u00d6stra Ryds kyrka p\u00e5 s\u00f6ndagen.<\/em><\/p>\n<p>&nbsp;<\/p>\n<p><strong>Karl-Gunnar Fr\u00e4mberg tilldelades kulturpriset &#8221;f\u00f6r sitt utm\u00e4rkta och m\u00e5ng\u00e5riga musicerande b\u00e5de inom den profana och sakrala musiken\u201d.<\/strong> Han har varit verksam i \u00d6stra Ryd i 43 \u00e5r som skolkantor, \u00a0en kombinerad tj\u00e4nst som mellanstadiel\u00e4rare och kyrkomusiker.<\/p>\n<p>Under \u00e5rens lopp har Kalle, som han allm\u00e4nt kallas, glatt m\u00e5nga kyrkobes\u00f6kare med sin spelgl\u00e4dje. F\u00f6r att inte tala om alla skolelever som har inspirerats av hans kunnande under \u00e5ren.<\/p>\n<p><strong>En av dessa elever var S\u00f6derk\u00f6pings kulturchef Mats Gripenblad, som tilltr\u00e4dde sin tj\u00e4nst f\u00f6r tre veckor sedan.<\/strong> N\u00e4rmast har han arbetat p\u00e5 Kulturskolan i Norrk\u00f6ping i m\u00e5nga \u00e5r. Mats Gripenblad \u00e4r uppvuxen i G\u00e5rdeby och gick i skolan i \u00d6stra Ryd. Nu var han p\u00e5 plats i kyrkan i s\u00f6ndags med sin trumpet.\u00a0P\u00e5 den bl\u00e5ste han en fanfar f\u00f6r sin gamla l\u00e4rare och tillsammans framf\u00f6rde de ocks\u00e5 en sats ur Joseph Haydns <em>Trumpetkonsert<\/em>.<\/p>\n<p>D\u00e4refter visade Karl-Gunnar Fr\u00e4mberg vilken utm\u00e4rkt musiker han \u00e4r genom att spela flera stycken b\u00e5de p\u00e5 piano och orgel. Avslutningsvis l\u00e4t han ocks\u00e5 publiken lyssna till kyrkans barockorgel, en raritet fr\u00e5n 1700-talet.<\/p>\n<p><strong>Priset till kulturpristagaren \u00e4r olika fr\u00e5n \u00e5r till \u00e5r men utformas alltid av en lokal konstn\u00e4r eller hantverkare.<\/strong> I \u00e5r hade juryn valt ut ett sk\u00e5p av Lars Malm som passande nog var prytt med nottecken.<\/p>\n<p>\u2013 N\u00e4r jag fick telefonsamtal fr\u00e5n Inga-Lill \u00d6stlund som \u00e4r medlem i juryn, trodde jag att hon ville ha tips p\u00e5 l\u00e4mpliga pristagare till stipendiet. Och s\u00e5 \u00e4r det jag sj\u00e4lv som f\u00e5r kulturpriset, s\u00e4ger Lars-Gunnar Fr\u00e4mberg och ser v\u00e4ldigt n\u00f6jd och glad ut.<\/p>\n<p><em>\u00a9 Text: Bibi Friedrichsen<\/em><br \/>\n<em>\u2028\u00a9 Foto: Boy Svedberg<\/em><\/p>\n<blockquote>\n<h3><em>\u00d6STRA RYDS KYRKA S\u00f6derk\u00f6ping<\/em><\/h3>\n<p>3 september 2017<br \/>\n<strong><em>S\u00f6derk\u00f6pings kommuns <\/em><\/strong><br \/>\n<strong><em>Kulturstipendium och Kulturpris<\/em><\/strong><br \/>\n<em>Mottagare: Tone Linghult och Karl-Gunnar Fr\u00e4mberg\u2028<\/em><\/p><\/blockquote>\n<p>L\u00c4NKAR<br \/>\nS\u00f6derk\u00f6pings kommun kultur-fritid <a href=\"http:\/\/www.soderkoping.se\/kultur-fritid\/\" target=\"_blank\" rel=\"noopener\">hemsida <\/a><br \/>\nBlandArt med 3 nya medlemmar och glas <a href=\"https:\/\/www.kultursidan.nu\/?p=30072\" target=\"_blank\" rel=\"noopener\">recension<\/a> Kultursidan.nu 29\/3 2017<br \/>\nTone Linghult och Alba Nyblad i ljuset <a href=\"https:\/\/www.kultursidan.nu\/?p=25574\" target=\"_blank\" rel=\"noopener\">reportage<\/a> Kultursidan.nu 7\/6 2017<br \/>\nDubbeltydiga Tone Linghults skugglek <a href=\"https:\/\/www.kultursidan.nu\/?p=18748\" target=\"_blank\" rel=\"noopener\">reportage<\/a> Kultursidan.nu 4\/2 2015<\/p>\n","protected":false},"excerpt":{"rendered":"<p>S\u00d6DERK\u00d6PING En trumpetfanfar i \u00d6stra Ryds kyrka. Kyrkomusikern Karl-Gunnar Fr\u00e4mberg och konstn\u00e4ren Tone Linghult \u00e4r \u00e5rets tv\u00e5 mottagare av S\u00f6derk\u00f6pings kommuns kulturpris och kulturstipendium. <a class=\"continue-reading-link\" href=\"https:\/\/www.kultursidan.nu\/?p=32338\">L\u00e4s mer <span class=\"meta-nav\">&rarr; <\/span><\/a><\/p>\n","protected":false},"author":1001006,"featured_media":0,"comment_status":"closed","ping_status":"open","sticky":false,"template":"","format":"standard","meta":{"_jetpack_memberships_contains_paid_content":false,"footnotes":""},"categories":[6],"tags":[],"class_list":["post-32338","post","type-post","status-publish","format-standard","hentry","category-soderkoping"],"jetpack_featured_media_url":"","jetpack_sharing_enabled":true,"_links":{"self":[{"href":"https:\/\/www.kultursidan.nu\/index.php?rest_route=\/wp\/v2\/posts\/32338","targetHints":{"allow":["GET"]}}],"collection":[{"href":"https:\/\/www.kultursidan.nu\/index.php?rest_route=\/wp\/v2\/posts"}],"about":[{"href":"https:\/\/www.kultursidan.nu\/index.php?rest_route=\/wp\/v2\/types\/post"}],"author":[{"embeddable":true,"href":"https:\/\/www.kultursidan.nu\/index.php?rest_route=\/wp\/v2\/users\/1001006"}],"replies":[{"embeddable":true,"href":"https:\/\/www.kultursidan.nu\/index.php?rest_route=%2Fwp%2Fv2%2Fcomments&post=32338"}],"version-history":[{"count":4,"href":"https:\/\/www.kultursidan.nu\/index.php?rest_route=\/wp\/v2\/posts\/32338\/revisions"}],"predecessor-version":[{"id":32343,"href":"https:\/\/www.kultursidan.nu\/index.php?rest_route=\/wp\/v2\/posts\/32338\/revisions\/32343"}],"wp:attachment":[{"href":"https:\/\/www.kultursidan.nu\/index.php?rest_route=%2Fwp%2Fv2%2Fmedia&parent=32338"}],"wp:term":[{"taxonomy":"category","embeddable":true,"href":"https:\/\/www.kultursidan.nu\/index.php?rest_route=%2Fwp%2Fv2%2Fcategories&post=32338"},{"taxonomy":"post_tag","embeddable":true,"href":"https:\/\/www.kultursidan.nu\/index.php?rest_route=%2Fwp%2Fv2%2Ftags&post=32338"}],"curies":[{"name":"wp","href":"https:\/\/api.w.org\/{rel}","templated":true}]}}