{"id":32393,"date":"2017-09-09T18:27:29","date_gmt":"2017-09-09T17:27:29","guid":{"rendered":"https:\/\/intelligent-friend-7861.standoutwp.com\/?p=32393"},"modified":"2017-09-09T18:39:22","modified_gmt":"2017-09-09T17:39:22","slug":"valkryddad-sasongspremiar-med-son-recension","status":"publish","type":"post","link":"https:\/\/www.kultursidan.nu\/?p=32393","title":{"rendered":"V\u00e4lkryddad s\u00e4songspremi\u00e4r med SON (recension)"},"content":{"rendered":"<p><img loading=\"lazy\" decoding=\"async\" class=\"alignnone size-medium wp-image-32394\" src=\"https:\/\/www.kultursidan.nu\/wp-content\/uploads\/2017\/09\/DSCF0287-567x378.jpg\" alt=\"\" width=\"567\" height=\"378\" srcset=\"https:\/\/www.kultursidan.nu\/wp-content\/uploads\/2017\/09\/DSCF0287-567x378.jpg 567w, https:\/\/www.kultursidan.nu\/wp-content\/uploads\/2017\/09\/DSCF0287-768x512.jpg 768w, https:\/\/www.kultursidan.nu\/wp-content\/uploads\/2017\/09\/DSCF0287-1024x682.jpg 1024w, https:\/\/www.kultursidan.nu\/wp-content\/uploads\/2017\/09\/DSCF0287-500x333.jpg 500w, https:\/\/www.kultursidan.nu\/wp-content\/uploads\/2017\/09\/DSCF0287-150x100.jpg 150w, https:\/\/www.kultursidan.nu\/wp-content\/uploads\/2017\/09\/DSCF0287.jpg 1280w\" sizes=\"auto, (max-width: 567px) 100vw, 567px\" \/><br \/>\n<em> Best\u00e4md. Gabriel Schwabe och orkestern i samtal i Dmitrij Sjostakovitjs Cellokonsert nr 1. I f\u00f6rsta satsen driver han p\u00e5. Det 400 \u00e5r gamla instrumentet \u00e4r slankt och har en dov klang, ibland opolerad.<\/em><\/p>\n<p>&nbsp;<\/p>\n<h1><span style=\"color: #ff0000;\">Testosteronstinn kv\u00e4ll med opolerad cello<br \/>\n<\/span><\/h1>\n<p>&nbsp;<\/p>\n<p>RECENSION\/NORRK\u00d6PING <strong>Testosteronstint.<\/strong> Norrk\u00f6pings Symfoniorkester v\u00e4ljer att \u00f6ppna s\u00e4songen med musik av Strauss, Sjostakovitj och Beethoven. En kraftfull och nyansrik afton under dirigent Christian Kluxens ledning kryddad med toner fr\u00e5n en 400 \u00e5r gammal cello trakterad av stj\u00e4rncellisten Gabriel Schwabe.<\/p>\n<p><strong>En testosteronstinn kv\u00e4ll, f\u00f6r att citera Richard Michelin, som h\u00e5ller i kv\u00e4llens introduktion.<\/strong> Det kan man verkligen h\u00e5lla med om. En stilla fundering om hur en kv\u00e4ll signerad enbart kvinnor skulle se ut far upp i mitt huvud. Jag har inget svar, men jag hoppas att SON kan leverera vid tillf\u00e4lle.<\/p>\n<p>Richard Michelins i \u00f6vrigt uppsluppna och personliga presentation s\u00e4tter tonen f\u00f6r aftonen. K\u00e4rt \u00e5terseende mellan orkester och publik, h\u00f6ga f\u00f6rv\u00e4ntningar och <em>here we go again<\/em>.<\/p>\n<p>&nbsp;<\/p>\n<p>&nbsp;<\/p>\n<p><a title=\"Christian Kluxen\" href=\"https:\/\/www.flickr.com\/photos\/kultursidan\/36727922920\/in\/album-72157688807038865\/\"><img loading=\"lazy\" decoding=\"async\" src=\"https:\/\/farm5.staticflickr.com\/4350\/36727922920_3beee1f5fa.jpg\" alt=\"Christian Kluxen\" width=\"500\" height=\"333\" \/><\/a><br \/>\n<em>Kraft. Christian Kluxen leder orkestern med energi och kraftfull tydlighet.<\/em><\/p>\n<p>&nbsp;<\/p>\n<p><strong>Dmitrij Sjostakovitj \u00e4r flitigt spelad av symfoniorkestern.<\/strong> P\u00e5 kv\u00e4llens program st\u00e5r hans <em>Cellokonsert nr 1<\/em> fr\u00e5n 1959. Den gav honom lyskraft utanf\u00f6r Sovjetunionen n\u00e4r den presenterades p\u00e5 en musikfestival i USA samma \u00e5r.<\/p>\n<p>F\u00f6rsta satsen \u00e4r best\u00e4md och hetsig, n\u00e4stan febrig, och det \u00e4r cellisten som driver p\u00e5. Orkestern svarar som ett eko. Klarinett och horn l\u00f6sg\u00f6r sig som egna r\u00f6ster. Gabriel Schwabe spelar intensivt och kontrollerat. K\u00e4nslorna finns d\u00e4r, men de tyglas och h\u00e5lls i schack. Hans cello har en alldeles egen r\u00f6st. En dov klang, ibland opolerad och r\u00e5. Det \u00e4r mycket energi och rakt p\u00e5.<\/p>\n<p><strong>Sedan blir musiken trolsk med svala str\u00e4ngar som bas.<\/strong> Mjuka toner fr\u00e5n hornen, och cellon f\u00e5r vara s\u00e5 d\u00e4r skir och vacker som bara en cello kan vara. Klarinetten tar vid och forts\u00e4tter p\u00e5 temat. Det \u00e4r k\u00e4nsligt, naket och \u00e4rligt. Celesta och solocello i dialog med mullrande pukor i bakgrunden.<\/p>\n<p>Orkesterbasen f\u00f6rsvinner och solisten spelar ensam. M\u00f6rka behagliga toner som n\u00e5r in i hj\u00e4rtat. Gabriel Schwabe har uts\u00f6kt teknik och stor n\u00e4rvaro. Finalen bjuder p\u00e5 hela orkesterns samlade klang och styrka.<\/p>\n<p>&nbsp;<\/p>\n<p>&nbsp;<\/p>\n<p><a title=\"Gabriel Schwabe med SON\" href=\"https:\/\/www.flickr.com\/photos\/kultursidan\/36983160941\/in\/album-72157688807038865\/\"><img loading=\"lazy\" decoding=\"async\" src=\"https:\/\/farm5.staticflickr.com\/4424\/36983160941_3c44ed20a4.jpg\" alt=\"Gabriel Schwabe med SON\" width=\"500\" height=\"333\" \/><\/a><br \/>\n<em> Celli. Ett vackert m\u00f6te mellan instrumentalister.<\/em><\/p>\n<p>&nbsp;<\/p>\n<p><strong>Ludwig van Beethovens tredje symfoni, den som kallas <em>Eroica<\/em>, f\u00e5r kr\u00f6na s\u00e4songspremi\u00e4ren.<\/strong> Det \u00e4r ett pampigt bygge, skrivet till minnet av en stor man. Napoleon stod modell och namnet p\u00e5 symfonin var ursprungligen Bonaparte. Men Beethovens besvikelse \u00f6ver att Napoleon utropade sig till kejsare och \u00f6vergav franska revolutionens grundtanke fick honom att riva bort titelbladet fr\u00e5n partituret.<\/p>\n<p>Christian Kluxen leder orkestern med stor tydlighet och f\u00e5r fram alla nyanser. Fr\u00e5n startens sj\u00e4lvs\u00e4kra lekfullhet d\u00e4r musiken sv\u00e4ller ut i ett kraftfullt crescendo innan den g\u00e5r in i ett mer k\u00e4nsligt parti med vackra str\u00e5kar. Scherzot med sina koncentrerade utfall och dansanta tema i fl\u00f6jt och horn. Musiken fl\u00f6dar ymnigt med stor energi \u00e4nda till slutet.<\/p>\n<p>&nbsp;<\/p>\n<p><a title=\"Norrk\u00f6pings symfoniorkester\" href=\"https:\/\/www.flickr.com\/photos\/kultursidan\/36954308902\/in\/album-72157688807038865\/\"><img loading=\"lazy\" decoding=\"async\" src=\"https:\/\/farm5.staticflickr.com\/4371\/36954308902_96e2c14e70.jpg\" alt=\"Norrk\u00f6pings symfoniorkester\" width=\"500\" height=\"333\" \/><\/a><br \/>\n<em>Glans. Kontrabasisterna sparade inte p\u00e5 krutet de heller.<\/em><\/p>\n<p>&nbsp;<\/p>\n<p><strong>Stolt och starkt \u00e4r ocks\u00e5 Richard Strauss tonpoem <em>Don Juan<\/em> som inleder kv\u00e4llens konsert.<\/strong> Strauss tar fasta p\u00e5 lidelsen i dramat om er\u00f6vraren Don Juan. Richard Strauss har inspirerat m\u00e5ngen filmmusikkomposit\u00f6r och det \u00e4r l\u00e4tt att f\u00f6rst\u00e5. Musiken \u00e4r ber\u00e4ttande och skildrar sinnesst\u00e4mningar p\u00e5 ett effektivt s\u00e4tt. H\u00e4r finns lusten, romantiken och sj\u00e4lvs\u00e4kerheten, men ocks\u00e5 s\u00f6kandet och vemodet. En grandios tillbakablick p\u00e5 ett liv innan musiken likt en fladdrande l\u00e5ga sakta d\u00f6r ut.<\/p>\n<p><em>\u00a9 Text: Felicia Eriksson<\/em><br \/>\n<em> \u00a9 Foto: Ann-Charlotte Sandelin<\/em><\/p>\n<p>BILDSPEL (FLASH) \u2013 KLICKA P\u00c5 BILDEN<br \/>\n<em>\u2028ALT\/MOBIL: SE BILDSPELET <a title=\"Bildspel\" href=\"https:\/\/www.flickr.com\/photos\/kultursidan\/sets\/72157688807038865\/show\/\" target=\"_blank\" rel=\"noopener\">H\u00c4R<\/a><\/em><br \/>\n<object width=\"400\" height=\"300\"><param name=\"flashvars\" value=\"offsite=true&amp;lang=en-us&amp;page_show_url=%2Fphotos%2Fkultursidan%2Fsets%2F72157688807038865%2Fshow%2F&amp;page_show_back_url=%2Fphotos%2Fkultursidan%2Fsets%2F72157688807038865%2F&amp;set_id=72157688807038865&amp;jump_to=\" \/><param name=\"movie\" value=\"https:\/\/www.flickr.com\/apps\/slideshow\/show.swf?v=1811922554\" \/><param name=\"allowFullScreen\" value=\"true\" \/><\/object><\/p>\n<blockquote>\n<h3><em>DE GEERHALLEN Norrk\u00f6ping<\/em><\/h3>\n<p>7 september 2017<br \/>\n<strong><em>S\u00e4songspremi\u00e4r\u2028<\/em><\/strong><br \/>\n<em>Norrk\u00f6pings Symfoniorkester<\/em><br \/>\n<em>Dirigent: Christian Kluxen<\/em><br \/>\n<em>Konsertm\u00e4stare: Henrik Jon Petersen<\/em><br \/>\n<em>Solist: Gabriel Schwabe, cello<\/em><\/p>\n<p style=\"padding-left: 30px;\">8 september<em> i Link\u00f6ping \u2013 Konsert &amp; Kongress<br \/>\n<\/em><\/p>\n<p style=\"padding-left: 30px;\"><em>PROGRAM<\/em><br \/>\n<em><strong>Richard Strauss <\/strong>(1864\u20131949) Don Juan op 20 <\/em><br \/>\n<em><strong>Dmitrij Sjostakovitj<\/strong> (1906-1975) <\/em><em>Cellokonsert nr 1 op 107 <\/em><br \/>\n<em><strong>Ludwig van Beethoven<\/strong> (1770\u20131827) <\/em><em> Symfoni nr 3 Ess-dur op 55 \u201dEroica\u201d<\/em><\/p>\n<\/blockquote>\n<p>L\u00c4NKAR<br \/>\nGabriel Schwabe <a href=\"https:\/\/www.gabrielschwabe.com\" target=\"_blank\" rel=\"noopener\">hemsida <\/a><br \/>\nNorrk\u00f6pings symfoniorkester <a href=\"http:\/\/www.norrkopingssymfoniorkester.se\" target=\"_blank\" rel=\"noopener noreferrer\">hemsida<\/a> <a href=\"https:\/\/www.facebook.com\/norrkoping.symphony\/?fref=ts\" target=\"_blank\" rel=\"noopener noreferrer\">Facebook<\/a><br \/>\nSymfoniorkestern spelar s\u00e4kert 2017\/2018 <a href=\"https:\/\/www.kultursidan.nu\/?p=30749\" target=\"_blank\" rel=\"noopener\">kr\u00f6nika<\/a> Kultursidan.nu 10\/5 2017<\/p>\n","protected":false},"excerpt":{"rendered":"<p> NORRK\u00d6PING Testosteronstint. Norrk\u00f6pings Symfoniorkester v\u00e4ljer att \u00f6ppna s\u00e4songen med musik av Strauss, Sjostakovitj och Beethoven. En kraftfull och nyansrik afton under dirigent Christian Kluxens ledning kryddad med toner fr\u00e5n en 400 \u00e5r gammal cello trakterad av stj\u00e4rncellisten Gabriel Schwabe. <a class=\"continue-reading-link\" href=\"https:\/\/www.kultursidan.nu\/?p=32393\">L\u00e4s mer <span class=\"meta-nav\">&rarr; <\/span><\/a><\/p>\n","protected":false},"author":1001006,"featured_media":0,"comment_status":"closed","ping_status":"open","sticky":false,"template":"","format":"standard","meta":{"_jetpack_memberships_contains_paid_content":false,"footnotes":""},"categories":[55,7],"tags":[13],"class_list":["post-32393","post","type-post","status-publish","format-standard","hentry","category-linkoping","category-norrkoping","tag-musik"],"jetpack_featured_media_url":"","jetpack_sharing_enabled":true,"_links":{"self":[{"href":"https:\/\/www.kultursidan.nu\/index.php?rest_route=\/wp\/v2\/posts\/32393","targetHints":{"allow":["GET"]}}],"collection":[{"href":"https:\/\/www.kultursidan.nu\/index.php?rest_route=\/wp\/v2\/posts"}],"about":[{"href":"https:\/\/www.kultursidan.nu\/index.php?rest_route=\/wp\/v2\/types\/post"}],"author":[{"embeddable":true,"href":"https:\/\/www.kultursidan.nu\/index.php?rest_route=\/wp\/v2\/users\/1001006"}],"replies":[{"embeddable":true,"href":"https:\/\/www.kultursidan.nu\/index.php?rest_route=%2Fwp%2Fv2%2Fcomments&post=32393"}],"version-history":[{"count":5,"href":"https:\/\/www.kultursidan.nu\/index.php?rest_route=\/wp\/v2\/posts\/32393\/revisions"}],"predecessor-version":[{"id":32399,"href":"https:\/\/www.kultursidan.nu\/index.php?rest_route=\/wp\/v2\/posts\/32393\/revisions\/32399"}],"wp:attachment":[{"href":"https:\/\/www.kultursidan.nu\/index.php?rest_route=%2Fwp%2Fv2%2Fmedia&parent=32393"}],"wp:term":[{"taxonomy":"category","embeddable":true,"href":"https:\/\/www.kultursidan.nu\/index.php?rest_route=%2Fwp%2Fv2%2Fcategories&post=32393"},{"taxonomy":"post_tag","embeddable":true,"href":"https:\/\/www.kultursidan.nu\/index.php?rest_route=%2Fwp%2Fv2%2Ftags&post=32393"}],"curies":[{"name":"wp","href":"https:\/\/api.w.org\/{rel}","templated":true}]}}