{"id":32431,"date":"2017-09-13T11:09:42","date_gmt":"2017-09-13T10:09:42","guid":{"rendered":"https:\/\/intelligent-friend-7861.standoutwp.com\/?p=32431"},"modified":"2019-04-02T07:50:39","modified_gmt":"2019-04-02T06:50:39","slug":"lambert-werner-i-ljuset-pa-konstmuseet","status":"publish","type":"post","link":"https:\/\/www.kultursidan.nu\/?p=32431","title":{"rendered":"Lambert Werner ut i Konstmuseets ljus"},"content":{"rendered":"<p><img loading=\"lazy\" decoding=\"async\" class=\"alignnone size-medium wp-image-32432\" src=\"https:\/\/www.kultursidan.nu\/wp-content\/uploads\/2017\/09\/DSCF0344-567x378.jpg\" alt=\"\" width=\"567\" height=\"378\" srcset=\"https:\/\/www.kultursidan.nu\/wp-content\/uploads\/2017\/09\/DSCF0344-567x378.jpg 567w, https:\/\/www.kultursidan.nu\/wp-content\/uploads\/2017\/09\/DSCF0344-768x512.jpg 768w, https:\/\/www.kultursidan.nu\/wp-content\/uploads\/2017\/09\/DSCF0344-1024x682.jpg 1024w, https:\/\/www.kultursidan.nu\/wp-content\/uploads\/2017\/09\/DSCF0344-500x333.jpg 500w, https:\/\/www.kultursidan.nu\/wp-content\/uploads\/2017\/09\/DSCF0344-150x100.jpg 150w, https:\/\/www.kultursidan.nu\/wp-content\/uploads\/2017\/09\/DSCF0344.jpg 1280w\" sizes=\"auto, (max-width: 567px) 100vw, 567px\" \/><br \/>\n<em>\u00c5teruppt\u00e4ckare. Konstintendent Martin Sundberg presenterar Lambert Werners konstn\u00e4rskap, som \u00e4gnas en retrospektiv utst\u00e4llning p\u00e5 Norrk\u00f6pings Konstmuseum.<\/em><\/p>\n<p>&nbsp;<\/p>\n<h1><span style=\"color: #ff0000;\">V\u00e4cker bortgl\u00f6mt konstn\u00e4rskap till liv<\/span><\/h1>\n<p>&nbsp;<\/p>\n<p>NORRK\u00d6PING <em><strong>Ut ur m\u00f6rkret.<\/strong> <\/em>Den fyndiga utst\u00e4llningstiteln skriver ett nytt kapitel om konstn\u00e4ren Lambert Werner. 35 bilder i museets nedre plan kommenterar v\u00e4rlden i sm\u00e5tt och stort, med f\u00e4rger som lyser ur m\u00f6rkret. Det kan bli n\u00e4sta viktiga donation.<\/p>\n<p><strong>Knappt har utst\u00e4llningen <em>G\u00e5van<\/em>, Carl Johan Bolanders gener\u00f6sa donation,<\/strong> plockats ned efter sommaren, f\u00f6rr\u00e4n n\u00e4sta donationsutst\u00e4llning knackar p\u00e5.<\/p>\n<p>\u2013 Det h\u00e4r \u00e4r ett bakl\u00e4ngesprojekt om ett konstn\u00e4rskap som fallit i gl\u00f6mska, s\u00e4ger intendent Martin Sundberg.<\/p>\n<p><strong>Konstn\u00e4ren Lambert Werner (1900\u20131983) b\u00f6rjade som medicinstudent i Berlin.<\/strong> Han spelade ocks\u00e5 piano men m\u00f6tte konstn\u00e4rerna Paul Klee och Vasilij Kandinskij. Konsten blev hans livsverk, med ett personligt bildspr\u00e5k som h\u00e4mtar b\u00e5de fr\u00e5n surrealism och expressionism. Den bereste och mycket spr\u00e5kkunnige konstn\u00e4ren st\u00e4llde flitigt ut i Sverige och internationellt, vilket m\u00e4rks p\u00e5 de ofta tv\u00e5spr\u00e5kiga titlarna. Efter hans bortg\u00e5ng blev det tyst.<\/p>\n<p>\u2013 Han finns med p\u00e5 tv\u00e5 rader i \u00f6versiktsverken, kommenterar Martin Sundberg och till\u00e4gger lakoniskt: \u2013 Vissa skrivs in och andra skrivs ut ur konsthistorien.<\/p>\n<p>&nbsp;<\/p>\n<p><a title=\"Lambert Werner \u2013 Dialog: Swedenborg l\u00e4ttar sig i fil. lic. Wilhelm Westlings potta\" href=\"https:\/\/www.flickr.com\/photos\/kultursidan\/37191141405\/in\/album-72157688372519096\/\"><img loading=\"lazy\" decoding=\"async\" src=\"https:\/\/farm5.staticflickr.com\/4343\/37191141405_3a0580fce0.jpg\" alt=\"Lambert Werner \u2013 Dialog: Swedenborg l\u00e4ttar sig i fil. lic. Wilhelm Westlings potta\" width=\"349\" height=\"500\" \/><\/a><br \/>\n<em> Upplyst. Lambert Werners sprakande m\u00e5lning har titeln Dialog: Swedenborg l\u00e4ttar sig i fil. lic. Wilhelm Westlings potta.<\/em><\/p>\n<p>&nbsp;<\/p>\n<p><strong>Bakl\u00e4ngesprojektet b\u00f6rjade med en donationsf\u00f6rfr\u00e5gan fr\u00e5n konstn\u00e4rens son Bo Werner.<\/strong> Konstmuseets svar blev f\u00f6rsiktigt, f\u00f6rst ville man ta en titt. Martin Sundberg \u00e5kte till Stockholm f\u00f6r att studera de drygt 150 m\u00e5lningar som finns i familjen Werners f\u00f6rvar. Lambert Werner \u00e4gnade sig ocks\u00e5 \u00e5t skulptur.<\/p>\n<p>34 m\u00e5lningar st\u00e4lls nu ut i Konstmuseets galleri i bottenplanet. De sp\u00e4nner \u00f6ver hela konstn\u00e4rens aktiva period, han debuterade 1949. \u00c4ldsta verken, rena m\u00e5lningar, \u00e4r fr\u00e5n 1948 \u2013 1950. Merparten \u00e4r fr\u00e5n 1960- och 70-talen d\u00e5 han g\u00e5tt \u00f6ver till blandteknik, collage med gouache p\u00e5 papp som grund. Det sista fr\u00e5n 1982, storslaget sprakande av fantasi, humor, (kanske rentav inblandning av ett eget minne?) men fr\u00e4mst av form och f\u00e4rg \u2013 <em>Dialog: Swedenborg l\u00e4ttar sig i fil. lic. Wilhelm Westlings potta<\/em>.<\/p>\n<p><strong><em>Ut ur m\u00f6rkret<\/em> \u2013 titeln g\u00e5r ocks\u00e5 att f\u00f6rst\u00e5s bokstavligt.<\/strong> N\u00e4ra nog genomg\u00e5ende tr\u00e4der motiven fram ur en m\u00f6rk bakgrund. F\u00e4rger som gult, bl\u00e5tt, lila och inte minst r\u00f6tt (munnar, naglar, n\u00e4sor, k\u00f6n) lyser ur m\u00f6rkret. Redan fr\u00e5n start har han en \u201dskitig\u201d stil med lager, skrap och tecken, kanske f\u00f6r att p\u00e5minna om arkeologiska fynd, exempelvis i <em>\u00c4ngeln med den gyllne l\u00e4geln<\/em> fr\u00e5n 1949. Men det \u00e4r, eller blir, djupare \u00e4n s\u00e5.<\/p>\n<p>\u00c5tminstone vill jag l\u00e4sa in en framh\u00e4rdande livskraft genom ett 1900-tal som pr\u00e4glats av krig och f\u00f6rst\u00f6relse. H\u00e4r finns en iver och nyfikenhet p\u00e5 allt! Han hugger tag i infall, associationer och dr\u00f6mmar. Stort som sm\u00e5tt i Sverige, Europa och Fr\u00e4mre Orienten (han talade bland annat arabiska) observeras, kommenteras och omvandlas till suver\u00e4n bildkonst. Semestrande strandbadare \u00e0 la Picasso i <em>Vacancas<\/em>. Fotbollsspelare i <em>Segerkyssen<\/em> med erotiska undertoner.<\/p>\n<p>&nbsp;<\/p>\n<p><a title=\"Lambert Werner \u2013 Strandbild fr\u00e5n Svarta havet och Smoke Rings\" href=\"https:\/\/www.flickr.com\/photos\/kultursidan\/36377184163\/in\/album-72157688372519096\/\"><img loading=\"lazy\" decoding=\"async\" src=\"https:\/\/farm5.staticflickr.com\/4435\/36377184163_541a2e61f5.jpg\" alt=\"Lambert Werner \u2013 Strandbild fr\u00e5n Svarta havet och Smoke Rings\" width=\"500\" height=\"333\" \/><\/a><br \/>\n<em> Blandteknik. Smoke Rings till h\u00f6ger, d\u00e4r armbandet l\u00e4ngst ner \u00e4r gjort av riktiga p\u00e4rlor, som \u00e5terspeglas i m\u00e5lningen. Till v\u00e4nster Strandbild fr\u00e5n Svarta havet.<\/em><\/p>\n<p>&nbsp;<\/p>\n<p><strong>Martin Sundberg visar p\u00e5 collagetekniken som ibland smyger sig in i de inglasade verken.<\/strong> Som p\u00e4rlorna som pryder en hand i <em>Smoke Rings<\/em> och \u00e5terkommer i m\u00e5lat skick, b\u00e5de som ringar (n\u00e4rap\u00e5 knogj\u00e4rn), naglar men ocks\u00e5 i m\u00e5nen och i r\u00f6kringarna.<\/p>\n<p><strong>Flera bilder ber\u00f6r religi\u00f6sa motiv.<\/strong> <em>Den heliga familjen elektrifierad<\/em> med gula klot\/gl\u00f6dlampor i st\u00e4llet f\u00f6r glorior. <em>Korsf\u00e4stelsen<\/em> med en uppspikad r\u00f6dsp\u00e4tta, \u00e4r prickarna Jesu s\u00e5r, eller \u00e4r det ett tidigt milj\u00f6politiskt inl\u00e4gg? H\u00e4r finns ocks\u00e5 surrealistiska <em>Halshuggning<\/em>, b\u00f6delsyxan har just kluvit en apelsin i tv\u00e5 solstr\u00e5lande delar.<\/p>\n<p>\u2013 Han tar h\u00f6jd mot hela konst- och kulturhistorien. Det \u00e4r ett s\u00f6kande ur ett humanistiskt perspektiv, menar Martin Sundberg som lyft fram n\u00e5gra citat fr\u00e5n samtida konstskribenter som hj\u00e4lper bes\u00f6karen att se och f\u00f6rst\u00e5 b\u00e4ttre.<\/p>\n<p><strong>Utst\u00e4llningen visar p\u00e5 ett starkt, h\u00e5llbart och personligt konstn\u00e4rskap. <\/strong>Det \u00e4r h\u00f6g tid att skriva ett st\u00f6rre kapitel \u00e4n tv\u00e5 rader om Lambert Werner i konsthistorien. Om Konstmuseet tackar ja till donationen?<\/p>\n<p>\u2013 Ja, om det fortfarande \u00e4r aktuellt f\u00f6r familjen, s\u00e4ger Martin Sundberg \u00f6dmjukt.<\/p>\n<p>&nbsp;<\/p>\n<p><a title=\"Lambert Werner \u2013 Halshuggning\" href=\"https:\/\/www.flickr.com\/photos\/kultursidan\/36793436910\/in\/album-72157688372519096\/\"><img loading=\"lazy\" decoding=\"async\" src=\"https:\/\/farm5.staticflickr.com\/4342\/36793436910_b02c5577e2.jpg\" alt=\"Lambert Werner \u2013 Halshuggning\" width=\"354\" height=\"500\" \/><\/a><br \/>\n<em>Halshuggning. N\u00e4r Lambert Werner tar till b\u00f6delsyxan v\u00e4xer apelsinen till n\u00e5got st\u00f6rre. <\/em><\/p>\n<p>&nbsp;<\/p>\n<p><strong>Passa \u00e4ven p\u00e5 att bes\u00f6ka samlingarna som h\u00e4ngts om h\u00f6gst upp i Konstmuseet.<\/strong> Flera verk fr\u00e5n C J Bolanders donation har f\u00e5tt plats men \u00e4ven verk av andra, mindre konstn\u00e4rer har h\u00e4mtats fram ur g\u00f6mmorna.<\/p>\n<p>Martin Sundberg s\u00e4ger att det \u00e4r ett medvetet drag, f\u00f6r att komma bort fr\u00e5n att bara visa de mest k\u00e4nda konstn\u00e4rsnamnen. Bravo, Norrk\u00f6pings Konstmuseum!<\/p>\n<p>Men lugn, bara lugn. Carl Larssons <em>Frukost i det gr\u00f6na<\/em> h\u00e4nger kvar. Och Johan Krouth\u00e9ns <em>En sovande gosse<\/em>.<\/p>\n<p><em>\u00a9 Text och foto: Ann-Charlotte Sandelin<\/em><\/p>\n<p>BILDSPEL \u2013 KLICKA P\u00c5 BILDEN<em>S <\/em>PILAR<\/p>\n<p><a data-flickr-embed='true' href='https:\/\/www.flickr.com\/photos\/kultursidan\/sets\/72157688372519096' title='Lambert Werner, Norrk\u00f6pings Konstmuseum 2017 by Kultursidan, on Flickr'><img src='https:\/\/live.staticflickr.com\/4406\/36793384720_66f615be2a_z.jpg' width='800' height='600' alt='Lambert Werner \u2013 De utm\u00e4tta stegen, Agadir'><\/a><script async src='https:\/\/embedr.flickr.com\/assets\/client-code.js' charset='utf-8'><\/script><\/p>\n<blockquote>\n<h3><em>KONSTMUSEET Norrk\u00f6ping<\/em><\/h3>\n<p>13 september 2017 \u2013 28 januari 2018<br \/>\n<strong><em>Lambert Werner<\/em><\/strong><br \/>\n<strong><em>Ut ur det m\u00f6rka<\/em><\/strong><br \/>\n<em>Utst\u00e4llningskommissarie: Martin Sundberg<\/em><\/p>\n<p style=\"padding-left: 30px;\"><em>Vernissage 13\/9 kl 18<\/em><\/p>\n<\/blockquote>\n<p>L\u00c4NKAR<br \/>\nLambert Werner <a href=\"http:\/\/www.lambertwerner.se\" target=\"_blank\" rel=\"noopener noreferrer\">hemsida <\/a><br \/>\nNorrk\u00f6pings Konstmuseum <a href=\"http:\/\/www.norrkopingskonstmuseum.se\/\" target=\"_blank\" rel=\"noopener noreferrer\">hemsida<\/a> <a href=\"https:\/\/www.facebook.com\/norrkopingskonstmuseum\" target=\"_blank\" rel=\"noopener noreferrer\">Facebook<\/a><\/p>\n","protected":false},"excerpt":{"rendered":"<p> NORRK\u00d6PING Ut ur m\u00f6rkret. Den fyndiga utst\u00e4llningstiteln skriver ett nytt kapitel om konstn\u00e4ren Lambert Werner. 35 bilder i museets nedre plan kommenterar v\u00e4rlden i sm\u00e5tt och stort, med f\u00e4rger som lyser ur m\u00f6rkret. Det kan bli n\u00e4sta viktiga donation. <a class=\"continue-reading-link\" href=\"https:\/\/www.kultursidan.nu\/?p=32431\">L\u00e4s mer <span class=\"meta-nav\">&rarr; <\/span><\/a><\/p>\n","protected":false},"author":1001006,"featured_media":0,"comment_status":"closed","ping_status":"open","sticky":false,"template":"","format":"standard","meta":{"_jetpack_memberships_contains_paid_content":false,"footnotes":""},"categories":[7],"tags":[14,47],"class_list":["post-32431","post","type-post","status-publish","format-standard","hentry","category-norrkoping","tag-konst","tag-utstallning"],"jetpack_featured_media_url":"","jetpack_sharing_enabled":true,"_links":{"self":[{"href":"https:\/\/www.kultursidan.nu\/index.php?rest_route=\/wp\/v2\/posts\/32431","targetHints":{"allow":["GET"]}}],"collection":[{"href":"https:\/\/www.kultursidan.nu\/index.php?rest_route=\/wp\/v2\/posts"}],"about":[{"href":"https:\/\/www.kultursidan.nu\/index.php?rest_route=\/wp\/v2\/types\/post"}],"author":[{"embeddable":true,"href":"https:\/\/www.kultursidan.nu\/index.php?rest_route=\/wp\/v2\/users\/1001006"}],"replies":[{"embeddable":true,"href":"https:\/\/www.kultursidan.nu\/index.php?rest_route=%2Fwp%2Fv2%2Fcomments&post=32431"}],"version-history":[{"count":9,"href":"https:\/\/www.kultursidan.nu\/index.php?rest_route=\/wp\/v2\/posts\/32431\/revisions"}],"predecessor-version":[{"id":40917,"href":"https:\/\/www.kultursidan.nu\/index.php?rest_route=\/wp\/v2\/posts\/32431\/revisions\/40917"}],"wp:attachment":[{"href":"https:\/\/www.kultursidan.nu\/index.php?rest_route=%2Fwp%2Fv2%2Fmedia&parent=32431"}],"wp:term":[{"taxonomy":"category","embeddable":true,"href":"https:\/\/www.kultursidan.nu\/index.php?rest_route=%2Fwp%2Fv2%2Fcategories&post=32431"},{"taxonomy":"post_tag","embeddable":true,"href":"https:\/\/www.kultursidan.nu\/index.php?rest_route=%2Fwp%2Fv2%2Ftags&post=32431"}],"curies":[{"name":"wp","href":"https:\/\/api.w.org\/{rel}","templated":true}]}}