{"id":32536,"date":"2017-09-21T11:11:04","date_gmt":"2017-09-21T10:11:04","guid":{"rendered":"https:\/\/intelligent-friend-7861.standoutwp.com\/?p=32536"},"modified":"2017-09-21T11:11:04","modified_gmt":"2017-09-21T10:11:04","slug":"nada-duo-med-vanner-intog-bravikssalen","status":"publish","type":"post","link":"https:\/\/www.kultursidan.nu\/?p=32536","title":{"rendered":"NaDa Duo med v\u00e4nner intog Br\u00e5vikssalen"},"content":{"rendered":"<p>&nbsp;<\/p>\n<p><img loading=\"lazy\" decoding=\"async\" class=\"alignnone size-medium wp-image-32537\" src=\"https:\/\/www.kultursidan.nu\/wp-content\/uploads\/2017\/09\/DSCF0681-567x378.jpg\" alt=\"\" width=\"567\" height=\"378\" srcset=\"https:\/\/www.kultursidan.nu\/wp-content\/uploads\/2017\/09\/DSCF0681-567x378.jpg 567w, https:\/\/www.kultursidan.nu\/wp-content\/uploads\/2017\/09\/DSCF0681-768x512.jpg 768w, https:\/\/www.kultursidan.nu\/wp-content\/uploads\/2017\/09\/DSCF0681-1024x682.jpg 1024w, https:\/\/www.kultursidan.nu\/wp-content\/uploads\/2017\/09\/DSCF0681-500x333.jpg 500w, https:\/\/www.kultursidan.nu\/wp-content\/uploads\/2017\/09\/DSCF0681-150x100.jpg 150w, https:\/\/www.kultursidan.nu\/wp-content\/uploads\/2017\/09\/DSCF0681.jpg 1280w\" sizes=\"auto, (max-width: 567px) 100vw, 567px\" \/><br \/>\n<em>Uppfriskande. NaDa Duo med m\u00e5nga v\u00e4nner bj\u00f6d p\u00e5 en musikalkv\u00e4ll fylld av omv\u00e4xlande arrangemang.<\/em><\/p>\n<p>&nbsp;<\/p>\n<h1><span style=\"color: #ff0000;\">\u201dVi \u00e4r musikaln\u00f6rdar\u201d<\/span><\/h1>\n<p>&nbsp;<\/p>\n<p>NORRK\u00d6PING <strong>\u201dVi \u00e4r musikaln\u00f6rdar\u201d.<\/strong> NaDa Duo med N\u00e1thalie Andersson och David Kronstr\u00f6m har underh\u00e5llit med s\u00e5ng och musik i tv\u00e5 \u00e5r. F\u00f6r ett tag sedan v\u00e4cktes id\u00e9n om att dra ihop till n\u00e5got st\u00f6rre, med v\u00e4nner. Sagt och gjort!<\/p>\n<p><strong>I helgen gav de konsert, en uppfriskande s\u00e5dan d\u00e4r m\u00e5nga l\u00e5tar h\u00e4mtades bortom musikalernas breda allfarv\u00e4g,<\/strong> \u00e4ven om <em>Anthem<\/em> fr\u00e5n Chess v\u00e4ckte stor igenk\u00e4nning hos publiken i Br\u00e5vikssalen p\u00e5 Elite Grand Hotel.<\/p>\n<p>\u2013 Det finns s\u00e5 mycket musikalmusik. M\u00e5nga l\u00e5tar \u00e4r f\u00f6r s\u00e5ng och piano men det finns s\u00e5 mycket mer, p\u00e5pekar David Kronstr\u00f6m som \u00e4r ena halvan av NaDa Duo.<\/p>\n<p>Vi har sett NaDa Duo p\u00e5 alls\u00e5nger, under Kulturnatten och i privata sammanhang. Na st\u00e5r f\u00f6r N\u00e1thalie Andersson, Norrk\u00f6ping, medan Da \u00e4r David Kronstr\u00f6m, fr\u00e5n Ydre. Ungdomarna l\u00e4rde k\u00e4nna varandra n\u00e4r de spelade tv\u00e5 av barnen von Trapp i \u00d6stg\u00f6tateaterns upps\u00e4ttning av Sound of Music f\u00f6r ett par \u00e5r sedan.<\/p>\n<p>&nbsp;<\/p>\n<p><a href=\"https:\/\/www.flickr.com\/photos\/kultursidan\/36511439644\/in\/album-72157686904395784\/\" data-flickr-embed=\"true\"><img loading=\"lazy\" decoding=\"async\" src=\"https:\/\/farm5.staticflickr.com\/4431\/36511439644_65c92d2031.jpg\" alt=\"N\u00e1thalie Andersson\" width=\"500\" height=\"333\" \/><\/a><br \/>\n<em> K\u00e4nslofylld. N\u00e1thalie Andersson i mycket fina Stars and the Moon.<\/em><\/p>\n<p>&nbsp;<\/p>\n<p><strong>Efter att ha gjort just m\u00e5nga s\u00e5ng-och-piano-konserter, kl\u00e4ckte de id\u00e9n med n\u00e5got st\u00f6rre.<\/strong> De kallar sig \u201dmusikaln\u00f6rdar\u201d och b\u00f6rjade gr\u00e4va, f\u00f6ljde upp favoritmusikaler men i \u00e4nd\u00e5 h\u00f6gre grad f\u00f6ljde favoritartister och samlade p\u00e5 sig en stor musikalskatt.<\/p>\n<p>\u2013 Det h\u00e4r hade vi inte kunnat g\u00f6ra utan v\u00e5ra v\u00e4nner, s\u00e4ger N\u00e1thalie Andersson, som g\u00e5r f\u00f6rsta \u00e5ret p\u00e5 Kulturamas gymnasium i Stockholm.<\/p>\n<p>V\u00e4nnerna kommer fr\u00e5n en annan gymnasieskola i Stockholm, S\u00f6dra latin, d\u00e4r David Kronstr\u00f6m g\u00e5r p\u00e5 andra \u00e5ret. Dessutom ing\u00e5r Norrk\u00f6pingstjejen Vanna Mantefors som ofta synts p\u00e5 samma scener som N\u00e1thalie. Alla n\u00e4r de dr\u00f6mmar om en framtid med s\u00e5ng och musik. Medan tjejerna satsar p\u00e5 s\u00e5ng och dans har David en annan inriktning.<\/p>\n<p>\u2013 Jag vill bli kapellm\u00e4stare, s\u00e4ger han och intar rollen med stor trygghet under konserten.<\/p>\n<p style=\"padding-left: 60px;\"><em>I don&#8217;t have a sunny disposition.<\/em><br \/>\n<em> I&#8217;m not known for being too amused.<\/em><\/p>\n<p><strong>N\u00e1thalie Andersson inleder med <em>Pulled<\/em> fr\u00e5n Familjen Addams, musikalen som fick sin Europapremi\u00e4r p\u00e5 \u00d6stg\u00f6tateatern.<\/strong> Att Wednesday k\u00e4nner sig dragen mellan olika k\u00e4nslor, lojaliteten mot familjen bryts mot f\u00f6r\u00e4lskelsen, framg\u00e5r tydligt. En fin och medryckande start p\u00e5 en kv\u00e4ll d\u00e4r N\u00e1thalie \u00e5terkommer som en r\u00f6d tr\u00e5d genom programmet, hon har ju redan byggt en repertoar. Starkaste framtr\u00e4dandet blir <em>Stars and the Moon<\/em> ur off-Broadwaymusikalen Songs for a New World.<\/p>\n<p>Omv\u00e4xling f\u00f6rn\u00f6jer. Solonummer byter om med duetter och k\u00f6rverk. En del \u00e4r storslaget, annat \u00e4r roligt, piggt eller k\u00e4nslosamt. Bland l\u00e5tar som h\u00f6rts p\u00e5 Broadway finns allts\u00e5 \u00e4ven off-Broadway och trevligt nog \u00e4ven n\u00e5gra svenska. Idel p\u00e4rlor och flera mycket goda \u00f6verraskningar!<\/p>\n<p>&nbsp;<\/p>\n<p><a title=\"NaDa Duo med v\u00e4nner\" href=\"https:\/\/www.flickr.com\/photos\/kultursidan\/37191725442\/in\/album-72157686904395784\/\"><img loading=\"lazy\" decoding=\"async\" src=\"https:\/\/farm5.staticflickr.com\/4353\/37191725442_ba53e2c702.jpg\" alt=\"NaDa Duo med v\u00e4nner\" width=\"500\" height=\"333\" \/><\/a><br \/>\n<em> V\u00e4nskapsband. Att g\u00f6ra ett projekt tillsammans skapar gl\u00e4dje f\u00f6r m\u00e5nga<\/em><\/p>\n<p>&nbsp;<\/p>\n<p><strong>Fjorton ungdomar, varav fem musiker, st\u00e5r p\u00e5 scenen och alla f\u00e5r sin stund i str\u00e5lkastarljuset.<\/strong> \u00c4ven n\u00e5gra av musikerna kliver in i k\u00f6ren mot slutet, i <em>Anthem<\/em>, som inte bara \u00e4r Davids favorit utan \u00e4ven blir konsertens b\u00e4sta k\u00f6rverk.<\/p>\n<p>\u2013 F\u00f6rst valde vi l\u00e5tar, sedan letade vi r\u00f6ster och fr\u00e5gade vi om de ville vara med. Vi var noga med r\u00f6ster som gick ihop, understryker N\u00e1thalie.<\/p>\n<p>Musikalartister tr\u00e4nas att utveckla sina egna r\u00f6ster och uttryck, det ger individualitet i framtr\u00e4dandet. Att d\u00e5 bygga k\u00f6r med bara nio r\u00f6ster som ska finna en gemensam klang, \u00e4r en utmaning som alla tar sig an med gott resultat.<\/p>\n<p><strong>NaDa Duo, och d\u00e5 fr\u00e4mst David som arrangerat l\u00e5tarna, har dragit det tunga lasset rent konstn\u00e4rligt.<\/strong> Det handlar inte bara om l\u00e5tar utan \u00e4ven om turordning och gestaltning, att bygga en publikupplevelse som flyter och ber\u00f6r.<\/p>\n<p>Att g\u00f6ra en s\u00e5 h\u00e4r stor satsning \u00e4r kr\u00e4vande f\u00f6r ungdomar som g\u00e5r p\u00e5 gymnasiet. Tur att de f\u00e5tt hj\u00e4lp av N\u00f6jesv\u00e4nnernas kulturf\u00f6rening, l\u00e4s f\u00f6r\u00e4ldrar, med den yttre produktionen, som att boka lokal, sponsring f\u00f6r att bekosta resor och marknadsf\u00f6ring.<\/p>\n<p><strong>\u2013 P\u00e5 min skola ska man k\u00e4nna till hur det \u00e4r att vara yrkesmusiker s\u00e5 vi g\u00f6r m\u00e5nga konserter p\u00e5 skolan under terminerna,<\/strong> s\u00e4ger David Kronstr\u00f6m som nu ser fram emot att fokusera p\u00e5 studierna.<\/p>\n<p>\u00c4nd\u00e5 h\u00e5ller v\u00e4nnerna d\u00f6rren p\u00e5 gl\u00e4nt f\u00f6r en forts\u00e4ttning, eller \u00e5tminstone en repris, fast d\u00e5 i Stockholm.<\/p>\n<p><em>\u00a9 Text och foto: Ann-Charlotte Sandelin<\/em><\/p>\n<p>BILDSPEL (FLASH) \u2013 KLICKA P\u00c5 BILDEN<br \/>\n<em>\u2028ALT\/MOBIL: SE BILDSPELET <a title=\"Bildspel\" href=\"https:\/\/www.flickr.com\/photos\/kultursidan\/sets\/72157686904395784\/show\/\" target=\"_blank\" rel=\"noopener\">H\u00c4R<\/a><\/em><br \/>\n<object width=\"400\" height=\"300\"><param name=\"flashvars\" value=\"offsite=true&amp;lang=en-us&amp;page_show_url=%2Fphotos%2Fkultursidan%2Fsets%2F72157686904395784%2Fshow%2F&amp;page_show_back_url=%2Fphotos%2Fkultursidan%2Fsets%2F72157686904395784%2F&amp;set_id=72157686904395784&amp;jump_to=\" \/><param name=\"movie\" value=\"https:\/\/www.flickr.com\/apps\/slideshow\/show.swf?v=1811922554\" \/><param name=\"allowFullScreen\" value=\"true\" \/><\/object><\/p>\n<blockquote><p>BR\u00c5VIKSSALEN, ELITE GRAND HOTEL Norrk\u00f6ping<\/p>\n<p>15\u201316 september 2017<br \/>\n<strong>NaDa Duo med v\u00e4nner\u2028<\/strong><br \/>\nMusikalkonsert<\/p>\n<p style=\"padding-left: 30px;\"><em>MEDVERKANDE<\/em><br \/>\n<em>David Kronstr\u00f6m, kapellm\u00e4stare, klaviatur<\/em><br \/>\n<em>Albin Signell, basist<\/em><br \/>\n<em>Andreas Bellini, gitarr<\/em><br \/>\n<em>Ebba Arnesson, violin<\/em><br \/>\n<em>Charlotta Flood, oboe<\/em><br \/>\n<em>Rufus V\u00e5rdstedt, trummor<\/em><\/p>\n<p style=\"padding-left: 30px;\"><em>S\u00e5ngsolister\/k\u00f6r<\/em><br \/>\n<em>Alicia Emilsson<\/em><br \/>\n<em>Dante Fritzen<\/em><br \/>\n<em>Ellen Mansten-Bruchfeld<\/em><br \/>\n<em>Isabel Loveflo Lindstr\u00f6m<\/em><br \/>\n<em>Klara \u00c5str\u00f6m<\/em><br \/>\n<em>N\u00e1thalie Andersson<\/em><br \/>\n<em>Simon Rubin<\/em><br \/>\n<em>Vanna Mantefors<\/em><\/p>\n<p style=\"padding-left: 30px;\"><em>L\u00c5TLISTA<\/em><br \/>\n<em>Pulled ur Familjen Addams<\/em><br \/>\n<em>Good Morning Baltimore ur Hairspray <\/em><br \/>\n<em>For Good ur Wicked<\/em><br \/>\n<em>Var h\u00f6r vi hemma ur Kristina fr\u00e5n Dufvem\u00e5la<\/em><br \/>\n<em>Who I\u2019d be ur Shrek<\/em><br \/>\n<em>L\u00e4mna inga d\u00f6rrar p\u00e5 gl\u00e4nt ur Chess<\/em><br \/>\n<em>Revolting Children ur Matilda: The Musical<\/em><br \/>\n<em>N\u00e4r jag faller ur Livet \u00e4r en schlager<\/em><br \/>\n<em>Breathe ur In the Heights<\/em><br \/>\n<em>Stars and the Moon ur Songs for a New World<\/em><br \/>\n<em>Anthem ur Chess<\/em><br \/>\n<em>On My Way ur Violet<\/em><\/p>\n<\/blockquote>\n<p><em>L\u00c4NKAR\u2028<\/em><br \/>\nNaDa Duo <a href=\"https:\/\/www.facebook.com\/scandinavianada\/\" target=\"_blank\" rel=\"noopener\">Facebook<\/a><\/p>\n","protected":false},"excerpt":{"rendered":"<p> NORRK\u00d6PING \u201dVi \u00e4r musikaln\u00f6rdar\u201d. NaDa Duo med N\u00e1thalie Andersson och David Kronstr\u00f6m har underh\u00e5llit med s\u00e5ng och musik i tv\u00e5 \u00e5r. F\u00f6r ett tag sedan v\u00e4cktes id\u00e9n om att dra ihop till n\u00e5got st\u00f6rre, med v\u00e4nner. Sagt och gjort! <a class=\"continue-reading-link\" href=\"https:\/\/www.kultursidan.nu\/?p=32536\">L\u00e4s mer <span class=\"meta-nav\">&rarr; <\/span><\/a><\/p>\n","protected":false},"author":1001006,"featured_media":0,"comment_status":"closed","ping_status":"open","sticky":false,"template":"","format":"standard","meta":{"_jetpack_memberships_contains_paid_content":false,"footnotes":""},"categories":[7],"tags":[13,31],"class_list":["post-32536","post","type-post","status-publish","format-standard","hentry","category-norrkoping","tag-musik","tag-musikal"],"jetpack_featured_media_url":"","jetpack_sharing_enabled":true,"_links":{"self":[{"href":"https:\/\/www.kultursidan.nu\/index.php?rest_route=\/wp\/v2\/posts\/32536","targetHints":{"allow":["GET"]}}],"collection":[{"href":"https:\/\/www.kultursidan.nu\/index.php?rest_route=\/wp\/v2\/posts"}],"about":[{"href":"https:\/\/www.kultursidan.nu\/index.php?rest_route=\/wp\/v2\/types\/post"}],"author":[{"embeddable":true,"href":"https:\/\/www.kultursidan.nu\/index.php?rest_route=\/wp\/v2\/users\/1001006"}],"replies":[{"embeddable":true,"href":"https:\/\/www.kultursidan.nu\/index.php?rest_route=%2Fwp%2Fv2%2Fcomments&post=32536"}],"version-history":[{"count":1,"href":"https:\/\/www.kultursidan.nu\/index.php?rest_route=\/wp\/v2\/posts\/32536\/revisions"}],"predecessor-version":[{"id":32538,"href":"https:\/\/www.kultursidan.nu\/index.php?rest_route=\/wp\/v2\/posts\/32536\/revisions\/32538"}],"wp:attachment":[{"href":"https:\/\/www.kultursidan.nu\/index.php?rest_route=%2Fwp%2Fv2%2Fmedia&parent=32536"}],"wp:term":[{"taxonomy":"category","embeddable":true,"href":"https:\/\/www.kultursidan.nu\/index.php?rest_route=%2Fwp%2Fv2%2Fcategories&post=32536"},{"taxonomy":"post_tag","embeddable":true,"href":"https:\/\/www.kultursidan.nu\/index.php?rest_route=%2Fwp%2Fv2%2Ftags&post=32536"}],"curies":[{"name":"wp","href":"https:\/\/api.w.org\/{rel}","templated":true}]}}