{"id":32540,"date":"2017-09-22T09:43:59","date_gmt":"2017-09-22T08:43:59","guid":{"rendered":"https:\/\/intelligent-friend-7861.standoutwp.com\/?p=32540"},"modified":"2017-09-23T07:07:16","modified_gmt":"2017-09-23T06:07:16","slug":"kompromisslos-silvana-vacker-och-beror-recension","status":"publish","type":"post","link":"https:\/\/www.kultursidan.nu\/?p=32540","title":{"rendered":"Kompromissl\u00f6s Silvana v\u00e4cker och ber\u00f6r (recension)"},"content":{"rendered":"<p><img loading=\"lazy\" decoding=\"async\" class=\"alignnone size-medium wp-image-32547\" src=\"https:\/\/www.kultursidan.nu\/wp-content\/uploads\/2017\/09\/megafonsilvana-567x313.jpg\" alt=\"\" width=\"567\" height=\"313\" srcset=\"https:\/\/www.kultursidan.nu\/wp-content\/uploads\/2017\/09\/megafonsilvana-567x313.jpg 567w, https:\/\/www.kultursidan.nu\/wp-content\/uploads\/2017\/09\/megafonsilvana-768x424.jpg 768w, https:\/\/www.kultursidan.nu\/wp-content\/uploads\/2017\/09\/megafonsilvana-1024x566.jpg 1024w, https:\/\/www.kultursidan.nu\/wp-content\/uploads\/2017\/09\/megafonsilvana-150x83.jpg 150w, https:\/\/www.kultursidan.nu\/wp-content\/uploads\/2017\/09\/megafonsilvana.jpg 1140w\" sizes=\"auto, (max-width: 567px) 100vw, 567px\" \/><br \/>\n<em> F\u00f6rst\u00e4rkare. Dokument\u00e4rfilmen Silvana \u2013 V\u00e4ck mig n\u00e4r ni vaknat skildrar en kompromissl\u00f6s artist som skapar ett svenskt kulturarv.<\/em><\/p>\n<p>&nbsp;<\/p>\n<h1><span style=\"color: #ff0000;\">N\u00e4ra foto, poetisk text och skakig kamera<\/span><\/h1>\n<p>&nbsp;<\/p>\n<p>RECENSION\/NORRK\u00d6PING <strong>Filmvisning med Silvanaregiss\u00f6rer.<\/strong> Link\u00f6pingsregiss\u00f6ren Mika Gustafson har tillsammans med Olivia Kastebring och Christina Tsiobanelis med dokument\u00e4rfilmen <em>Silvana \u2013 V\u00e4ck mig n\u00e4r ni vaknat<\/em> skapat ett m\u00e5ngbottnat portr\u00e4tt av den svenska hiphopartisten, antirasisten och feministen Silvana Imam.<\/p>\n<p><strong>Den b\u00f6rjar i kyrkan, dokument\u00e4rfilmen om hiphopartisten Silvana Imam.<\/strong> Hon verkar f\u00f6rs\u00f6ka f\u00e5 till en spelning d\u00e4r. Pr\u00e4sten s\u00e4ger m\u00e4rkliga saker om kvinnor, Silvana vill inte diskutera om kvinnor och m\u00e4n verkligen \u00e4r likv\u00e4rdiga. F\u00f6r henne \u00e4r det en sj\u00e4lvklarhet.<\/p>\n<p>&nbsp;<\/p>\n<p><a title=\"Olivia Kastebring, Christina Tsiobanellis och Mika Gustafson\" href=\"https:\/\/www.flickr.com\/photos\/kultursidan\/37382062395\/in\/album-72157686442864240\/\"><img loading=\"lazy\" decoding=\"async\" src=\"https:\/\/farm5.staticflickr.com\/4493\/37382062395_b19e80dbfd.jpg\" alt=\"Olivia Kastebring, Christina Tsiobanellis och Mika Gustafson\" width=\"500\" height=\"337\" \/><\/a><br \/>\n<em> Filmare. Olivia Kastebring, Christina Tsiobanellis och Mika Gustafson har f\u00f6ljt Silvana Imam med sina kameror sedan 2014.<\/em><\/p>\n<p>&nbsp;<\/p>\n<p><strong><em>Silvana \u2013 V\u00e4ck mig n\u00e4r ni vaknat<\/em> skildrar i m\u00e5ngt och mycket hennes kompromissl\u00f6shet.<\/strong> Samtidigt har regiss\u00f6rerna innan visningen p\u00e5 Cnema ber\u00e4ttat f\u00f6r mig att de inte tycker kompromisser beh\u00f6ver vara d\u00e5liga. I alla fall inte om man \u00e4r tre kvinnor som jobbar ihop och \u00e4r \u201dsupern\u00e4rvarande\u201d.<\/p>\n<p>N\u00e4r jag ser dokument\u00e4rfilmen om Silvana Imam f\u00f6rst\u00e5r jag vad de menat. Det \u00e4r klart att de m\u00e5ste ha kompromissat i skapandet, men slutresultatet verkar bara ha st\u00e4rkts av det.<\/p>\n<p>\u2013 I projektet var vi bara tre t\u00f6ntar som filmade, s\u00e4ger Mika Gustafson, regiss\u00f6ren fr\u00e5n Link\u00f6ping, efter visningen p\u00e5 Cnema. Hon menar att anspr\u00e5ksl\u00f6sheten som produktionen fr\u00e5n b\u00f6rjan hade blev till deras f\u00f6rdel.<\/p>\n<p><strong>Silvanas liv p\u00e5g\u00e5r h\u00e4r och nu, t\u00e4nkte Mika Gustafson, Olivia Kastebring och Christina Tsiobanelis<\/strong> n\u00e4r de under v\u00e5ren 2014 best\u00e4mde sig f\u00f6r att b\u00f6rja filma utan produktionsst\u00f6d. De gjorde allt p\u00e5 egen hand, och fann till sist dokument\u00e4rfilmsbolaget Mantaray Film. D\u00e5 hade de redan vunnit Silvana Imams f\u00f6rtroende.<\/p>\n<p>\u2013 Hon litade verkligen p\u00e5 oss eftersom vi l\u00e4rde k\u00e4nna varandra. Det var en process, s\u00e4ger Olivia Kastebring, om att f\u00f6lja en person under n\u00e4stan tre \u00e5rs tid.<\/p>\n<p><strong>En scen som s\u00e4rskilt fastnar hos mig \u00e4r den d\u00e4r Silvana Imam pratar om k\u00e4nslorna f\u00f6r popartisten Beatrice Eli, som hon d\u00e5 just har tr\u00e4ffat.\u2028\u2028<\/strong><\/p>\n<p>\u2013 Jag lovar, jag \u00e4r olyckligt k\u00e4r i henne. Och jag sv\u00e4r, det finns en kamera h\u00e4r n\u00e5gonstans. Det finns ingen kamera?<\/p>\n<p>Kanske var detta bara en enstaka stunds smygfilmning, men den ger en s\u00e5dan n\u00e4rhet till artisten. Och framf\u00f6r allt m\u00e4nniskan Silvana Imam, med hela hennes k\u00e4nslospektrum. Hon \u00e4r inte bara tuff och h\u00e5rd.<\/p>\n<p>&nbsp;<\/p>\n<p><a title=\"Silvana publiksurfar\" href=\"https:\/\/www.flickr.com\/photos\/kultursidan\/36529862864\/in\/album-72157686442864240\/\"><img loading=\"lazy\" decoding=\"async\" src=\"https:\/\/farm5.staticflickr.com\/4495\/36529862864_b340c57d4f.jpg\" alt=\"Silvana publiksurfar\" width=\"500\" height=\"268\" \/><\/a><br \/>\n<em> Uppburen. N\u00e4r Silvana Imam publiksurfar blir k\u00e4rleken mellan artist och publik p\u00e5taglig.<\/em><\/p>\n<p>&nbsp;<\/p>\n<p><strong>Regiss\u00f6rerna har p\u00e5talat f\u00f6r mig att de valde klipparen Charlotte Landelius f\u00f6r hennes f\u00f6rm\u00e5ga att f\u00f6rvalta och f\u00f6rst\u00e4rka humor.<\/strong> Humorn blir ocks\u00e5 v\u00e4ldigt p\u00e5taglig f\u00f6r mig i dokument\u00e4ren, vilket ger en v\u00e4rme som balanserar de tunga \u00e4mnen som ocks\u00e5 tas upp.<\/p>\n<p>Silvana Imam st\u00e5r upp mot rasism och nazism.<\/p>\n<p>\u2013 Det \u00e4r den v\u00e4rsta f\u00f6rol\u00e4mpningen: \u201dG\u00e5 och kyss ditt fucking hakkors\u201d, det skulle i alla fall inte jag vilja h\u00f6ra, s\u00e4ger hon i dokument\u00e4ren om l\u00e5ten <em>Imam Cobain<\/em>.<\/p>\n<p><strong><em>Silvana \u2013 V\u00e4ck mig n\u00e4r ni vaknat <\/em>ger ber\u00e4ttelsen om artistens v\u00e4xande karri\u00e4r, parallellt med andra ber\u00e4ttelser.<\/strong> En k\u00e4rlekssaga och pappans resa fr\u00e5n att vara homofob till att stolt signera en Prideflagga. Att leva mellan olika kulturer och sj\u00e4lv vara med och skapa ett svenskt kulturarv.<\/p>\n<p><strong>Det \u00e4r en r\u00f6rande dokument\u00e4r med n\u00e4ra foto, poetisk text och skakig kamera.<\/strong> Bildspr\u00e5ket och det konstn\u00e4rliga greppet \u00e4r konsekvent och l\u00e4mnar betraktaren med m\u00e5nga tankar.<\/p>\n<p><em>\u00a9 Text: Melinda Reyes Hiltunen<\/em><br \/>\n<em> \u00a9 Foto: Melinda Reyes Hiltunen och ur filmen<\/em><\/p>\n<p>BILDSPEL (FLASH) \u2013 KLICKA P\u00c5 BILDEN<br \/>\n<em>\u2028ALT\/MOBIL: SE BILDSPELET <a title=\"Bildspel\" href=\"https:\/\/www.flickr.com\/photos\/kultursidan\/sets\/72157686442864240\/show\/\" target=\"_blank\" rel=\"noopener\">H\u00c4R<\/a><\/em><br \/>\n<object width=\"400\" height=\"300\"><param name=\"flashvars\" value=\"offsite=true&amp;lang=en-us&amp;page_show_url=%2Fphotos%2Fkultursidan%2Fsets%2F72157686442864240%2Fshow%2F&amp;page_show_back_url=%2Fphotos%2Fkultursidan%2Fsets%2F72157686442864240%2F&amp;set_id=72157686442864240&amp;jump_to=\" \/><param name=\"movie\" value=\"https:\/\/www.flickr.com\/apps\/slideshow\/show.swf?v=1811922554\" \/><param name=\"allowFullScreen\" value=\"true\" \/><\/object><\/p>\n<blockquote>\n<h3><em>CNEMA Norrk\u00f6ping<\/em><\/h3>\n<p>15 september\u20138 oktober 2017<br \/>\n<em><strong>Silvana \u2013 V\u00e4ck mig n\u00e4r ni vaknat<\/strong><\/em><br \/>\n<em>Dokument\u00e4rfilm<\/em><br \/>\n<em>Regi: Mika Gustafson, Olivia Kastebring och Christina Tsiobanelis<\/em><br \/>\n<em>Klippning: Charlotte Landenius (och regiss\u00f6rerna)<\/em><br \/>\n<em>Producenter: Stina Gardell och Anna Weitz<\/em><br \/>\n<em>Ljuddesign: Mira Falk, Brian Dyrby<\/em><br \/>\n<em>Dramaturg: Hanna Lejonqvist<\/em><br \/>\n<em>Komposit\u00f6r: Therese Helgesson<\/em><br \/>\n<em>Medverkande: Silvana Imam, Beatrice Eli m.fl.<\/em><br \/>\n<em>Speltid: 1 h och 31 min<\/em><\/p>\n<p style=\"padding-left: 30px;\"><em>Regiss\u00f6rsbes\u00f6k 20\u201321 september i Norrk\u00f6ping och Link\u00f6ping<\/em><br \/>\n<em>Arr: Cnema, Studiefr\u00e4mjandet, Link\u00f6pings Filmsalonger, Norrk\u00f6ping Roller Derby, Mantaray Film och TriArt Film<\/em><\/p>\n<p><em>Filmen visas \u00e4ven p\u00e5 SF Bio.<\/em><\/p><\/blockquote>\n<p>L\u00c4NKAR<br \/>\nSilvana Imam <a href=\"https:\/\/sv.wikipedia.org\/wiki\/Silvana_Imam\" target=\"_blank\" rel=\"noopener\">Wikipedia<\/a> <a href=\"https:\/\/www.facebook.com\/silvanaimam\/\" target=\"_blank\" rel=\"noopener\">Facebook<\/a> <a href=\"https:\/\/open.spotify.com\/artist\/14vNE9iqS5eGAL6OogiN8g\" target=\"_blank\" rel=\"noopener\">Spotify<\/a> <a href=\"http:\/\/www.silvana-filmen.se\/\" target=\"_blank\" rel=\"noopener\">filmen <\/a><br \/>\nMantaray Film <a href=\"http:\/\/www.mantarayfilm.se\/\" target=\"_blank\" rel=\"noopener\">hemsida<\/a><br \/>\nTriArt <a href=\"https:\/\/www.triart.se\/filmer\/silvana-vack-mig-nar-ni-vaknat\/\" target=\"_blank\" rel=\"noopener\">filmen<\/a><br \/>\nCnema <a href=\"http:\/\/cnema.se\" target=\"_blank\" rel=\"noopener\">hemsida <\/a><br \/>\nLink\u00f6pings Filmsalonger <a href=\"http:\/\/www.linkopingsfilmsalonger.se\/all-event-list\/silvana-biovisning-samtal\/\" target=\"_blank\" rel=\"noopener\">event <\/a><br \/>\n&#8221;Hon \u00e4r n\u00e5gon att se upp till&#8221; <a href=\"http:\/\/nt.se\/kultur-noje\/hon-ar-nagon-att-se-upp-till-om4821255.aspx\" target=\"_blank\" rel=\"noopener\">reportage<\/a> NT<\/p>\n<p>Romeo &amp; Juliet i Silvana Imams tid <a href=\"https:\/\/www.kultursidan.nu\/?p=31673\" target=\"_blank\" rel=\"noopener\">recension<\/a> Kultursidan.nu 11\/7 2017<br \/>\nJag vill ha lyckliga slut som en stor fest <a href=\"https:\/\/www.kultursidan.nu\/?p=24718\" target=\"_blank\" rel=\"noopener\">recension<\/a> Kultursidan.nu 12\/4 2016<br \/>\nSilvana Iman och Erik Lundin p\u00e5 Arbis <a href=\"https:\/\/www.kultursidan.nu\/?p=24644\" target=\"_blank\" rel=\"noopener\">recension<\/a> Kultursidan.nu 4\/4 2016<\/p>\n","protected":false},"excerpt":{"rendered":"<p>NORRK\u00d6PING Filmvisning med Silvanaregiss\u00f6rer. Link\u00f6pingsregiss\u00f6ren Mika Gustafson har tillsammans med Olivia Kastebring och Christina Tsiobanelis skapat ett m\u00e5ngbottnat portr\u00e4tt av den svenska hiphopartisten, antirasisten och feministen Silvana Imam. <a class=\"continue-reading-link\" href=\"https:\/\/www.kultursidan.nu\/?p=32540\">L\u00e4s mer <span class=\"meta-nav\">&rarr; <\/span><\/a><\/p>\n","protected":false},"author":1001006,"featured_media":0,"comment_status":"closed","ping_status":"open","sticky":false,"template":"","format":"standard","meta":{"_jetpack_memberships_contains_paid_content":false,"footnotes":""},"categories":[7],"tags":[38,13],"class_list":["post-32540","post","type-post","status-publish","format-standard","hentry","category-norrkoping","tag-film","tag-musik"],"jetpack_featured_media_url":"","jetpack_sharing_enabled":true,"_links":{"self":[{"href":"https:\/\/www.kultursidan.nu\/index.php?rest_route=\/wp\/v2\/posts\/32540","targetHints":{"allow":["GET"]}}],"collection":[{"href":"https:\/\/www.kultursidan.nu\/index.php?rest_route=\/wp\/v2\/posts"}],"about":[{"href":"https:\/\/www.kultursidan.nu\/index.php?rest_route=\/wp\/v2\/types\/post"}],"author":[{"embeddable":true,"href":"https:\/\/www.kultursidan.nu\/index.php?rest_route=\/wp\/v2\/users\/1001006"}],"replies":[{"embeddable":true,"href":"https:\/\/www.kultursidan.nu\/index.php?rest_route=%2Fwp%2Fv2%2Fcomments&post=32540"}],"version-history":[{"count":6,"href":"https:\/\/www.kultursidan.nu\/index.php?rest_route=\/wp\/v2\/posts\/32540\/revisions"}],"predecessor-version":[{"id":32548,"href":"https:\/\/www.kultursidan.nu\/index.php?rest_route=\/wp\/v2\/posts\/32540\/revisions\/32548"}],"wp:attachment":[{"href":"https:\/\/www.kultursidan.nu\/index.php?rest_route=%2Fwp%2Fv2%2Fmedia&parent=32540"}],"wp:term":[{"taxonomy":"category","embeddable":true,"href":"https:\/\/www.kultursidan.nu\/index.php?rest_route=%2Fwp%2Fv2%2Fcategories&post=32540"},{"taxonomy":"post_tag","embeddable":true,"href":"https:\/\/www.kultursidan.nu\/index.php?rest_route=%2Fwp%2Fv2%2Ftags&post=32540"}],"curies":[{"name":"wp","href":"https:\/\/api.w.org\/{rel}","templated":true}]}}